{"id":92181,"date":"2025-07-05T06:57:29","date_gmt":"2025-07-05T09:57:29","guid":{"rendered":"https:\/\/noticiasbahia360.com.br\/?p=92181"},"modified":"2025-07-05T06:57:29","modified_gmt":"2025-07-05T09:57:29","slug":"com-nova-sede-secretaria-de-politicas-para-mulheres-reforca-enfrentamento-a-violencia-em-feira-de-santana","status":"publish","type":"post","link":"https:\/\/noticiasbahia360.com.br\/?p=92181","title":{"rendered":"Com nova sede, Secretaria de Pol\u00edticas para Mulheres refor\u00e7a enfrentamento \u00e0 viol\u00eancia em Feira de Santana"},"content":{"rendered":"<div>\n<div>\n<figure><img decoding=\"async\" src=\"http:\/\/noticiasbahia360.com.br\/wp-content\/uploads\/2025\/07\/Secretaria-Municipal-de-Politica-para-Mulheres.webp\" alt=\"Secretaria Municipal de Pol\u00edtica para Mulheres\"><figcaption>Foto: Washington Nery<\/figcaption><\/figure>\n<\/div>\n<p>As a\u00e7\u00f5es afirmativas de aten\u00e7\u00e3o \u00e0s mulheres em situa\u00e7\u00e3o de risco e combate \u00e0 viol\u00eancia em Feira de Santana ganham refor\u00e7o com as novas instala\u00e7\u00f5es da <a href=\"https:\/\/www.acordacidade.com.br\/tag\/secretaria-da-mulher-2\/\">Secretaria Municipal de Pol\u00edticas para as Mulheres<\/a>. O equipamento, mantido pelo Governo Municipal, foi inaugurado pelo prefeito Jos\u00e9 Ronaldo no final da tarde de sexta-feira (4) e passa a funcionar na Rua Castro Alves, n\u00ba 894, Centro.<\/p>\n<p>Ao inaugurar as novas instala\u00e7\u00f5es, o prefeito Jos\u00e9 Ronaldo observou que o espa\u00e7o, mais amplo e aconchegante, visa melhor acolher as mulheres que necessitam de apoio e destacou que sua administra\u00e7\u00e3o est\u00e1 atenta \u00e0 situa\u00e7\u00e3o, desenvolvendo as a\u00e7\u00f5es necess\u00e1rias para combater a viol\u00eancia contra as mulheres, inclusive com o apoio de \u00f3rg\u00e3os de seguran\u00e7a p\u00fablica e tamb\u00e9m da OAB.<\/p>\n<figure class=\"wp-block-image size-large\"><img fetchpriority=\"high\" data-dominant-color=\"7b716e\" data-has-transparency=\"false\" style=\"--dominant-color: #7b716e;\" fetchpriority=\"high\" decoding=\"async\" width=\"1152\" height=\"768\" sizes=\"(max-width: 1152px) 100vw, 1152px\" src=\"http:\/\/noticiasbahia360.com.br\/wp-content\/uploads\/2025\/07\/Prefeito-Inauguracao-Sec-da-Mulher-Fotos-Washington-Nery-04-07-25-8-1152x768-1.webp\" alt=\"Secretaria Municipal de Pol\u00edtica para Mulheres\" class=\"wp-image-571668 not-transparent\" srcset=\"https:\/\/uploads.acordacidade.com.br\/2025\/07\/Prefeito-Inauguracao-Sec-da-Mulher-Fotos-Washington-Nery-04-07-25-8-548x365.webp 548w, http:\/\/noticiasbahia360.com.br\/wp-content\/uploads\/2025\/07\/Prefeito-Inauguracao-Sec-da-Mulher-Fotos-Washington-Nery-04-07-25-8-1152x768-1.webp 1152w, https:\/\/uploads.acordacidade.com.br\/2025\/07\/Prefeito-Inauguracao-Sec-da-Mulher-Fotos-Washington-Nery-04-07-25-8-830x553.webp 830w, https:\/\/uploads.acordacidade.com.br\/2025\/07\/Prefeito-Inauguracao-Sec-da-Mulher-Fotos-Washington-Nery-04-07-25-8-150x100.webp 150w, https:\/\/uploads.acordacidade.com.br\/2025\/07\/Prefeito-Inauguracao-Sec-da-Mulher-Fotos-Washington-Nery-04-07-25-8.webp 1200w\"><figcaption class=\"wp-element-caption\">Foto: Washington Nery<\/figcaption><\/figure>\n<p>O vice-prefeito e secret\u00e1rio de Educa\u00e7\u00e3o, Pablo Roberto, ressaltou a import\u00e2ncia da iniciativa, visando \u00e0 valoriza\u00e7\u00e3o das pol\u00edticas para as mulheres. Frisou que a secretaria tem a miss\u00e3o de acolher as mulheres v\u00edtimas. \u201c\u00c9 um trabalho que merece contar com o apoio de todos\u201d, pontuou.<\/p>\n<p>A secret\u00e1ria municipal de Pol\u00edticas para as Mulheres, Neinha Bastos, refor\u00e7ou o compromisso do Governo Municipal com a promo\u00e7\u00e3o de pol\u00edticas p\u00fablicas voltadas \u00e0 garantia de direitos e ao enfrentamento da viol\u00eancia contra as mulheres em Feira de Santana. Destacou ainda a import\u00e2ncia da parceria com outros \u00f3rg\u00e3os p\u00fablicos, desde as pol\u00edcias Militar e Civil at\u00e9 a Secretaria Estadual de Pol\u00edticas para as Mulheres e a OAB.<\/p>\n<figure class=\"wp-block-image size-large\"><img data-dominant-color=\"6f6462\" data-has-transparency=\"false\" style=\"--dominant-color: #6f6462;\" decoding=\"async\" width=\"1152\" height=\"768\" sizes=\"(max-width: 1152px) 100vw, 1152px\" src=\"http:\/\/noticiasbahia360.com.br\/wp-content\/uploads\/2025\/07\/Prefeito-Inauguracao-Sec-da-Mulher-Fotos-Washington-Nery-04-07-25-16-1152x768-1.webp\" alt=\"Secretaria Municipal de Pol\u00edtica para Mulheres\" class=\"wp-image-571667 not-transparent\" srcset=\"https:\/\/uploads.acordacidade.com.br\/2025\/07\/Prefeito-Inauguracao-Sec-da-Mulher-Fotos-Washington-Nery-04-07-25-16-548x365.webp 548w, http:\/\/noticiasbahia360.com.br\/wp-content\/uploads\/2025\/07\/Prefeito-Inauguracao-Sec-da-Mulher-Fotos-Washington-Nery-04-07-25-16-1152x768-1.webp 1152w, https:\/\/uploads.acordacidade.com.br\/2025\/07\/Prefeito-Inauguracao-Sec-da-Mulher-Fotos-Washington-Nery-04-07-25-16-830x553.webp 830w, https:\/\/uploads.acordacidade.com.br\/2025\/07\/Prefeito-Inauguracao-Sec-da-Mulher-Fotos-Washington-Nery-04-07-25-16-150x100.webp 150w, https:\/\/uploads.acordacidade.com.br\/2025\/07\/Prefeito-Inauguracao-Sec-da-Mulher-Fotos-Washington-Nery-04-07-25-16.webp 1200w\"><figcaption class=\"wp-element-caption\">Foto: Washington Nery<\/figcaption><\/figure>\n<p>A iniciativa do Governo Municipal de investir nas novas instala\u00e7\u00f5es da Secretaria Municipal de Pol\u00edticas para as Mulheres tamb\u00e9m foi destacada pela delegada Lorena Almeida, titular da Delegacia Especial de Atendimento \u00e0 Mulher. \u201cEste \u00e9 um importante equipamento pensado para receber as mulheres\u201d, afirmou.<\/p>\n<p>A representante da Secretaria Estadual de Pol\u00edticas para as Mulheres, Nea Bastos, tamb\u00e9m participou da inaugura\u00e7\u00e3o e aprovou o equipamento. <\/p>\n<figure class=\"wp-block-image size-large\"><img data-dominant-color=\"695960\" data-has-transparency=\"false\" style=\"--dominant-color: #695960;\" decoding=\"async\" width=\"1152\" height=\"768\" sizes=\"(max-width: 1152px) 100vw, 1152px\" src=\"http:\/\/noticiasbahia360.com.br\/wp-content\/uploads\/2025\/07\/Prefeito-Inauguracao-Sec-da-Mulher-Fotos-Washington-Nery-04-07-25-3-1152x768-1.webp\" alt=\"Secretaria Municipal de Pol\u00edtica para Mulheres\" class=\"wp-image-571669 not-transparent\" srcset=\"https:\/\/uploads.acordacidade.com.br\/2025\/07\/Prefeito-Inauguracao-Sec-da-Mulher-Fotos-Washington-Nery-04-07-25-3-548x365.webp 548w, http:\/\/noticiasbahia360.com.br\/wp-content\/uploads\/2025\/07\/Prefeito-Inauguracao-Sec-da-Mulher-Fotos-Washington-Nery-04-07-25-3-1152x768-1.webp 1152w, https:\/\/uploads.acordacidade.com.br\/2025\/07\/Prefeito-Inauguracao-Sec-da-Mulher-Fotos-Washington-Nery-04-07-25-3-830x553.webp 830w, https:\/\/uploads.acordacidade.com.br\/2025\/07\/Prefeito-Inauguracao-Sec-da-Mulher-Fotos-Washington-Nery-04-07-25-3-150x100.webp 150w, https:\/\/uploads.acordacidade.com.br\/2025\/07\/Prefeito-Inauguracao-Sec-da-Mulher-Fotos-Washington-Nery-04-07-25-3.webp 1200w\"><figcaption class=\"wp-element-caption\">Foto: Washington Nery<\/figcaption><\/figure>\n<p>Durante o evento, tamb\u00e9m estiveram presentes o deputado estadual Alan Sanches; os secret\u00e1rios municipais de Comunica\u00e7\u00e3o, Joilton Freitas; de Sa\u00fade, Rodrigo Matos; de Cultura, Cristiano Lobo; de Desenvolvimento Social, Gerusa Sampaio; de Planejamento, Carlos Brito; e de Meio Ambiente, Jaciara Costa; o superintendente da SMT, Ricardo Cunha; os vereadores Marcos Carvalhal, Jurandy Carvalho e Pedro Am\u00e9rico, al\u00e9m de representantes da OAB e das pol\u00edcias Civil e Militar.<\/p>\n<p><em>Com informa\u00e7\u00f5es da Secretaria Municipal de Comunica\u00e7\u00e3o Social (Secom)<\/em><\/p>\n<p><em>Siga o Acorda Cidade no<\/em><a href=\"https:\/\/news.google.com\/search?q=acorda%20cidade&amp;hl=pt-BR&amp;gl=BR&amp;ceid=BR%3Apt-419\"><strong><em>\u00a0Google Not\u00edcias<\/em><\/strong><\/a><em>\u00a0e receba os principais destaques do dia. Participe tamb\u00e9m dos nossos canais no\u00a0<\/em><a href=\"https:\/\/www.whatsapp.com\/channel\/0029Va6Rb4v3WHTNnsh8WI3N\"><strong><em>WhatsApp<\/em><\/strong><\/a><em>\u00a0e\u00a0<\/em><a href=\"https:\/\/www.youtube.com\/@acordacidadenoticias\/videos\"><strong>Youtube<\/strong><\/a><em>\u00a0e grupo de\u00a0<\/em><a href=\"https:\/\/t.me\/+sSz0khrgARA0ZmRh\"><strong><em>Telegram<\/em><\/strong><\/a><\/p>\n<\/div>\n","protected":false},"excerpt":{"rendered":"<div>\n<div>\n<figure><img decoding=\"async\" src=\"https:\/\/uploads.acordacidade.com.br\/2025\/07\/Secretaria-Municipal-de-Politica-para-Mulheres.webp\" alt=\"Secretaria Municipal de Pol\u00edtica para Mulheres\"><figcaption>Foto: Washington Nery<\/figcaption><\/figure>\n<\/div>\n<p>A secretaria foi inaugurada pelo prefeito Jos\u00e9 Ronaldo no final da tarde de sexta-feira (4) e passa a funcionar na Rua Castro Alves, n\u00ba 894, Centro.<\/p><\/div>\n","protected":false},"author":1,"featured_media":92182,"comment_status":"closed","ping_status":"closed","sticky":false,"template":"","format":"gallery","meta":{"footnotes":""},"categories":[8,9,6,57,56,10],"tags":[],"class_list":["post-92181","post","type-post","status-publish","format-gallery","has-post-thumbnail","hentry","category-bahia","category-brasil","category-feira-de-santana","category-mundo","category-policia","category-politica","post_format-post-format-gallery"],"featured_image_urls":{"full":["https:\/\/noticiasbahia360.com.br\/wp-content\/uploads\/2025\/07\/Secretaria-Municipal-de-Politica-para-Mulheres.webp",1200,710,false],"thumbnail":["https:\/\/noticiasbahia360.com.br\/wp-content\/uploads\/2025\/07\/Secretaria-Municipal-de-Politica-para-Mulheres-150x150.webp",150,150,true],"medium":["https:\/\/noticiasbahia360.com.br\/wp-content\/uploads\/2025\/07\/Secretaria-Municipal-de-Politica-para-Mulheres-300x178.webp",300,178,true],"medium_large":["https:\/\/noticiasbahia360.com.br\/wp-content\/uploads\/2025\/07\/Secretaria-Municipal-de-Politica-para-Mulheres-768x454.webp",640,378,true],"large":["https:\/\/noticiasbahia360.com.br\/wp-content\/uploads\/2025\/07\/Secretaria-Municipal-de-Politica-para-Mulheres-1024x606.webp",640,379,true],"1536x1536":["https:\/\/noticiasbahia360.com.br\/wp-content\/uploads\/2025\/07\/Secretaria-Municipal-de-Politica-para-Mulheres.webp",1200,710,false],"2048x2048":["https:\/\/noticiasbahia360.com.br\/wp-content\/uploads\/2025\/07\/Secretaria-Municipal-de-Politica-para-Mulheres.webp",1200,710,false],"chromenews-featured":["https:\/\/noticiasbahia360.com.br\/wp-content\/uploads\/2025\/07\/Secretaria-Municipal-de-Politica-para-Mulheres-1024x606.webp",1024,606,true],"chromenews-large":["https:\/\/noticiasbahia360.com.br\/wp-content\/uploads\/2025\/07\/Secretaria-Municipal-de-Politica-para-Mulheres-825x575.webp",825,575,true],"chromenews-medium":["https:\/\/noticiasbahia360.com.br\/wp-content\/uploads\/2025\/07\/Secretaria-Municipal-de-Politica-para-Mulheres-590x410.webp",590,410,true]},"author_info":{"display_name":"noticiasbahia360.com.br","author_link":"https:\/\/noticiasbahia360.com.br\/?author=1"},"category_info":"<a href=\"https:\/\/noticiasbahia360.com.br\/?cat=8\" rel=\"category\">Bahia<\/a> <a href=\"https:\/\/noticiasbahia360.com.br\/?cat=9\" rel=\"category\">Brasil<\/a> <a href=\"https:\/\/noticiasbahia360.com.br\/?cat=6\" rel=\"category\">Feira de Santana<\/a> <a href=\"https:\/\/noticiasbahia360.com.br\/?cat=57\" rel=\"category\">Mundo<\/a> <a href=\"https:\/\/noticiasbahia360.com.br\/?cat=56\" rel=\"category\">Pol\u00edcia<\/a> <a href=\"https:\/\/noticiasbahia360.com.br\/?cat=10\" rel=\"category\">Pol\u00edtica<\/a>","tag_info":"Pol\u00edtica","comment_count":"0","_links":{"self":[{"href":"https:\/\/noticiasbahia360.com.br\/index.php?rest_route=\/wp\/v2\/posts\/92181","targetHints":{"allow":["GET"]}}],"collection":[{"href":"https:\/\/noticiasbahia360.com.br\/index.php?rest_route=\/wp\/v2\/posts"}],"about":[{"href":"https:\/\/noticiasbahia360.com.br\/index.php?rest_route=\/wp\/v2\/types\/post"}],"author":[{"embeddable":true,"href":"https:\/\/noticiasbahia360.com.br\/index.php?rest_route=\/wp\/v2\/users\/1"}],"replies":[{"embeddable":true,"href":"https:\/\/noticiasbahia360.com.br\/index.php?rest_route=%2Fwp%2Fv2%2Fcomments&post=92181"}],"version-history":[{"count":0,"href":"https:\/\/noticiasbahia360.com.br\/index.php?rest_route=\/wp\/v2\/posts\/92181\/revisions"}],"wp:featuredmedia":[{"embeddable":true,"href":"https:\/\/noticiasbahia360.com.br\/index.php?rest_route=\/wp\/v2\/media\/92182"}],"wp:attachment":[{"href":"https:\/\/noticiasbahia360.com.br\/index.php?rest_route=%2Fwp%2Fv2%2Fmedia&parent=92181"}],"wp:term":[{"taxonomy":"category","embeddable":true,"href":"https:\/\/noticiasbahia360.com.br\/index.php?rest_route=%2Fwp%2Fv2%2Fcategories&post=92181"},{"taxonomy":"post_tag","embeddable":true,"href":"https:\/\/noticiasbahia360.com.br\/index.php?rest_route=%2Fwp%2Fv2%2Ftags&post=92181"}],"curies":[{"name":"wp","href":"https:\/\/api.w.org\/{rel}","templated":true}]}}