{"id":92190,"date":"2025-07-05T09:00:58","date_gmt":"2025-07-05T12:00:58","guid":{"rendered":"https:\/\/noticiasbahia360.com.br\/?p=92190"},"modified":"2025-07-05T09:00:58","modified_gmt":"2025-07-05T12:00:58","slug":"carro-utilizado-em-tentativa-de-roubo-e-apreendido-pela-pm-em-salvador","status":"publish","type":"post","link":"https:\/\/noticiasbahia360.com.br\/?p=92190","title":{"rendered":"Carro utilizado em tentativa de roubo \u00e9 apreendido pela PM em Salvador"},"content":{"rendered":"<div>\n<div>\n<figure><img decoding=\"async\" src=\"http:\/\/noticiasbahia360.com.br\/wp-content\/uploads\/2025\/07\/carro-usado-em-tentativa-de-roubo.webp\" alt=\"carro usado em tentativa de roubo\"><figcaption>Foto: Divulga\u00e7\u00e3o\/PM<\/figcaption><\/figure>\n<\/div>\n<p>Um carro, utilizado na <a href=\"https:\/\/www.acordacidade.com.br\/tag\/roubo\/\">tentativa de roubo<\/a> em um estabelecimento comercial situado na Avenida Ant\u00f4nio Carlos Magalh\u00e3es, foi recuperado, na noite de sexta-feira (4), por policiais militares do Batalh\u00e3o Apolo em Fazenda Grande do Retiro, em Salvador.<\/p>\n<p>A ocorr\u00eancia, registrada por volta das 15h30, mobilizou diversas unidades policiais ap\u00f3s relatos de disparos de arma de fogo dentro do centro comercial. Um casal foi atingido por disparo na ocasi\u00e3o e socorrido para unidades de sa\u00fade.<\/p>\n<p>Com base nas informa\u00e7\u00f5es repassadas e no trabalho de intelig\u00eancia, os policiais do Batalh\u00e3o Apolo localizaram o ve\u00edculo utilizado no crime por volta das 18h20, estacionado na Rua Jos\u00e9 Dantas de Oliveira, em Fazenda Grande do Retiro. Durante a verifica\u00e7\u00e3o, foi constatado que o ve\u00edculo estava com placa clonada.<\/p>\n<p>O autom\u00f3vel foi apresentado na DRFRV para a ado\u00e7\u00e3o das medidas cab\u00edveis.<\/p>\n<p><em>Siga o Acorda Cidade no<\/em><a href=\"https:\/\/news.google.com\/search?q=acorda%20cidade&amp;hl=pt-BR&amp;gl=BR&amp;ceid=BR%3Apt-419\"><strong><em>\u00a0Google Not\u00edcias<\/em><\/strong><\/a><em>\u00a0e receba os principais destaques do dia. Participe tamb\u00e9m dos nossos canais no\u00a0<\/em><a href=\"https:\/\/www.whatsapp.com\/channel\/0029Va6Rb4v3WHTNnsh8WI3N\"><strong><em>WhatsApp<\/em><\/strong><\/a><em>\u00a0e\u00a0<\/em><a href=\"https:\/\/www.youtube.com\/@acordacidadenoticias\/videos\"><strong>Youtube<\/strong><\/a><em>\u00a0e grupo de\u00a0<\/em><a href=\"https:\/\/t.me\/+sSz0khrgARA0ZmRh\"><strong><em>Telegram<\/em><\/strong><\/a><\/p>\n<\/div>\n","protected":false},"excerpt":{"rendered":"<div>\n<div>\n<figure><img decoding=\"async\" src=\"https:\/\/uploads.acordacidade.com.br\/2025\/07\/carro-usado-em-tentativa-de-roubo.webp\" alt=\"carro usado em tentativa de roubo\"><figcaption>Foto: Divulga\u00e7\u00e3o\/PM<\/figcaption><\/figure>\n<\/div>\n<p>Durante a verifica\u00e7\u00e3o, foi constatado que o carro estava com placa clonada. O v\u00e9iculo foi recuperado na noite de sexta (4).<\/p><\/div>\n","protected":false},"author":1,"featured_media":92191,"comment_status":"closed","ping_status":"closed","sticky":false,"template":"","format":"gallery","meta":{"footnotes":""},"categories":[8,9,6,57,56,10],"tags":[],"class_list":["post-92190","post","type-post","status-publish","format-gallery","has-post-thumbnail","hentry","category-bahia","category-brasil","category-feira-de-santana","category-mundo","category-policia","category-politica","post_format-post-format-gallery"],"featured_image_urls":{"full":["https:\/\/noticiasbahia360.com.br\/wp-content\/uploads\/2025\/07\/carro-usado-em-tentativa-de-roubo.webp",1200,806,false],"thumbnail":["https:\/\/noticiasbahia360.com.br\/wp-content\/uploads\/2025\/07\/carro-usado-em-tentativa-de-roubo-150x150.webp",150,150,true],"medium":["https:\/\/noticiasbahia360.com.br\/wp-content\/uploads\/2025\/07\/carro-usado-em-tentativa-de-roubo-300x202.webp",300,202,true],"medium_large":["https:\/\/noticiasbahia360.com.br\/wp-content\/uploads\/2025\/07\/carro-usado-em-tentativa-de-roubo-768x516.webp",640,430,true],"large":["https:\/\/noticiasbahia360.com.br\/wp-content\/uploads\/2025\/07\/carro-usado-em-tentativa-de-roubo-1024x688.webp",640,430,true],"1536x1536":["https:\/\/noticiasbahia360.com.br\/wp-content\/uploads\/2025\/07\/carro-usado-em-tentativa-de-roubo.webp",1200,806,false],"2048x2048":["https:\/\/noticiasbahia360.com.br\/wp-content\/uploads\/2025\/07\/carro-usado-em-tentativa-de-roubo.webp",1200,806,false],"chromenews-featured":["https:\/\/noticiasbahia360.com.br\/wp-content\/uploads\/2025\/07\/carro-usado-em-tentativa-de-roubo-1024x688.webp",1024,688,true],"chromenews-large":["https:\/\/noticiasbahia360.com.br\/wp-content\/uploads\/2025\/07\/carro-usado-em-tentativa-de-roubo-825x575.webp",825,575,true],"chromenews-medium":["https:\/\/noticiasbahia360.com.br\/wp-content\/uploads\/2025\/07\/carro-usado-em-tentativa-de-roubo-590x410.webp",590,410,true]},"author_info":{"display_name":"noticiasbahia360.com.br","author_link":"https:\/\/noticiasbahia360.com.br\/?author=1"},"category_info":"<a href=\"https:\/\/noticiasbahia360.com.br\/?cat=8\" rel=\"category\">Bahia<\/a> <a href=\"https:\/\/noticiasbahia360.com.br\/?cat=9\" rel=\"category\">Brasil<\/a> <a href=\"https:\/\/noticiasbahia360.com.br\/?cat=6\" rel=\"category\">Feira de Santana<\/a> <a href=\"https:\/\/noticiasbahia360.com.br\/?cat=57\" rel=\"category\">Mundo<\/a> <a href=\"https:\/\/noticiasbahia360.com.br\/?cat=56\" rel=\"category\">Pol\u00edcia<\/a> <a href=\"https:\/\/noticiasbahia360.com.br\/?cat=10\" rel=\"category\">Pol\u00edtica<\/a>","tag_info":"Pol\u00edtica","comment_count":"0","_links":{"self":[{"href":"https:\/\/noticiasbahia360.com.br\/index.php?rest_route=\/wp\/v2\/posts\/92190","targetHints":{"allow":["GET"]}}],"collection":[{"href":"https:\/\/noticiasbahia360.com.br\/index.php?rest_route=\/wp\/v2\/posts"}],"about":[{"href":"https:\/\/noticiasbahia360.com.br\/index.php?rest_route=\/wp\/v2\/types\/post"}],"author":[{"embeddable":true,"href":"https:\/\/noticiasbahia360.com.br\/index.php?rest_route=\/wp\/v2\/users\/1"}],"replies":[{"embeddable":true,"href":"https:\/\/noticiasbahia360.com.br\/index.php?rest_route=%2Fwp%2Fv2%2Fcomments&post=92190"}],"version-history":[{"count":0,"href":"https:\/\/noticiasbahia360.com.br\/index.php?rest_route=\/wp\/v2\/posts\/92190\/revisions"}],"wp:featuredmedia":[{"embeddable":true,"href":"https:\/\/noticiasbahia360.com.br\/index.php?rest_route=\/wp\/v2\/media\/92191"}],"wp:attachment":[{"href":"https:\/\/noticiasbahia360.com.br\/index.php?rest_route=%2Fwp%2Fv2%2Fmedia&parent=92190"}],"wp:term":[{"taxonomy":"category","embeddable":true,"href":"https:\/\/noticiasbahia360.com.br\/index.php?rest_route=%2Fwp%2Fv2%2Fcategories&post=92190"},{"taxonomy":"post_tag","embeddable":true,"href":"https:\/\/noticiasbahia360.com.br\/index.php?rest_route=%2Fwp%2Fv2%2Ftags&post=92190"}],"curies":[{"name":"wp","href":"https:\/\/api.w.org\/{rel}","templated":true}]}}