{"id":94774,"date":"2025-07-26T15:06:06","date_gmt":"2025-07-26T18:06:06","guid":{"rendered":"https:\/\/noticiasbahia360.com.br\/?p=94774"},"modified":"2025-07-26T15:06:06","modified_gmt":"2025-07-26T18:06:06","slug":"missa-de-senhora-santana-reune-devotos-em-celebracao-de-fe-e-historia-em-feira-de-santana","status":"publish","type":"post","link":"https:\/\/noticiasbahia360.com.br\/?p=94774","title":{"rendered":"Missa de Senhora Sant\u2019Ana re\u00fane devotos em celebra\u00e7\u00e3o de f\u00e9 e hist\u00f3ria em Feira de Santana"},"content":{"rendered":"<div>\n<div>\n<figure><img decoding=\"async\" src=\"http:\/\/noticiasbahia360.com.br\/wp-content\/uploads\/2025\/07\/Festa-de-Senhora-SantAna-reune-devotos-em-celebracao-de-fe-e-historia-em-Feira-de-Santana8-1.jpg\" alt=\"Festa de Senhora Sant\u2019Ana re\u00fane devotos em celebra\u00e7\u00e3o de f\u00e9 e hist\u00f3ria em Feira de Santana\"><figcaption>Foto: Ed Santos\/Acorda Cidade<\/figcaption><\/figure>\n<\/div>\n<p>Devotos participaram neste s\u00e1bado (26) da Missa Solene da padroeira de Feira de Santana, Nossa Senhora Sant\u2019Ana, realizada na Catedral Metropolitana de Sant\u2019Ana. O p\u00e1roco da catedral, Padre Paulo Tarso, destacou a import\u00e2ncia de Sant\u2019Ana e seu significado para a hist\u00f3ria de Feira de Santana e para os cat\u00f3licos.<\/p>\n<figure class=\"wp-block-image size-full\"><img fetchpriority=\"high\" fetchpriority=\"high\" decoding=\"async\" width=\"1200\" height=\"675\" src=\"http:\/\/noticiasbahia360.com.br\/wp-content\/uploads\/2025\/07\/Festa-de-Senhora-SantAna-reune-devotos-em-celebracao-de-fe-e-historia-em-Feira-de-Santana10-1.jpg\" alt=\"Festa de Senhora Sant\u2019Ana re\u00fane devotos em celebra\u00e7\u00e3o de f\u00e9 e hist\u00f3ria em Feira de Santana\" class=\"wp-image-577273\" srcset=\"https:\/\/uploads.acordacidade.com.br\/2025\/07\/Festa-de-Senhora-SantAna-reune-devotos-em-celebracao-de-fe-e-historia-em-Feira-de-Santana10-648x365.jpg 648w, https:\/\/uploads.acordacidade.com.br\/2025\/07\/Festa-de-Senhora-SantAna-reune-devotos-em-celebracao-de-fe-e-historia-em-Feira-de-Santana10-150x84.jpg 150w, http:\/\/noticiasbahia360.com.br\/wp-content\/uploads\/2025\/07\/Festa-de-Senhora-SantAna-reune-devotos-em-celebracao-de-fe-e-historia-em-Feira-de-Santana10-1.jpg 1200w\" sizes=\"(max-width: 1200px) 100vw, 1200px\"><figcaption class=\"wp-element-caption\">Foto: Ed Santos\/Acorda Cidade<\/figcaption><\/figure>\n<p>\u201cSant\u2019Ana est\u00e1 na origem de tudo, do povoamento de Feira. Ent\u00e3o, significa hist\u00f3ria, f\u00e9 e devo\u00e7\u00e3o. S\u00e3o quase 300 anos de hist\u00f3ria. Hoje, nessa celebra\u00e7\u00e3o, tivemos os padres, as par\u00f3quias, todas juntas. Estamos contentes e realizados com a festa, que foi muito bonita\u201d, afirmou.<\/p>\n<figure class=\"wp-block-image size-full\"><img decoding=\"async\" width=\"1200\" height=\"675\" src=\"http:\/\/noticiasbahia360.com.br\/wp-content\/uploads\/2025\/07\/Festa-de-Senhora-SantAna-reune-devotos-em-celebracao-de-fe-e-historia-em-Feira-de-Santana4-1.jpg\" alt=\"Padre Paulo Tarso\" class=\"wp-image-577279\" srcset=\"https:\/\/uploads.acordacidade.com.br\/2025\/07\/Festa-de-Senhora-SantAna-reune-devotos-em-celebracao-de-fe-e-historia-em-Feira-de-Santana4-648x365.jpg 648w, https:\/\/uploads.acordacidade.com.br\/2025\/07\/Festa-de-Senhora-SantAna-reune-devotos-em-celebracao-de-fe-e-historia-em-Feira-de-Santana4-150x84.jpg 150w, http:\/\/noticiasbahia360.com.br\/wp-content\/uploads\/2025\/07\/Festa-de-Senhora-SantAna-reune-devotos-em-celebracao-de-fe-e-historia-em-Feira-de-Santana4-1.jpg 1200w\" sizes=\"(max-width: 1200px) 100vw, 1200px\"><figcaption class=\"wp-element-caption\">Padre Paulo Tarso | Foto: Ed Santos\/Acorda Cidade<\/figcaption><\/figure>\n<p>O Padre Paulo Tarso tamb\u00e9m falou sobre o trabalho e a organiza\u00e7\u00e3o da Festa de Sant\u2019Ana, que ocorre ao longo de todo o ano e conta com o apoio de membros da igreja.<\/p>\n<p>\u201cEu, juntamente com nossa comiss\u00e3o, organizamos tudo ao longo do ano. Quando a festa estava se aproximando, criamos subcomiss\u00f5es e nos estruturamos, buscando ajuda e apoio da prefeitura, de \u00f3rg\u00e3os p\u00fablicos e da comunidade de f\u00e9. O povo feirense sempre abra\u00e7a a festa da nossa padroeira\u201d, declarou.<\/p>\n<figure class=\"wp-block-image size-full\"><img decoding=\"async\" width=\"1200\" height=\"675\" src=\"http:\/\/noticiasbahia360.com.br\/wp-content\/uploads\/2025\/07\/Festa-de-Senhora-SantAna-reune-devotos-em-celebracao-de-fe-e-historia-em-Feira-de-Santana6-1.jpg\" alt=\"Festa de Senhora Sant\u2019Ana re\u00fane devotos em celebra\u00e7\u00e3o de f\u00e9 e hist\u00f3ria em Feira de Santana\" class=\"wp-image-577277\" srcset=\"https:\/\/uploads.acordacidade.com.br\/2025\/07\/Festa-de-Senhora-SantAna-reune-devotos-em-celebracao-de-fe-e-historia-em-Feira-de-Santana6-648x365.jpg 648w, https:\/\/uploads.acordacidade.com.br\/2025\/07\/Festa-de-Senhora-SantAna-reune-devotos-em-celebracao-de-fe-e-historia-em-Feira-de-Santana6-150x84.jpg 150w, http:\/\/noticiasbahia360.com.br\/wp-content\/uploads\/2025\/07\/Festa-de-Senhora-SantAna-reune-devotos-em-celebracao-de-fe-e-historia-em-Feira-de-Santana6-1.jpg 1200w\" sizes=\"(max-width: 1200px) 100vw, 1200px\"><figcaption class=\"wp-element-caption\">Foto: Ed Santos\/Acorda Cidade<\/figcaption><\/figure>\n<p>Ele ainda destacou a participa\u00e7\u00e3o dos jovens, que considera um diferencial para a igreja. \u201cN\u00e3o temos reclama\u00e7\u00f5es sobre a aus\u00eancia dos jovens em nossa comunidade. Nas quermesses, ap\u00f3s as celebra\u00e7\u00f5es, a juventude animava com dinamismo e alegria. Est\u00e3o de parab\u00e9ns.\u201d<\/p>\n<p>O Frei Cal, presente na celebra\u00e7\u00e3o, afirmou que esse \u00e9 um momento de devo\u00e7\u00e3o e alegria. \u201c\u00c9 uma alegria grande participar dessa festa. Senhora Sant\u2019Ana \u00e9 a padroeira da cidade e, como filho de Feira de Santana, devoto de Senhora Sant\u2019Ana, n\u00e3o posso me ausentar em um momento como este. O pedido que n\u00e3o podemos deixar de fazer \u00e9 pela paz, n\u00e3o s\u00f3 para Feira, mas para o mundo. Devemos cultivar a paz dentro de n\u00f3s e espalh\u00e1-la no mundo inteiro\u201d, afirmou.<\/p>\n<figure class=\"wp-block-image size-full\"><img decoding=\"async\" width=\"1200\" height=\"675\" src=\"http:\/\/noticiasbahia360.com.br\/wp-content\/uploads\/2025\/07\/Festa-de-Senhora-SantAna-reune-devotos-em-celebracao-de-fe-e-historia-em-Feira-de-Santana2-1.jpg\" alt=\"Frei Cal\" class=\"wp-image-577281\" srcset=\"https:\/\/uploads.acordacidade.com.br\/2025\/07\/Festa-de-Senhora-SantAna-reune-devotos-em-celebracao-de-fe-e-historia-em-Feira-de-Santana2-648x365.jpg 648w, https:\/\/uploads.acordacidade.com.br\/2025\/07\/Festa-de-Senhora-SantAna-reune-devotos-em-celebracao-de-fe-e-historia-em-Feira-de-Santana2-150x84.jpg 150w, http:\/\/noticiasbahia360.com.br\/wp-content\/uploads\/2025\/07\/Festa-de-Senhora-SantAna-reune-devotos-em-celebracao-de-fe-e-historia-em-Feira-de-Santana2-1.jpg 1200w\" sizes=\"(max-width: 1200px) 100vw, 1200px\"><figcaption class=\"wp-element-caption\">Frei Cal | Foto: Ed Santos\/Acorda Cidade<\/figcaption><\/figure>\n<p>O Frei Jorge tamb\u00e9m falou sobre o significado da festa de Sant\u2019Ana, que para ele simboliza a renova\u00e7\u00e3o da f\u00e9 e a valoriza\u00e7\u00e3o da hist\u00f3ria.<\/p>\n<figure class=\"wp-block-image size-full\"><img loading=\"lazy\" decoding=\"async\" width=\"1200\" height=\"675\" src=\"http:\/\/noticiasbahia360.com.br\/wp-content\/uploads\/2025\/07\/Festa-de-Senhora-SantAna-reune-devotos-em-celebracao-de-fe-e-historia-em-Feira-de-Santana3-1.jpg\" alt=\"Frei Jorge\" class=\"wp-image-577280\" srcset=\"https:\/\/uploads.acordacidade.com.br\/2025\/07\/Festa-de-Senhora-SantAna-reune-devotos-em-celebracao-de-fe-e-historia-em-Feira-de-Santana3-648x365.jpg 648w, https:\/\/uploads.acordacidade.com.br\/2025\/07\/Festa-de-Senhora-SantAna-reune-devotos-em-celebracao-de-fe-e-historia-em-Feira-de-Santana3-150x84.jpg 150w, http:\/\/noticiasbahia360.com.br\/wp-content\/uploads\/2025\/07\/Festa-de-Senhora-SantAna-reune-devotos-em-celebracao-de-fe-e-historia-em-Feira-de-Santana3-1.jpg 1200w\" sizes=\"(max-width: 1200px) 100vw, 1200px\"><figcaption class=\"wp-element-caption\">Frei Jorge | Foto: Ed Santos\/Acorda Cidade<\/figcaption><\/figure>\n<p>\u201cSomos fruto de uma hist\u00f3ria. A nossa f\u00e9 nasce de Jesus, mas foi trazida historicamente por Ana Brand\u00e3o e Domingos Jos\u00e9 de Ara\u00fajo, que ajudaram a florescer nas terras feirenses a nossa devo\u00e7\u00e3o. Atualizar a f\u00e9 \u00e9 necess\u00e1rio devido aos desafios da atualidade. Quais s\u00e3o os desafios que hoje temos para enfrentar? Temos as m\u00eddias digitais, viver o matrim\u00f4nio com fidelidade, a intelig\u00eancia artificial. Precisamos renovar a nossa f\u00e9 constantemente, pois a cada \u00e9poca surgem novos desafios\u201d, explicou.<\/p>\n<figure class=\"wp-block-image size-full\"><img loading=\"lazy\" decoding=\"async\" width=\"1200\" height=\"675\" src=\"http:\/\/noticiasbahia360.com.br\/wp-content\/uploads\/2025\/07\/Festa-de-Senhora-SantAna-reune-devotos-em-celebracao-de-fe-e-historia-em-Feira-de-Santana-1.jpg\" alt=\"Festa de Senhora Sant\u2019Ana re\u00fane devotos em celebra\u00e7\u00e3o de f\u00e9 e hist\u00f3ria em Feira de Santana\" class=\"wp-image-577283\" srcset=\"https:\/\/uploads.acordacidade.com.br\/2025\/07\/Festa-de-Senhora-SantAna-reune-devotos-em-celebracao-de-fe-e-historia-em-Feira-de-Santana-648x365.jpg 648w, https:\/\/uploads.acordacidade.com.br\/2025\/07\/Festa-de-Senhora-SantAna-reune-devotos-em-celebracao-de-fe-e-historia-em-Feira-de-Santana-150x84.jpg 150w, http:\/\/noticiasbahia360.com.br\/wp-content\/uploads\/2025\/07\/Festa-de-Senhora-SantAna-reune-devotos-em-celebracao-de-fe-e-historia-em-Feira-de-Santana-1.jpg 1200w\" sizes=\"(max-width: 1200px) 100vw, 1200px\"><figcaption class=\"wp-element-caption\">Foto: Ed Santos\/Acorda Cidade<\/figcaption><\/figure>\n<p>V\u00e1rios pol\u00edticos estiveram presentes na missa, a exemplo do prefeito Jos\u00e9 Ronaldo de Carvalho, que revelou ao Acorda Cidade ter pedido b\u00ean\u00e7\u00e3os a Senhora Sant\u2019Ana para enfrentar os desafios di\u00e1rios. Ele tamb\u00e9m lembrou do Dia dos Av\u00f3s, comemorado neste s\u00e1bado.<\/p>\n<figure class=\"wp-block-image size-full\"><img loading=\"lazy\" decoding=\"async\" width=\"1200\" height=\"675\" src=\"http:\/\/noticiasbahia360.com.br\/wp-content\/uploads\/2025\/07\/Festa-de-Senhora-SantAna-reune-devotos-em-celebracao-de-fe-e-historia-em-Feira-de-Santana5-1.jpg\" alt=\"Prefeito Jos\u00e9 Ronaldo\" class=\"wp-image-577278\" srcset=\"https:\/\/uploads.acordacidade.com.br\/2025\/07\/Festa-de-Senhora-SantAna-reune-devotos-em-celebracao-de-fe-e-historia-em-Feira-de-Santana5-648x365.jpg 648w, https:\/\/uploads.acordacidade.com.br\/2025\/07\/Festa-de-Senhora-SantAna-reune-devotos-em-celebracao-de-fe-e-historia-em-Feira-de-Santana5-150x84.jpg 150w, http:\/\/noticiasbahia360.com.br\/wp-content\/uploads\/2025\/07\/Festa-de-Senhora-SantAna-reune-devotos-em-celebracao-de-fe-e-historia-em-Feira-de-Santana5-1.jpg 1200w\" sizes=\"(max-width: 1200px) 100vw, 1200px\"><figcaption class=\"wp-element-caption\">Prefeito Jos\u00e9 Ronaldo | Foto: Ed Santos\/Acorda Cidade<\/figcaption><\/figure>\n<p>\u201cA gente pede f\u00e9, esperan\u00e7a e sa\u00fade para todos. Que Senhora Sant\u2019Ana nos cubra de b\u00ean\u00e7\u00e3os e interceda ao nosso Senhor Jesus Cristo para que essa cidade cres\u00e7a e evolua. Tamb\u00e9m desejo que, neste dia dedicado aos av\u00f3s, possamos aproveitar o tempo ao lado dos netos\u201d, afirmou.<\/p>\n<figure class=\"wp-block-image size-full\"><img loading=\"lazy\" decoding=\"async\" width=\"1200\" height=\"675\" src=\"http:\/\/noticiasbahia360.com.br\/wp-content\/uploads\/2025\/07\/Festa-de-Senhora-SantAna-reune-devotos-em-celebracao-de-fe-e-historia-em-Feira-de-Santana1-1.jpg\" alt=\"Festa de Senhora Sant\u2019Ana re\u00fane devotos em celebra\u00e7\u00e3o de f\u00e9 e hist\u00f3ria em Feira de Santana\" class=\"wp-image-577282\" srcset=\"https:\/\/uploads.acordacidade.com.br\/2025\/07\/Festa-de-Senhora-SantAna-reune-devotos-em-celebracao-de-fe-e-historia-em-Feira-de-Santana1-648x365.jpg 648w, https:\/\/uploads.acordacidade.com.br\/2025\/07\/Festa-de-Senhora-SantAna-reune-devotos-em-celebracao-de-fe-e-historia-em-Feira-de-Santana1-150x84.jpg 150w, http:\/\/noticiasbahia360.com.br\/wp-content\/uploads\/2025\/07\/Festa-de-Senhora-SantAna-reune-devotos-em-celebracao-de-fe-e-historia-em-Feira-de-Santana1-1.jpg 1200w\" sizes=\"(max-width: 1200px) 100vw, 1200px\"><figcaption class=\"wp-element-caption\">Foto: Ed Santos\/Acorda Cidade<\/figcaption><\/figure>\n<figure class=\"wp-block-image size-full\"><img loading=\"lazy\" decoding=\"async\" width=\"1200\" height=\"675\" src=\"http:\/\/noticiasbahia360.com.br\/wp-content\/uploads\/2025\/07\/Festa-de-Senhora-SantAna-reune-devotos-em-celebracao-de-fe-e-historia-em-Feira-de-Santana9-1.jpg\" alt=\"Festa de Senhora Sant\u2019Ana re\u00fane devotos em celebra\u00e7\u00e3o de f\u00e9 e hist\u00f3ria em Feira de Santana\" class=\"wp-image-577274\" srcset=\"https:\/\/uploads.acordacidade.com.br\/2025\/07\/Festa-de-Senhora-SantAna-reune-devotos-em-celebracao-de-fe-e-historia-em-Feira-de-Santana9-648x365.jpg 648w, https:\/\/uploads.acordacidade.com.br\/2025\/07\/Festa-de-Senhora-SantAna-reune-devotos-em-celebracao-de-fe-e-historia-em-Feira-de-Santana9-150x84.jpg 150w, http:\/\/noticiasbahia360.com.br\/wp-content\/uploads\/2025\/07\/Festa-de-Senhora-SantAna-reune-devotos-em-celebracao-de-fe-e-historia-em-Feira-de-Santana9-1.jpg 1200w\" sizes=\"(max-width: 1200px) 100vw, 1200px\"><figcaption class=\"wp-element-caption\">Foto: Ed Santos\/Acorda Cidade<\/figcaption><\/figure>\n<figure class=\"wp-block-image size-full\"><img loading=\"lazy\" decoding=\"async\" width=\"1200\" height=\"675\" src=\"http:\/\/noticiasbahia360.com.br\/wp-content\/uploads\/2025\/07\/Festa-de-Senhora-SantAna-reune-devotos-em-celebracao-de-fe-e-historia-em-Feira-de-Santana7-1.jpg\" alt=\"Festa de Senhora Sant\u2019Ana re\u00fane devotos em celebra\u00e7\u00e3o de f\u00e9 e hist\u00f3ria em Feira de Santana\" class=\"wp-image-577276\" srcset=\"https:\/\/uploads.acordacidade.com.br\/2025\/07\/Festa-de-Senhora-SantAna-reune-devotos-em-celebracao-de-fe-e-historia-em-Feira-de-Santana7-648x365.jpg 648w, https:\/\/uploads.acordacidade.com.br\/2025\/07\/Festa-de-Senhora-SantAna-reune-devotos-em-celebracao-de-fe-e-historia-em-Feira-de-Santana7-150x84.jpg 150w, http:\/\/noticiasbahia360.com.br\/wp-content\/uploads\/2025\/07\/Festa-de-Senhora-SantAna-reune-devotos-em-celebracao-de-fe-e-historia-em-Feira-de-Santana7-1.jpg 1200w\" sizes=\"(max-width: 1200px) 100vw, 1200px\"><figcaption class=\"wp-element-caption\">Foto: Ed Santos\/Acorda Cidade<\/figcaption><\/figure>\n<p><em>Com informa\u00e7\u00f5es do rep\u00f3rter Ed Santos do Acorda Cidade<\/em><\/p>\n<p><em>Siga o Acorda Cidade no<\/em><a href=\"https:\/\/news.google.com\/search?q=acorda%20cidade&amp;hl=pt-BR&amp;gl=BR&amp;ceid=BR%3Apt-419\"><strong><em>\u00a0Google Not\u00edcias<\/em><\/strong><\/a><em>\u00a0e receba os principais destaques do dia. Participe tamb\u00e9m dos nossos canais no\u00a0<\/em><a href=\"https:\/\/whatsapp.com\/channel\/0029Va6Rb4v3WHTNnsh8WI3N\"><strong><em>WhatsApp<\/em><\/strong><\/a><em>\u00a0e\u00a0<\/em><a href=\"https:\/\/www.youtube.com\/@acordacidadenoticias\/videos\"><strong>Youtube<\/strong><\/a><em>\u00a0e grupo de\u00a0<\/em><a href=\"https:\/\/t.me\/+sSz0khrgARA0ZmRh\"><strong><em>Telegram<\/em><\/strong><\/a><em>.<\/em><a href=\"https:\/\/www.acordacidade.com.br\/colunas\/dilton-e-feito\/\"><\/a><\/p>\n<\/div>\n","protected":false},"excerpt":{"rendered":"<div>\n<div>\n<figure><img decoding=\"async\" src=\"https:\/\/uploads.acordacidade.com.br\/2025\/07\/Festa-de-Senhora-SantAna-reune-devotos-em-celebracao-de-fe-e-historia-em-Feira-de-Santana8.jpg\" alt=\"Festa de Senhora Sant\u2019Ana re\u00fane devotos em celebra\u00e7\u00e3o de f\u00e9 e hist\u00f3ria em Feira de Santana\"><figcaption>Foto: Ed Santos\/Acorda Cidade<\/figcaption><\/figure>\n<\/div>\n<p>Pol\u00edticos estiveram presentes, a exemplo do prefeito, que revelou ter pedido b\u00ean\u00e7\u00e3os a Senhora Sant\u2019Ana para enfrentar os desafios di\u00e1rios<\/p><\/div>\n","protected":false},"author":1,"featured_media":94775,"comment_status":"closed","ping_status":"closed","sticky":false,"template":"","format":"gallery","meta":{"footnotes":""},"categories":[8,9,6,57,56,10],"tags":[],"class_list":["post-94774","post","type-post","status-publish","format-gallery","has-post-thumbnail","hentry","category-bahia","category-brasil","category-feira-de-santana","category-mundo","category-policia","category-politica","post_format-post-format-gallery"],"featured_image_urls":{"full":["https:\/\/noticiasbahia360.com.br\/wp-content\/uploads\/2025\/07\/Festa-de-Senhora-SantAna-reune-devotos-em-celebracao-de-fe-e-historia-em-Feira-de-Santana8-1.jpg",1200,675,false],"thumbnail":["https:\/\/noticiasbahia360.com.br\/wp-content\/uploads\/2025\/07\/Festa-de-Senhora-SantAna-reune-devotos-em-celebracao-de-fe-e-historia-em-Feira-de-Santana8-1-150x150.jpg",150,150,true],"medium":["https:\/\/noticiasbahia360.com.br\/wp-content\/uploads\/2025\/07\/Festa-de-Senhora-SantAna-reune-devotos-em-celebracao-de-fe-e-historia-em-Feira-de-Santana8-1-300x169.jpg",300,169,true],"medium_large":["https:\/\/noticiasbahia360.com.br\/wp-content\/uploads\/2025\/07\/Festa-de-Senhora-SantAna-reune-devotos-em-celebracao-de-fe-e-historia-em-Feira-de-Santana8-1-768x432.jpg",640,360,true],"large":["https:\/\/noticiasbahia360.com.br\/wp-content\/uploads\/2025\/07\/Festa-de-Senhora-SantAna-reune-devotos-em-celebracao-de-fe-e-historia-em-Feira-de-Santana8-1-1024x576.jpg",640,360,true],"1536x1536":["https:\/\/noticiasbahia360.com.br\/wp-content\/uploads\/2025\/07\/Festa-de-Senhora-SantAna-reune-devotos-em-celebracao-de-fe-e-historia-em-Feira-de-Santana8-1.jpg",1200,675,false],"2048x2048":["https:\/\/noticiasbahia360.com.br\/wp-content\/uploads\/2025\/07\/Festa-de-Senhora-SantAna-reune-devotos-em-celebracao-de-fe-e-historia-em-Feira-de-Santana8-1.jpg",1200,675,false],"chromenews-featured":["https:\/\/noticiasbahia360.com.br\/wp-content\/uploads\/2025\/07\/Festa-de-Senhora-SantAna-reune-devotos-em-celebracao-de-fe-e-historia-em-Feira-de-Santana8-1-1024x576.jpg",1024,576,true],"chromenews-large":["https:\/\/noticiasbahia360.com.br\/wp-content\/uploads\/2025\/07\/Festa-de-Senhora-SantAna-reune-devotos-em-celebracao-de-fe-e-historia-em-Feira-de-Santana8-1-825x575.jpg",825,575,true],"chromenews-medium":["https:\/\/noticiasbahia360.com.br\/wp-content\/uploads\/2025\/07\/Festa-de-Senhora-SantAna-reune-devotos-em-celebracao-de-fe-e-historia-em-Feira-de-Santana8-1-590x410.jpg",590,410,true]},"author_info":{"display_name":"noticiasbahia360.com.br","author_link":"https:\/\/noticiasbahia360.com.br\/?author=1"},"category_info":"<a href=\"https:\/\/noticiasbahia360.com.br\/?cat=8\" rel=\"category\">Bahia<\/a> <a href=\"https:\/\/noticiasbahia360.com.br\/?cat=9\" rel=\"category\">Brasil<\/a> <a href=\"https:\/\/noticiasbahia360.com.br\/?cat=6\" rel=\"category\">Feira de Santana<\/a> <a href=\"https:\/\/noticiasbahia360.com.br\/?cat=57\" rel=\"category\">Mundo<\/a> <a href=\"https:\/\/noticiasbahia360.com.br\/?cat=56\" rel=\"category\">Pol\u00edcia<\/a> <a href=\"https:\/\/noticiasbahia360.com.br\/?cat=10\" rel=\"category\">Pol\u00edtica<\/a>","tag_info":"Pol\u00edtica","comment_count":"0","_links":{"self":[{"href":"https:\/\/noticiasbahia360.com.br\/index.php?rest_route=\/wp\/v2\/posts\/94774","targetHints":{"allow":["GET"]}}],"collection":[{"href":"https:\/\/noticiasbahia360.com.br\/index.php?rest_route=\/wp\/v2\/posts"}],"about":[{"href":"https:\/\/noticiasbahia360.com.br\/index.php?rest_route=\/wp\/v2\/types\/post"}],"author":[{"embeddable":true,"href":"https:\/\/noticiasbahia360.com.br\/index.php?rest_route=\/wp\/v2\/users\/1"}],"replies":[{"embeddable":true,"href":"https:\/\/noticiasbahia360.com.br\/index.php?rest_route=%2Fwp%2Fv2%2Fcomments&post=94774"}],"version-history":[{"count":0,"href":"https:\/\/noticiasbahia360.com.br\/index.php?rest_route=\/wp\/v2\/posts\/94774\/revisions"}],"wp:featuredmedia":[{"embeddable":true,"href":"https:\/\/noticiasbahia360.com.br\/index.php?rest_route=\/wp\/v2\/media\/94775"}],"wp:attachment":[{"href":"https:\/\/noticiasbahia360.com.br\/index.php?rest_route=%2Fwp%2Fv2%2Fmedia&parent=94774"}],"wp:term":[{"taxonomy":"category","embeddable":true,"href":"https:\/\/noticiasbahia360.com.br\/index.php?rest_route=%2Fwp%2Fv2%2Fcategories&post=94774"},{"taxonomy":"post_tag","embeddable":true,"href":"https:\/\/noticiasbahia360.com.br\/index.php?rest_route=%2Fwp%2Fv2%2Ftags&post=94774"}],"curies":[{"name":"wp","href":"https:\/\/api.w.org\/{rel}","templated":true}]}}