{"id":94786,"date":"2025-07-26T16:35:47","date_gmt":"2025-07-26T19:35:47","guid":{"rendered":"https:\/\/noticiasbahia360.com.br\/?p=94786"},"modified":"2025-07-26T16:35:47","modified_gmt":"2025-07-26T19:35:47","slug":"morre-oftalmologista-rui-pascoal-ramos-aos-84-anos","status":"publish","type":"post","link":"https:\/\/noticiasbahia360.com.br\/?p=94786","title":{"rendered":"Morre oftalmologista Rui Pascoal Ramos, aos 84 anos"},"content":{"rendered":"<div>\n<div>\n<figure><img decoding=\"async\" src=\"http:\/\/noticiasbahia360.com.br\/wp-content\/uploads\/2025\/07\/oftalmologista-Rui-Pascoal-Ramos.jpg\" alt=\"oftalmologista Rui Pascoal Ramos\"><figcaption>Foto: Reprodu\u00e7\u00e3o<\/figcaption><\/figure>\n<\/div>\n<p>Morreu s\u00e1bado (26), na cidade de Valente, o oftalmologista Dr. Rui Pascoal Ramos, aos 84 anos. Reconhecido como o m\u00e9dico oftalmologista mais antigo em atividade na regi\u00e3o, Dr. Rui dedicou grande parte de sua vida \u00e0 sa\u00fade ocular da popula\u00e7\u00e3o local e de cidades vizinhas, como Feira de Santana, sendo considerado uma refer\u00eancia na \u00e1rea.<\/p>\n<p>De acordo com o site Calila Not\u00edcias, parceiro do Acorda Cidade, Dr. Rui faleceu de forma repentina enquanto atendia pacientes em seu consult\u00f3rio, o Instituto Oftalmol\u00f3gico Rui Pascoal (IORP), localizado em frente ao Hospital Municipal Jos\u00e9 Mota Ara\u00fajo, em Valente.<\/p>\n<p>Segundo testemunhas, o m\u00e9dico come\u00e7ou a passar mal pela manh\u00e3, durante o atendimento. Ele foi socorrido imediatamente por uma colega, que estava no local e prestou os primeiros socorros. Apesar de ser levado com urg\u00eancia ao hospital, Dr. Rui n\u00e3o resistiu. A suspeita inicial \u00e9 de que a causa da morte tenha sido um infarto fulminante, mas exames dever\u00e3o confirmar.<\/p>\n<p>Mesmo aos 84 anos, Dr. Rui mantinha uma rotina ativa de trabalho. Ele atendia pacientes em Feira de Santana \u00e0s segundas, ter\u00e7as e quartas-feiras, e no consult\u00f3rio em Valente \u00e0s quintas, sextas e s\u00e1bados. Ainda segundo informa\u00e7\u00f5es do Calila Not\u00edcias, recentemente, havia relatado dores no peito e procurado um cardiologista. Exames realizados na \u00faltima sexta-feira n\u00e3o apontaram nenhuma anormalidade, e novos exames estavam marcados para a pr\u00f3xima ter\u00e7a-feira, em Feira de Santana.<\/p>\n<h2 class=\"wp-block-heading\" id=\"h-carreira-marcada-pela-dedicacao-a-saude-publica\">Carreira marcada pela dedica\u00e7\u00e3o \u00e0 sa\u00fade p\u00fablica<\/h2>\n<p>Nascido em Valente, Dr. Rui Pascoal Ramos iniciou sua forma\u00e7\u00e3o em oftalmologia no in\u00edcio da d\u00e9cada de 1970, tornando-se um dos profissionais mais respeitados na regi\u00e3o. Ligado profundamente \u00e0s suas ra\u00edzes, ele nunca deixou de atender na cidade natal, mesmo depois de consolidar sua carreira.<\/p>\n<p>O m\u00e9dico era sobrinho do ex-prefeito Jo\u00e3o Jos\u00e9 de Oliveira, que recentemente completou 100 anos. Sua trajet\u00f3ria de vida sempre foi marcada pela proximidade com a popula\u00e7\u00e3o local, conquistando o respeito e a admira\u00e7\u00e3o de diversas gera\u00e7\u00f5es de pacientes devido \u00e0 sua simplicidade, dedica\u00e7\u00e3o e compromisso com a sa\u00fade ocular.<\/p>\n<p>Dr. Rui deixa tr\u00eas filhos: Ana Paula Ramos, Elzira Ramos e Rui Pascoal Ramos J\u00fanior. <strong>O corpo ser\u00e1 velado na Fazenda Pai Nen\u00e9m, localizada na sa\u00edda de Valente para S\u00e3o Domingos. O sepultamento est\u00e1 previsto para as 10h deste domingo (27).<\/strong><\/p>\n<p><em>Siga o Acorda Cidade no<\/em><a href=\"https:\/\/news.google.com\/search?q=acorda%20cidade&amp;hl=pt-BR&amp;gl=BR&amp;ceid=BR%3Apt-419\"><strong><em>\u00a0Google Not\u00edcias<\/em><\/strong><\/a><em>\u00a0e receba os principais destaques do dia. Participe tamb\u00e9m dos nossos canais no\u00a0<\/em><a href=\"https:\/\/www.whatsapp.com\/channel\/0029Va6Rb4v3WHTNnsh8WI3N\"><strong><em>WhatsApp<\/em><\/strong><\/a><em>\u00a0e\u00a0<\/em><a href=\"https:\/\/www.youtube.com\/@acordacidadenoticias\/videos\"><strong>Youtube<\/strong><\/a><em>\u00a0e grupo de\u00a0<\/em><a href=\"https:\/\/t.me\/+sSz0khrgARA0ZmRh\"><strong><em>Telegram<\/em><\/strong><\/a><\/p>\n<\/div>\n","protected":false},"excerpt":{"rendered":"<div>\n<div>\n<figure><img decoding=\"async\" src=\"https:\/\/uploads.acordacidade.com.br\/2025\/07\/oftalmologista-Rui-Pascoal-Ramos.jpg\" alt=\"oftalmologista Rui Pascoal Ramos\"><figcaption>Foto: Reprodu\u00e7\u00e3o<\/figcaption><\/figure>\n<\/div>\n<p>Dr. Rui mantinha uma rotina ativa de trabalho. Ele atendia pacientes em Feira de Santana \u00e0s segundas, ter\u00e7as e quartas-feiras<\/p><\/div>\n","protected":false},"author":1,"featured_media":94787,"comment_status":"closed","ping_status":"closed","sticky":false,"template":"","format":"gallery","meta":{"footnotes":""},"categories":[8,9,6,57,56,10],"tags":[],"class_list":["post-94786","post","type-post","status-publish","format-gallery","has-post-thumbnail","hentry","category-bahia","category-brasil","category-feira-de-santana","category-mundo","category-policia","category-politica","post_format-post-format-gallery"],"featured_image_urls":{"full":["https:\/\/noticiasbahia360.com.br\/wp-content\/uploads\/2025\/07\/oftalmologista-Rui-Pascoal-Ramos.jpg",1200,781,false],"thumbnail":["https:\/\/noticiasbahia360.com.br\/wp-content\/uploads\/2025\/07\/oftalmologista-Rui-Pascoal-Ramos-150x150.jpg",150,150,true],"medium":["https:\/\/noticiasbahia360.com.br\/wp-content\/uploads\/2025\/07\/oftalmologista-Rui-Pascoal-Ramos-300x195.jpg",300,195,true],"medium_large":["https:\/\/noticiasbahia360.com.br\/wp-content\/uploads\/2025\/07\/oftalmologista-Rui-Pascoal-Ramos-768x500.jpg",640,417,true],"large":["https:\/\/noticiasbahia360.com.br\/wp-content\/uploads\/2025\/07\/oftalmologista-Rui-Pascoal-Ramos-1024x666.jpg",640,416,true],"1536x1536":["https:\/\/noticiasbahia360.com.br\/wp-content\/uploads\/2025\/07\/oftalmologista-Rui-Pascoal-Ramos.jpg",1200,781,false],"2048x2048":["https:\/\/noticiasbahia360.com.br\/wp-content\/uploads\/2025\/07\/oftalmologista-Rui-Pascoal-Ramos.jpg",1200,781,false],"chromenews-featured":["https:\/\/noticiasbahia360.com.br\/wp-content\/uploads\/2025\/07\/oftalmologista-Rui-Pascoal-Ramos-1024x666.jpg",1024,666,true],"chromenews-large":["https:\/\/noticiasbahia360.com.br\/wp-content\/uploads\/2025\/07\/oftalmologista-Rui-Pascoal-Ramos-825x575.jpg",825,575,true],"chromenews-medium":["https:\/\/noticiasbahia360.com.br\/wp-content\/uploads\/2025\/07\/oftalmologista-Rui-Pascoal-Ramos-590x410.jpg",590,410,true]},"author_info":{"display_name":"noticiasbahia360.com.br","author_link":"https:\/\/noticiasbahia360.com.br\/?author=1"},"category_info":"<a href=\"https:\/\/noticiasbahia360.com.br\/?cat=8\" rel=\"category\">Bahia<\/a> <a href=\"https:\/\/noticiasbahia360.com.br\/?cat=9\" rel=\"category\">Brasil<\/a> <a href=\"https:\/\/noticiasbahia360.com.br\/?cat=6\" rel=\"category\">Feira de Santana<\/a> <a href=\"https:\/\/noticiasbahia360.com.br\/?cat=57\" rel=\"category\">Mundo<\/a> <a href=\"https:\/\/noticiasbahia360.com.br\/?cat=56\" rel=\"category\">Pol\u00edcia<\/a> <a href=\"https:\/\/noticiasbahia360.com.br\/?cat=10\" rel=\"category\">Pol\u00edtica<\/a>","tag_info":"Pol\u00edtica","comment_count":"0","_links":{"self":[{"href":"https:\/\/noticiasbahia360.com.br\/index.php?rest_route=\/wp\/v2\/posts\/94786","targetHints":{"allow":["GET"]}}],"collection":[{"href":"https:\/\/noticiasbahia360.com.br\/index.php?rest_route=\/wp\/v2\/posts"}],"about":[{"href":"https:\/\/noticiasbahia360.com.br\/index.php?rest_route=\/wp\/v2\/types\/post"}],"author":[{"embeddable":true,"href":"https:\/\/noticiasbahia360.com.br\/index.php?rest_route=\/wp\/v2\/users\/1"}],"replies":[{"embeddable":true,"href":"https:\/\/noticiasbahia360.com.br\/index.php?rest_route=%2Fwp%2Fv2%2Fcomments&post=94786"}],"version-history":[{"count":0,"href":"https:\/\/noticiasbahia360.com.br\/index.php?rest_route=\/wp\/v2\/posts\/94786\/revisions"}],"wp:featuredmedia":[{"embeddable":true,"href":"https:\/\/noticiasbahia360.com.br\/index.php?rest_route=\/wp\/v2\/media\/94787"}],"wp:attachment":[{"href":"https:\/\/noticiasbahia360.com.br\/index.php?rest_route=%2Fwp%2Fv2%2Fmedia&parent=94786"}],"wp:term":[{"taxonomy":"category","embeddable":true,"href":"https:\/\/noticiasbahia360.com.br\/index.php?rest_route=%2Fwp%2Fv2%2Fcategories&post=94786"},{"taxonomy":"post_tag","embeddable":true,"href":"https:\/\/noticiasbahia360.com.br\/index.php?rest_route=%2Fwp%2Fv2%2Ftags&post=94786"}],"curies":[{"name":"wp","href":"https:\/\/api.w.org\/{rel}","templated":true}]}}