{"id":94788,"date":"2025-07-26T16:41:08","date_gmt":"2025-07-26T19:41:08","guid":{"rendered":"https:\/\/noticiasbahia360.com.br\/?p=94788"},"modified":"2025-07-26T16:41:08","modified_gmt":"2025-07-26T19:41:08","slug":"aumento-da-licenca-paternidade-sera-tema-no-congresso-apos-recesso","status":"publish","type":"post","link":"https:\/\/noticiasbahia360.com.br\/?p=94788","title":{"rendered":"Aumento da licen\u00e7a-paternidade ser\u00e1 tema no Congresso ap\u00f3s recesso"},"content":{"rendered":"<div>\n<div>\n<figure><img decoding=\"async\" src=\"http:\/\/noticiasbahia360.com.br\/wp-content\/uploads\/2025\/07\/Aumento-da-licenca-paternidade-sera-tema-no-Congresso-apos-recesso.jpg\" alt=\"Aumento da licen\u00e7a-paternidade ser\u00e1 tema no Congresso ap\u00f3s recesso\"><figcaption>Foto: Arquivo Ag\u00eancia Brasil<\/figcaption><\/figure>\n<\/div>\n<p>Ag\u00eancia Brasil \u2013 Com o fim do prazo dado pelo Supremo Tribunal Federal (<a href=\"https:\/\/www.acordacidade.com.br\/tag\/stf\/\">STF<\/a>) para que o Congresso regulamente a licen\u00e7a-paternidade, o parlamento deve se debru\u00e7ar sobre o tema na volta do recesso parlamentar, em 4 de agosto. Em dezembro de 2023, o STF deu 18 meses para o <a href=\"https:\/\/www.acordacidade.com.br\/tag\/congresso\/\">Congresso <\/a>regulamentar esse direito. O prazo venceu em julho.<\/p>\n<p>A decis\u00e3o do STF veio ap\u00f3s julgamento de uma a\u00e7\u00e3o apresentada pela Confedera\u00e7\u00e3o Nacional dos Trabalhadores da Sa\u00fade (CNTS). Prevaleceu no julgamento o voto do ministro Lu\u00eds Roberto Barroso para reconhecer a omiss\u00e3o do Congresso em aprovar a regulamenta\u00e7\u00e3o da norma. O entendimento foi seguido pelos demais ministros.<\/p>\n<p>Atualmente, a licen\u00e7a para <a href=\"https:\/\/www.acordacidade.com.br\/tag\/pais\/\">pais <\/a>\u00e9 de cinco dias consecutivos nos casos de nascimento de filho, <a href=\"https:\/\/www.acordacidade.com.br\/tag\/adocao\/\">ado\u00e7\u00e3o <\/a>ou de guarda compartilhada. O direito est\u00e1 previsto na Consolida\u00e7\u00e3o das Leis do Trabalho (CLT) e foi criado com a promulga\u00e7\u00e3o da Constitui\u00e7\u00e3o de 1988.<\/p>\n<p>Pelo Ato das Disposi\u00e7\u00f5es Constitucionais Transit\u00f3rias (ADCT), regras criadas com a promulga\u00e7\u00e3o da Constitui\u00e7\u00e3o, a licen\u00e7a de cinco dias deveria permanecer at\u00e9 o Congresso aprovar uma lei complementar para implementa\u00e7\u00e3o definitiva, vota\u00e7\u00e3o que at\u00e9 hoje, ap\u00f3s 37 anos, n\u00e3o ocorreu.<\/p>\n<p>Diversos projetos em tramita\u00e7\u00e3o no Congresso preveem per\u00edodos que estabelecem a licen\u00e7a de 15, 20 ou at\u00e9 60 dias.<\/p>\n<p>No rol de projetos, a <a href=\"https:\/\/www.acordacidade.com.br\/tag\/camara-dos-deputados-2\/\">C\u00e2mara dos Deputados<\/a> \u201csai\u201d na frente e j\u00e1 pode aprovar no plen\u00e1rio o projeto de Lei (PL 3935\/08) que aumenta de cinco para 15 dias a licen\u00e7a-paternidade. Isso vai valer tanto para o pai biol\u00f3gico quanto para o adotivo. O projeto tamb\u00e9m garante ao pai estabilidade de 30 dias no emprego ap\u00f3s o t\u00e9rmino da licen\u00e7a.<\/p>\n<p>A proposta, que tramita desde 2008 e j\u00e1 foi aprovada pelo <a href=\"https:\/\/www.acordacidade.com.br\/tag\/senado\/\">Senado<\/a>, teve o regime de urg\u00eancia aprovado antes do recesso parlamentar. Com isso, o texto pode ir a vota\u00e7\u00e3o diretamente no plen\u00e1rio, sem ter que passar por comiss\u00e3o da Casa.<\/p>\n<p>J\u00e1 o Senado debate diversos projetos para a regulamenta\u00e7\u00e3o da licen\u00e7a-paternidade. Uma delas \u00e9 a proposta de Emenda \u00e0 Constitui\u00e7\u00e3o (PEC) 58\/2023, que estende a licen\u00e7a-paternidade para 20 dias e amplia a licen\u00e7a-maternidade de 120 para 180 dias, inclusive em casos de ado\u00e7\u00e3o. O texto est\u00e1 em tramita\u00e7\u00e3o na Comiss\u00e3o de Constitui\u00e7\u00e3o e Justi\u00e7a (CCJ).<\/p>\n<p>Outro projeto em tramita\u00e7\u00e3o na Casa \u00e9 o PL 6063\/2024, que estabelece 180 dias de licen\u00e7a-maternidade e 60 dias de paternidade. A mat\u00e9ria prev\u00ea ainda um acr\u00e9scimo nos per\u00edodos em caso de nascimentos m\u00faltiplos. A mat\u00e9ria ainda est\u00e1 em an\u00e1lise na Comiss\u00e3o de Direitos Humanos (CDH).<\/p>\n<p>Um outro projeto, o PL 3773\/2023, amplia gradualmente a licen\u00e7a-paternidade, come\u00e7ando em 30 dias e chegando a 60. O texto estabelece ainda o chamado \u201csal\u00e1rio-parentalidade\u201d, um benef\u00edcio previdenci\u00e1rio a ser pago durante o afastamento. A mat\u00e9ria est\u00e1 em tramita\u00e7\u00e3o na Comiss\u00e3o de Assuntos Sociais (CAS).<\/p>\n<p>Outras duas propostas em tramita\u00e7\u00e3o no Senado: o PL 139\/2022 prev\u00ea 60 dias \u00fateis de licen\u00e7a-paternidade e o compartilhamento de at\u00e9 30 dias da licen\u00e7a-maternidade com o pai, enquanto o PL 6136\/2023 prop\u00f5e compartilhar at\u00e9 60 dias da licen\u00e7a-maternidade e dobrar seu prazo em caso de defici\u00eancia do rec\u00e9m-nascido.<\/p>\n<h2 class=\"wp-block-heading\" id=\"h-frente-parlamentar\">Frente Parlamentar<\/h2>\n<p>Na semana passada, a Frente Parlamentar Mista pela Licen\u00e7a Paternidade e a bancada feminina no Congresso Nacional realizaram uma atividade para articular apoio para que a regulamenta\u00e7\u00e3o da licen\u00e7a paternidade no Brasil garanta um per\u00edodo de 60 dias para os genitores, ainda que implementado de forma gradual, a partir de 30 dias.<\/p>\n<p>\u201cA gente acha que \u00e9 poss\u00edvel ampliar a licen\u00e7a paternidade no Brasil, [mas] n\u00e3o \u00e9 da noite para o dia. E \u00e9 isso que a gente est\u00e1 negociando. Ent\u00e3o, esse texto mais antigo, que \u00e9 o primeiro da \u00e1rvore [de projetos de lei], que veio do Senado, fala em 15 dias. O que a gente trouxe nos \u00faltimos tempos \u00e9 chegar a 60 dias. Para isso, topamos negociar quanto tempo a gente leva para fazer essa transi\u00e7\u00e3o, com quantos dias a gente come\u00e7a. Ent\u00e3o, \u00e9 isso que est\u00e1 em debate\u201d, afirmou a deputada federal T\u00e1bata Amaral (PSB-SP), que \u00e9 presidente da Frente Parlamentar.<\/p>\n<p>Pelo menos 10 pa\u00edses, entre os quais a Espanha, a Holanda e a Finl\u00e2ndia, concedem licen\u00e7a paternidade de 30 dias ou mais. Na maioria dos pa\u00edses, a licen\u00e7a ainda \u00e9 inferior a 15 dias.<\/p>\n<p><em>Siga o Acorda Cidade no<\/em><a href=\"https:\/\/news.google.com\/search?q=acorda%20cidade&amp;hl=pt-BR&amp;gl=BR&amp;ceid=BR%3Apt-419\"><strong><em>\u00a0Google Not\u00edcias<\/em><\/strong><\/a><em>\u00a0e receba os principais destaques do dia. Participe tamb\u00e9m dos nossos canais no\u00a0<\/em><a href=\"https:\/\/www.whatsapp.com\/channel\/0029Va6Rb4v3WHTNnsh8WI3N\"><strong><em>WhatsApp<\/em><\/strong><\/a><em>\u00a0e\u00a0<\/em><a href=\"https:\/\/www.youtube.com\/@acordacidadenoticias\/videos\"><strong>Youtube<\/strong><\/a><em>\u00a0e grupo de\u00a0<\/em><a href=\"https:\/\/t.me\/+sSz0khrgARA0ZmRh\"><strong><em>Telegram<\/em><\/strong><\/a><\/p>\n<\/div>\n","protected":false},"excerpt":{"rendered":"<div>\n<div>\n<figure><img decoding=\"async\" src=\"https:\/\/uploads.acordacidade.com.br\/2025\/07\/Aumento-da-licenca-paternidade-sera-tema-no-Congresso-apos-recesso.jpg\" alt=\"Aumento da licen\u00e7a-paternidade ser\u00e1 tema no Congresso ap\u00f3s recesso\"><figcaption>Foto: Arquivo Ag\u00eancia Brasil<\/figcaption><\/figure>\n<\/div>\n<p>Diversos projetos em tramita\u00e7\u00e3o no Congresso preveem per\u00edodos que estabelecem a licen\u00e7a de 15, 20 ou at\u00e9 60 dias.<\/p><\/div>\n","protected":false},"author":1,"featured_media":94789,"comment_status":"closed","ping_status":"closed","sticky":false,"template":"","format":"gallery","meta":{"footnotes":""},"categories":[8,9,6,57,56,10],"tags":[],"class_list":["post-94788","post","type-post","status-publish","format-gallery","has-post-thumbnail","hentry","category-bahia","category-brasil","category-feira-de-santana","category-mundo","category-policia","category-politica","post_format-post-format-gallery"],"featured_image_urls":{"full":["https:\/\/noticiasbahia360.com.br\/wp-content\/uploads\/2025\/07\/Aumento-da-licenca-paternidade-sera-tema-no-Congresso-apos-recesso.jpg",1200,718,false],"thumbnail":["https:\/\/noticiasbahia360.com.br\/wp-content\/uploads\/2025\/07\/Aumento-da-licenca-paternidade-sera-tema-no-Congresso-apos-recesso-150x150.jpg",150,150,true],"medium":["https:\/\/noticiasbahia360.com.br\/wp-content\/uploads\/2025\/07\/Aumento-da-licenca-paternidade-sera-tema-no-Congresso-apos-recesso-300x180.jpg",300,180,true],"medium_large":["https:\/\/noticiasbahia360.com.br\/wp-content\/uploads\/2025\/07\/Aumento-da-licenca-paternidade-sera-tema-no-Congresso-apos-recesso-768x460.jpg",640,383,true],"large":["https:\/\/noticiasbahia360.com.br\/wp-content\/uploads\/2025\/07\/Aumento-da-licenca-paternidade-sera-tema-no-Congresso-apos-recesso-1024x613.jpg",640,383,true],"1536x1536":["https:\/\/noticiasbahia360.com.br\/wp-content\/uploads\/2025\/07\/Aumento-da-licenca-paternidade-sera-tema-no-Congresso-apos-recesso.jpg",1200,718,false],"2048x2048":["https:\/\/noticiasbahia360.com.br\/wp-content\/uploads\/2025\/07\/Aumento-da-licenca-paternidade-sera-tema-no-Congresso-apos-recesso.jpg",1200,718,false],"chromenews-featured":["https:\/\/noticiasbahia360.com.br\/wp-content\/uploads\/2025\/07\/Aumento-da-licenca-paternidade-sera-tema-no-Congresso-apos-recesso-1024x613.jpg",1024,613,true],"chromenews-large":["https:\/\/noticiasbahia360.com.br\/wp-content\/uploads\/2025\/07\/Aumento-da-licenca-paternidade-sera-tema-no-Congresso-apos-recesso-825x575.jpg",825,575,true],"chromenews-medium":["https:\/\/noticiasbahia360.com.br\/wp-content\/uploads\/2025\/07\/Aumento-da-licenca-paternidade-sera-tema-no-Congresso-apos-recesso-590x410.jpg",590,410,true]},"author_info":{"display_name":"noticiasbahia360.com.br","author_link":"https:\/\/noticiasbahia360.com.br\/?author=1"},"category_info":"<a href=\"https:\/\/noticiasbahia360.com.br\/?cat=8\" rel=\"category\">Bahia<\/a> <a href=\"https:\/\/noticiasbahia360.com.br\/?cat=9\" rel=\"category\">Brasil<\/a> <a href=\"https:\/\/noticiasbahia360.com.br\/?cat=6\" rel=\"category\">Feira de Santana<\/a> <a href=\"https:\/\/noticiasbahia360.com.br\/?cat=57\" rel=\"category\">Mundo<\/a> <a href=\"https:\/\/noticiasbahia360.com.br\/?cat=56\" rel=\"category\">Pol\u00edcia<\/a> <a href=\"https:\/\/noticiasbahia360.com.br\/?cat=10\" rel=\"category\">Pol\u00edtica<\/a>","tag_info":"Pol\u00edtica","comment_count":"0","_links":{"self":[{"href":"https:\/\/noticiasbahia360.com.br\/index.php?rest_route=\/wp\/v2\/posts\/94788","targetHints":{"allow":["GET"]}}],"collection":[{"href":"https:\/\/noticiasbahia360.com.br\/index.php?rest_route=\/wp\/v2\/posts"}],"about":[{"href":"https:\/\/noticiasbahia360.com.br\/index.php?rest_route=\/wp\/v2\/types\/post"}],"author":[{"embeddable":true,"href":"https:\/\/noticiasbahia360.com.br\/index.php?rest_route=\/wp\/v2\/users\/1"}],"replies":[{"embeddable":true,"href":"https:\/\/noticiasbahia360.com.br\/index.php?rest_route=%2Fwp%2Fv2%2Fcomments&post=94788"}],"version-history":[{"count":0,"href":"https:\/\/noticiasbahia360.com.br\/index.php?rest_route=\/wp\/v2\/posts\/94788\/revisions"}],"wp:featuredmedia":[{"embeddable":true,"href":"https:\/\/noticiasbahia360.com.br\/index.php?rest_route=\/wp\/v2\/media\/94789"}],"wp:attachment":[{"href":"https:\/\/noticiasbahia360.com.br\/index.php?rest_route=%2Fwp%2Fv2%2Fmedia&parent=94788"}],"wp:term":[{"taxonomy":"category","embeddable":true,"href":"https:\/\/noticiasbahia360.com.br\/index.php?rest_route=%2Fwp%2Fv2%2Fcategories&post=94788"},{"taxonomy":"post_tag","embeddable":true,"href":"https:\/\/noticiasbahia360.com.br\/index.php?rest_route=%2Fwp%2Fv2%2Ftags&post=94788"}],"curies":[{"name":"wp","href":"https:\/\/api.w.org\/{rel}","templated":true}]}}