{"id":94790,"date":"2025-07-26T20:01:07","date_gmt":"2025-07-26T23:01:07","guid":{"rendered":"https:\/\/noticiasbahia360.com.br\/?p=94790"},"modified":"2025-07-26T20:01:07","modified_gmt":"2025-07-26T23:01:07","slug":"praca-do-tropeiro-sera-requalificada-com-novo-piso-mais-acessibilidade-e-palco-para-o-samba","status":"publish","type":"post","link":"https:\/\/noticiasbahia360.com.br\/?p=94790","title":{"rendered":"Pra\u00e7a do Tropeiro ser\u00e1 requalificada com novo piso, mais acessibilidade e palco para o samba"},"content":{"rendered":"<div>\n<div>\n<figure><img decoding=\"async\" src=\"http:\/\/noticiasbahia360.com.br\/wp-content\/uploads\/2025\/07\/pracadotropeiro_neysilva_acordacidade-15.jpeg\" alt=\"Pra\u00e7a do Tropeiro\"><figcaption>Foto\/arquivo: Ney Silva\/Acorda Cidade<\/figcaption><\/figure>\n<\/div>\n<p>O prefeito de Feira de Santana, Jos\u00e9 Ronaldo, deve anunciar em breve a ordem de servi\u00e7o para a Pra\u00e7a do Tropeiro. A pra\u00e7a fica localizada em um ponto estrat\u00e9gico da cidade, na rua P\u00f4rto Velho, no Centro. A expectativa \u00e9 transformar o espa\u00e7o em um ambiente mais acess\u00edvel, seguro e acolhedor para os frequentadores, mas al\u00e9m das melhorias estruturais, surge uma demanda popular que \u00e9 a preserva\u00e7\u00e3o e adequa\u00e7\u00e3o da \u00e1rea do tradicional samba de roda.<\/p>\n<p>Para entender as principais melhorias e como a obra ser\u00e1 integrada \u00e0s atividades culturais j\u00e1 consolidadas, conversamos com o engenheiro Djavan Arag\u00e3o, subsecret\u00e1rio de Planejamento do munic\u00edpio. Segundo Djavan, a requalifica\u00e7\u00e3o da pra\u00e7a vai al\u00e9m da melhoria urbana.<\/p>\n<p>\u201cA Pra\u00e7a do Tropeiro tem grande import\u00e2ncia hist\u00f3rica e simb\u00f3lica para a cidade. \u00c9 ponto de chegada dos moradores dos distritos que movimentam o com\u00e9rcio local, al\u00e9m de palco de uma manifesta\u00e7\u00e3o cultural de grande valor, o samba de roda realizado semanalmente. Urbanisticamente \u00e9 um importante ambiente de conviv\u00eancia que tem a finalidade de proporcionar aos frequentadores um al\u00edvio ao adensamento urbano existente no local. Est\u00e1 localizada e pr\u00f3xima a um importante centro log\u00edstico e funciona como ambiente de intera\u00e7\u00e3o entre os frequentadores vindo dos distritos e os residentes na cidade. A estrutura atual carece de interven\u00e7\u00f5es para dar mais conforto aos frequentadores, isso motivou ao prefeito a solicitar a Secretaria de Planejamento o projeto de requalifica\u00e7\u00e3o do local.\u201d<\/p>\n<h2 class=\"wp-block-heading\" id=\"h-intervencoes-previstas\">Interven\u00e7\u00f5es previstas<\/h2>\n<p>O projeto inclui mudan\u00e7as significativas. O atual piso de pedra portuguesa ser\u00e1 substitu\u00eddo por piso intertravado colorido, mais moderno e dur\u00e1vel. Os telhados dos quiosques ser\u00e3o revisados, o banheiro p\u00fablico hoje inutilizado ser\u00e1 revitalizado, e as tubula\u00e7\u00f5es de esgoto, restauradas. As estruturas de concreto, como bancos e arena, tamb\u00e9m passar\u00e3o por recupera\u00e7\u00e3o.<\/p>\n<p>Outro destaque ser\u00e1 a cria\u00e7\u00e3o de vagas de estacionamento a 45 graus, organizando melhor o fluxo de ve\u00edculos vindos dos distritos e melhorando a mobilidade da regi\u00e3o. Em aten\u00e7\u00e3o ao samba, est\u00e1 prevista a instala\u00e7\u00e3o de um palco coberto com estrutura de lona tensionada, oferecendo melhores condi\u00e7\u00f5es para m\u00fasicos e frequentadores.<\/p>\n<h2 class=\"wp-block-heading\" id=\"h-acessibilidade-e-paisagismo\">Acessibilidade e paisagismo<\/h2>\n<p>O novo projeto atender\u00e1 \u00e0s normas de acessibilidade, com rampas constru\u00eddas conforme a ABNT 9050. Algumas escadarias ser\u00e3o substitu\u00eddas por rampas, promovendo inclus\u00e3o para pessoas com mobilidade reduzida. \u201cA pra\u00e7a ser\u00e1 mais acess\u00edvel, confort\u00e1vel e segura para todos\u201d, refor\u00e7a Djavan.<\/p>\n<p>Em rela\u00e7\u00e3o \u00e0 \u00e1rea verde, o subsecret\u00e1rio informa que, embora n\u00e3o houvesse canteiros antes, o novo projeto inclui a cria\u00e7\u00e3o de espa\u00e7os gramados, preservando as \u00e1rvores existentes e causando o m\u00ednimo impacto ambiental. A ilumina\u00e7\u00e3o p\u00fablica da pra\u00e7a tamb\u00e9m ser\u00e1 revisada para garantir mais seguran\u00e7a durante o uso noturno.<\/p>\n<p>\u201cO projeto manteve a \u00e1rea de conviv\u00eancia existente. Foi solicitado o menor impacto poss\u00edvel na interven\u00e7\u00e3o, modernizando o local mas sem ocasionar grandes mudan\u00e7as. Os espa\u00e7os atuais como os quiosques, a arena e o monumento ser\u00e3o preservados. Observou-se que n\u00e3o haviam espa\u00e7os verdes na pra\u00e7a, portanto, foram criados canteiros gramados. Priorizou-se manter as \u00e1rvores do local, causando o m\u00ednimo impacto poss\u00edvel. A ilumina\u00e7\u00e3o ser\u00e1 toda revisada,\u201d contou.<\/p>\n<h2 class=\"wp-block-heading\" id=\"h-cultura-preservada-durante-as-obras\">Cultura preservada durante as obras<\/h2>\n<p>O tradicional Samba, que j\u00e1 virou patrim\u00f4nio afetivo dos frequentadores do local e da cidade, seguir\u00e1 sendo valorizado. O projeto contempla um palco iluminado no centro da arena.<\/p>\n<p>\u201cO projeto prev\u00ea a cria\u00e7\u00e3o de um palco iluminado na arena que se encontra no centro da pra\u00e7a, trazendo um conforto maior para os participantes desse importante evento cultural do local\u201d, compartilhou.<\/p>\n<p>Durante a execu\u00e7\u00e3o das obras, a prefeitura pretende manter o di\u00e1logo com os m\u00fasicos, feirantes e comunidade. <\/p>\n<p>\u201cJ\u00e1 realizamos audi\u00eancias com representantes da cultura do samba de roda e dos vendedores. Foi indicada a necessidade de adequa\u00e7\u00e3o das atividades durante a obra, o que \u00e9 normal em casos de interven\u00e7\u00f5es de engenharia. Est\u00e1 em an\u00e1lise a possibilidade da realiza\u00e7\u00e3o da obra em etapas e at\u00e9 da utiliza\u00e7\u00e3o dos espa\u00e7os vizinhos (cal\u00e7adas) com uma estrutura para acomodar os frequentadores provisoriamente\u201d, explicou Djavan.<\/p>\n<\/p>\n<p><strong>Leia tamb\u00e9m: <\/strong><a href=\"https:\/\/www.acordacidade.com.br\/cultura\/samba-de-roda-na-praca-do-tropeiro-traz-a-identidade-e-valorizacao-da-cultura-negra-em-feira-de-santana\/\" target=\"_blank\" rel=\"noreferrer noopener\">Samba de Roda na Pra\u00e7a do Tropeiro traz a identidade e valoriza\u00e7\u00e3o da cultura negra em Feira de Santana<\/a><\/p>\n<p><em>Siga o Acorda Cidade no<\/em><a href=\"https:\/\/news.google.com\/search?q=acorda%20cidade&amp;hl=pt-BR&amp;gl=BR&amp;ceid=BR%3Apt-419\"><strong><em>\u00a0Google Not\u00edcias<\/em><\/strong><\/a><em>\u00a0e receba os principais destaques do dia. Participe tamb\u00e9m dos nossos canais no\u00a0<\/em><a href=\"https:\/\/www.whatsapp.com\/channel\/0029Va6Rb4v3WHTNnsh8WI3N\"><strong><em>WhatsApp<\/em><\/strong><\/a><em>\u00a0e\u00a0<\/em><a href=\"https:\/\/www.youtube.com\/@acordacidadenoticias\/videos\"><strong>Youtube<\/strong><\/a><em>\u00a0e grupo de\u00a0<\/em><a href=\"https:\/\/t.me\/+sSz0khrgARA0ZmRh\"><strong><em>Telegram<\/em><\/strong><\/a><em>.<\/em><\/p>\n<\/div>\n","protected":false},"excerpt":{"rendered":"<div>\n<div>\n<figure><img decoding=\"async\" src=\"https:\/\/uploads.acordacidade.com.br\/wp-content\/uploads\/2023\/07\/16084540\/pracadotropeiro_neysilva_acordacidade-15.jpeg\" alt=\"Pra\u00e7a do Tropeiro\"><figcaption>Foto\/arquivo: Ney Silva\/Acorda Cidade<\/figcaption><\/figure>\n<\/div>\n<p>Em aten\u00e7\u00e3o ao samba, est\u00e1 prevista a instala\u00e7\u00e3o de um palco coberto com estrutura de lona tensionada, oferecendo melhores condi\u00e7\u00f5es para m\u00fasicos e frequentadores.<\/p><\/div>\n","protected":false},"author":1,"featured_media":94791,"comment_status":"closed","ping_status":"closed","sticky":false,"template":"","format":"gallery","meta":{"footnotes":""},"categories":[8,9,6,57,56,10],"tags":[],"class_list":["post-94790","post","type-post","status-publish","format-gallery","has-post-thumbnail","hentry","category-bahia","category-brasil","category-feira-de-santana","category-mundo","category-policia","category-politica","post_format-post-format-gallery"],"featured_image_urls":{"full":["https:\/\/noticiasbahia360.com.br\/wp-content\/uploads\/2025\/07\/pracadotropeiro_neysilva_acordacidade-15.jpeg",640,480,false],"thumbnail":["https:\/\/noticiasbahia360.com.br\/wp-content\/uploads\/2025\/07\/pracadotropeiro_neysilva_acordacidade-15-150x150.jpeg",150,150,true],"medium":["https:\/\/noticiasbahia360.com.br\/wp-content\/uploads\/2025\/07\/pracadotropeiro_neysilva_acordacidade-15-300x225.jpeg",300,225,true],"medium_large":["https:\/\/noticiasbahia360.com.br\/wp-content\/uploads\/2025\/07\/pracadotropeiro_neysilva_acordacidade-15.jpeg",640,480,false],"large":["https:\/\/noticiasbahia360.com.br\/wp-content\/uploads\/2025\/07\/pracadotropeiro_neysilva_acordacidade-15.jpeg",640,480,false],"1536x1536":["https:\/\/noticiasbahia360.com.br\/wp-content\/uploads\/2025\/07\/pracadotropeiro_neysilva_acordacidade-15.jpeg",640,480,false],"2048x2048":["https:\/\/noticiasbahia360.com.br\/wp-content\/uploads\/2025\/07\/pracadotropeiro_neysilva_acordacidade-15.jpeg",640,480,false],"chromenews-featured":["https:\/\/noticiasbahia360.com.br\/wp-content\/uploads\/2025\/07\/pracadotropeiro_neysilva_acordacidade-15.jpeg",640,480,false],"chromenews-large":["https:\/\/noticiasbahia360.com.br\/wp-content\/uploads\/2025\/07\/pracadotropeiro_neysilva_acordacidade-15.jpeg",640,480,false],"chromenews-medium":["https:\/\/noticiasbahia360.com.br\/wp-content\/uploads\/2025\/07\/pracadotropeiro_neysilva_acordacidade-15-590x410.jpeg",590,410,true]},"author_info":{"display_name":"noticiasbahia360.com.br","author_link":"https:\/\/noticiasbahia360.com.br\/?author=1"},"category_info":"<a href=\"https:\/\/noticiasbahia360.com.br\/?cat=8\" rel=\"category\">Bahia<\/a> <a href=\"https:\/\/noticiasbahia360.com.br\/?cat=9\" rel=\"category\">Brasil<\/a> <a href=\"https:\/\/noticiasbahia360.com.br\/?cat=6\" rel=\"category\">Feira de Santana<\/a> <a href=\"https:\/\/noticiasbahia360.com.br\/?cat=57\" rel=\"category\">Mundo<\/a> <a href=\"https:\/\/noticiasbahia360.com.br\/?cat=56\" rel=\"category\">Pol\u00edcia<\/a> <a href=\"https:\/\/noticiasbahia360.com.br\/?cat=10\" rel=\"category\">Pol\u00edtica<\/a>","tag_info":"Pol\u00edtica","comment_count":"0","_links":{"self":[{"href":"https:\/\/noticiasbahia360.com.br\/index.php?rest_route=\/wp\/v2\/posts\/94790","targetHints":{"allow":["GET"]}}],"collection":[{"href":"https:\/\/noticiasbahia360.com.br\/index.php?rest_route=\/wp\/v2\/posts"}],"about":[{"href":"https:\/\/noticiasbahia360.com.br\/index.php?rest_route=\/wp\/v2\/types\/post"}],"author":[{"embeddable":true,"href":"https:\/\/noticiasbahia360.com.br\/index.php?rest_route=\/wp\/v2\/users\/1"}],"replies":[{"embeddable":true,"href":"https:\/\/noticiasbahia360.com.br\/index.php?rest_route=%2Fwp%2Fv2%2Fcomments&post=94790"}],"version-history":[{"count":0,"href":"https:\/\/noticiasbahia360.com.br\/index.php?rest_route=\/wp\/v2\/posts\/94790\/revisions"}],"wp:featuredmedia":[{"embeddable":true,"href":"https:\/\/noticiasbahia360.com.br\/index.php?rest_route=\/wp\/v2\/media\/94791"}],"wp:attachment":[{"href":"https:\/\/noticiasbahia360.com.br\/index.php?rest_route=%2Fwp%2Fv2%2Fmedia&parent=94790"}],"wp:term":[{"taxonomy":"category","embeddable":true,"href":"https:\/\/noticiasbahia360.com.br\/index.php?rest_route=%2Fwp%2Fv2%2Fcategories&post=94790"},{"taxonomy":"post_tag","embeddable":true,"href":"https:\/\/noticiasbahia360.com.br\/index.php?rest_route=%2Fwp%2Fv2%2Ftags&post=94790"}],"curies":[{"name":"wp","href":"https:\/\/api.w.org\/{rel}","templated":true}]}}