{"id":94792,"date":"2025-07-26T20:01:08","date_gmt":"2025-07-26T23:01:08","guid":{"rendered":"https:\/\/noticiasbahia360.com.br\/?p=94792"},"modified":"2025-07-26T20:01:08","modified_gmt":"2025-07-26T23:01:08","slug":"procissao-de-senhora-santana-fe-e-muita-emocao-na-maior-festa-catolica-da-cidade","status":"publish","type":"post","link":"https:\/\/noticiasbahia360.com.br\/?p=94792","title":{"rendered":"Prociss\u00e3o de Senhora Santana: F\u00e9 e muita emo\u00e7\u00e3o na maior festa cat\u00f3lica da cidade"},"content":{"rendered":"<div>\n<p>Milhares de fi\u00e9is participaram da Prociss\u00e3o de Senhora Santana na tarde deste s\u00e1bado (26), em Feira de Santana. Muita f\u00e9 e emo\u00e7\u00e3o marcaram o percurso da maior festa cat\u00f3lica da cidade. Fi\u00e9is vindos de v\u00e1rias cidades da regi\u00e3o, como Concei\u00e7\u00e3o do Jacu\u00edpe, participaram da celebra\u00e7\u00e3o.<\/p>\n<p>O Padre Geanderson Leite, da Catedral de Nossa Senhora de Concei\u00e7\u00e3o do Jacu\u00edpe, falou sobre a import\u00e2ncia da uni\u00e3o das catedrais e da unidade em homenagem a Senhora Santana.<\/p>\n<p>\u201cA novena de Santana \u00e9 uma festa para todas as arquidioceses, e todas as par\u00f3quias das cidades que comp\u00f5em a nossa igreja v\u00eam participar, celebrar em unidade. \u00c9 uma b\u00ean\u00e7\u00e3o para todos n\u00f3s\u201d, disse.<\/p>\n<p>Ana C\u00e9lia Cardoso Santos, que participa h\u00e1 muitos anos da prociss\u00e3o, estava carregando um andor de Santo Expedito. \u201cPara mim, \u00e9 uma b\u00ean\u00e7\u00e3o participar mais uma vez desta celebra\u00e7\u00e3o\u201d, afirmou.<\/p>\n<p>Dom Zanoni, Arcebispo Metropolitano de Feira de Santana, destacou que este \u00e9 o dia da maior festa, a celebra\u00e7\u00e3o de Nossa Senhora Santana, a m\u00e3e de Maria, m\u00e3e de Jesus.<\/p>\n<p>\u201cEssa festa faz parte da nossa tradi\u00e7\u00e3o e est\u00e1 inserida na cultura do nosso povo, a ponto de marcar essa cidade, Feira de Santana\u201d, declarou. Ele tamb\u00e9m pediu que a devo\u00e7\u00e3o inspire os fi\u00e9is a zelarem pelos mais velhos. \u201cCuidar dos nossos av\u00f3s e entender que Deus enviou Seu filho nascido de uma mulher. Vamos celebrar a f\u00e9.\u201d<\/p>\n<p>Jo\u00e3o Miranda, do Grupo Despertar, destacou a relev\u00e2ncia da juventude na igreja. \u201cNossa juventude aqui na Catedral de Santana \u00e9 grande, e estamos presentes na prociss\u00e3o em homenagem a Senhora Santana. Participamos de v\u00e1rios momentos aqui na igreja, e a juventude \u00e9 muito importante para dar continuidade. A gente vai aprendendo com os mais experientes e vai passando o que aprendemos para frente\u201d, declarou.<\/p>\n<p>O prefeito Jos\u00e9 Ronaldo de Carvalho fez quest\u00e3o de ressaltar sua participa\u00e7\u00e3o nos eventos cat\u00f3licos. Segundo ele, a prociss\u00e3o \u00e9 um marco para Feira de Santana. \u201cUm s\u00e1bado muito bonito. Um momento hist\u00f3rico aqui em Feira de Santana com essa prociss\u00e3o no dia da padroeira da cidade, com milhares e milhares de fi\u00e9is rendendo essa homenagem\u201d, afirmou.<\/p>\n<p>Maria Ana Maia Brito, confeiteira de Concei\u00e7\u00e3o do Jacu\u00edpe, tamb\u00e9m prestigiou a prociss\u00e3o num ato de f\u00e9 e devo\u00e7\u00e3o. \u201cVim com mais de 40 pessoas, e \u00e9 a primeira vez que participo aqui em Feira de Santana. Est\u00e1 tudo muito lindo, todos est\u00e3o de parab\u00e9ns\u201d, disse.<\/p>\n<p>Lourdes Silva, comerciante, comentou sobre as b\u00ean\u00e7\u00e3os alcan\u00e7adas atrav\u00e9s de sua f\u00e9. \u201cJ\u00e1 participo h\u00e1 muitos anos, desde jovem, e tudo que pe\u00e7o, alcan\u00e7o. O principal \u00e9 a f\u00e9\u201d, destacou.<\/p>\n<p>O Padre Paulo Tarso destacou o per\u00edodo de prepara\u00e7\u00e3o para a festa e a expressiva participa\u00e7\u00e3o dos fi\u00e9is. \u201cTivemos nove dias de prepara\u00e7\u00e3o para o dia 26. Agora, vemos uma multid\u00e3o na prociss\u00e3o, demonstrando essa grande devo\u00e7\u00e3o e f\u00e9 em Senhora Santana\u201d, afirmou.<\/p>\n<p>Sandra Fernandes, comerciante do bairro Serraria Brasil, carregava um andor de Nossa Senhora do Carmo. Ela destacou que participa h\u00e1 muitos anos da Festa de Santana e relatou as gra\u00e7as alcan\u00e7adas ao longo de sua vida. \u201cA f\u00e9 nos leva a fazer esse gesto de amor por Senhora Santana e por Nossa Senhora do Carmo, padroeira do bairro Serraria Brasil. A fam\u00edlia toda \u00e9 devota, e \u00e9 algo t\u00e3o contagiante que n\u00e3o tem como explicar. Sinto gratid\u00e3o e amor\u201d, declarou emocionada.<\/p>\n<p><em>Com informa\u00e7\u00f5es do rep\u00f3rter Ney Silva do Acorda Cidade<\/em><\/p>\n<p><em>Siga o Acorda Cidade no<\/em><a href=\"https:\/\/news.google.com\/search?q=acorda%20cidade&amp;hl=pt-BR&amp;gl=BR&amp;ceid=BR%3Apt-419\"><strong><em>\u00a0Google Not\u00edcias<\/em><\/strong><\/a><em>\u00a0e receba os principais destaques do dia. Participe tamb\u00e9m dos nossos canais no\u00a0<\/em><a href=\"https:\/\/www.whatsapp.com\/channel\/0029Va6Rb4v3WHTNnsh8WI3N\"><strong><em>WhatsApp<\/em><\/strong><\/a><em>\u00a0e\u00a0<\/em><a href=\"https:\/\/www.youtube.com\/@acordacidadenoticias\/videos\"><strong>Youtube<\/strong><\/a><em>\u00a0e grupo de\u00a0<\/em><a href=\"https:\/\/t.me\/+sSz0khrgARA0ZmRh\"><strong><em>Telegram<\/em><\/strong><\/a><\/p>\n<\/div>\n","protected":false},"excerpt":{"rendered":"<div>Fi\u00e9is vindos de v\u00e1rias cidades da regi\u00e3o, como Concei\u00e7\u00e3o do Jacu\u00edpe, participaram da celebra\u00e7\u00e3o.<\/div>\n","protected":false},"author":1,"featured_media":0,"comment_status":"closed","ping_status":"closed","sticky":false,"template":"","format":"gallery","meta":{"footnotes":""},"categories":[8,9,6,57,56,10],"tags":[],"class_list":["post-94792","post","type-post","status-publish","format-gallery","hentry","category-bahia","category-brasil","category-feira-de-santana","category-mundo","category-policia","category-politica","post_format-post-format-gallery"],"featured_image_urls":{"full":"","thumbnail":"","medium":"","medium_large":"","large":"","1536x1536":"","2048x2048":"","chromenews-featured":"","chromenews-large":"","chromenews-medium":""},"author_info":{"display_name":"noticiasbahia360.com.br","author_link":"https:\/\/noticiasbahia360.com.br\/?author=1"},"category_info":"<a href=\"https:\/\/noticiasbahia360.com.br\/?cat=8\" rel=\"category\">Bahia<\/a> <a href=\"https:\/\/noticiasbahia360.com.br\/?cat=9\" rel=\"category\">Brasil<\/a> <a href=\"https:\/\/noticiasbahia360.com.br\/?cat=6\" rel=\"category\">Feira de Santana<\/a> <a href=\"https:\/\/noticiasbahia360.com.br\/?cat=57\" rel=\"category\">Mundo<\/a> <a href=\"https:\/\/noticiasbahia360.com.br\/?cat=56\" rel=\"category\">Pol\u00edcia<\/a> <a href=\"https:\/\/noticiasbahia360.com.br\/?cat=10\" rel=\"category\">Pol\u00edtica<\/a>","tag_info":"Pol\u00edtica","comment_count":"0","_links":{"self":[{"href":"https:\/\/noticiasbahia360.com.br\/index.php?rest_route=\/wp\/v2\/posts\/94792","targetHints":{"allow":["GET"]}}],"collection":[{"href":"https:\/\/noticiasbahia360.com.br\/index.php?rest_route=\/wp\/v2\/posts"}],"about":[{"href":"https:\/\/noticiasbahia360.com.br\/index.php?rest_route=\/wp\/v2\/types\/post"}],"author":[{"embeddable":true,"href":"https:\/\/noticiasbahia360.com.br\/index.php?rest_route=\/wp\/v2\/users\/1"}],"replies":[{"embeddable":true,"href":"https:\/\/noticiasbahia360.com.br\/index.php?rest_route=%2Fwp%2Fv2%2Fcomments&post=94792"}],"version-history":[{"count":0,"href":"https:\/\/noticiasbahia360.com.br\/index.php?rest_route=\/wp\/v2\/posts\/94792\/revisions"}],"wp:attachment":[{"href":"https:\/\/noticiasbahia360.com.br\/index.php?rest_route=%2Fwp%2Fv2%2Fmedia&parent=94792"}],"wp:term":[{"taxonomy":"category","embeddable":true,"href":"https:\/\/noticiasbahia360.com.br\/index.php?rest_route=%2Fwp%2Fv2%2Fcategories&post=94792"},{"taxonomy":"post_tag","embeddable":true,"href":"https:\/\/noticiasbahia360.com.br\/index.php?rest_route=%2Fwp%2Fv2%2Ftags&post=94792"}],"curies":[{"name":"wp","href":"https:\/\/api.w.org\/{rel}","templated":true}]}}