{"id":94797,"date":"2025-07-27T06:50:19","date_gmt":"2025-07-27T09:50:19","guid":{"rendered":"https:\/\/noticiasbahia360.com.br\/?p=94797"},"modified":"2025-07-27T06:50:19","modified_gmt":"2025-07-27T09:50:19","slug":"estudante-de-feira-de-santana-cria-rede-de-incentivo-a-leitura-com-livros-para-aluguel-troca-e-venda","status":"publish","type":"post","link":"https:\/\/noticiasbahia360.com.br\/?p=94797","title":{"rendered":"Estudante de Feira de Santana cria rede de incentivo \u00e0 leitura com livros para aluguel, troca e venda"},"content":{"rendered":"<div>\n<div>\n<figure><img decoding=\"async\" src=\"http:\/\/noticiasbahia360.com.br\/wp-content\/uploads\/2025\/07\/Estudante-de-Feira-de-Santana-cria-rede-de-incentivo-a-leitura-com-livros-para-aluguel-troca-e-venda1.jpg\" alt=\"Estudante de Feira de Santana cria rede de incentivo \u00e0 leitura com livros para aluguel, troca e venda\"><figcaption>Foto: Ed Santos\/Acorda Cidade<\/figcaption><\/figure>\n<\/div>\n<p>Uma iniciativa criada por uma estudante de Feira de Santana est\u00e1 aproximando jovens do h\u00e1bito da leitura. Anna Beatriz da Silva Souza \u00e9 a criadora do projeto <strong>Meu Livro Eu Alugo<\/strong>, que nasceu no in\u00edcio da pandemia, a partir de uma necessidade pessoal. Ao Acorda Cidade, Anna conta que sonhava em ler um determinado livro, mas n\u00e3o tinha condi\u00e7\u00f5es financeiras para compr\u00e1-lo. Para conquistar esse objetivo, ela decidiu alugar os poucos exemplares que tinha em casa.<\/p>\n<p>\u201cO projeto surgiu no in\u00edcio da pandemia sem a inten\u00e7\u00e3o de se tornar algo maior. Eu precisava muito ler um livro, j\u00e1 tinha pegado alguns emprestados e sentia vontade de terminar aquela cole\u00e7\u00e3o. Ent\u00e3o, por necessidade, peguei cinco livros que estavam parados em casa e resolvi alugar por valores simb\u00f3licos. Juntei o dinheiro para comprar o livro que eu tanto queria,\u201d contou.<\/p>\n<figure class=\"wp-block-image size-full\"><img fetchpriority=\"high\" fetchpriority=\"high\" decoding=\"async\" width=\"1200\" height=\"675\" src=\"http:\/\/noticiasbahia360.com.br\/wp-content\/uploads\/2025\/07\/Estudante-de-Feira-de-Santana-cria-rede-de-incentivo-a-leitura-com-livros-para-aluguel-troca-e-venda2.jpg\" alt=\"Estudante de Feira de Santana cria rede de incentivo \u00e0 leitura com livros para aluguel, troca e venda\" class=\"wp-image-577099\" srcset=\"https:\/\/uploads.acordacidade.com.br\/2025\/07\/Estudante-de-Feira-de-Santana-cria-rede-de-incentivo-a-leitura-com-livros-para-aluguel-troca-e-venda2-648x365.jpg 648w, https:\/\/uploads.acordacidade.com.br\/2025\/07\/Estudante-de-Feira-de-Santana-cria-rede-de-incentivo-a-leitura-com-livros-para-aluguel-troca-e-venda2-150x84.jpg 150w, http:\/\/noticiasbahia360.com.br\/wp-content\/uploads\/2025\/07\/Estudante-de-Feira-de-Santana-cria-rede-de-incentivo-a-leitura-com-livros-para-aluguel-troca-e-venda2.jpg 1200w\" sizes=\"(max-width: 1200px) 100vw, 1200px\"><figcaption class=\"wp-element-caption\">Foto: Ed Santos\/Acorda Cidade<\/figcaption><\/figure>\n<p>O t\u00edtulo do livro que Anna desejava era Minha Vida Fora de S\u00e9rie \u2013 3, da autora Paula Pimenta. A partir dessa conquista, Anna come\u00e7ou a escrever uma nova hist\u00f3ria com a ajuda de muitas pessoas. O que inicialmente surgiu de uma necessidade pessoal come\u00e7ou a impactar a vida de outros leitores, e hoje o projeto \u00e9 uma rede de incentivo \u00e0 leitura. Atualmente, conta com mais de 1.500 livros e o envolvimento de diversas pessoas.<\/p>\n<p>\u201cConheci outras pessoas que tinham livros parados em casa e que queriam vend\u00ea-los, e isso acabou se tornando um projeto. Passamos a n\u00e3o s\u00f3 alugar, mas tamb\u00e9m vender livros de outras pessoas. Hoje, o projeto \u00e9 uma rede de leitores, que n\u00e3o funciona apenas com aluguel, mas tamb\u00e9m com venda, troca e compra de livros. E temos um sonho do projeto ter um espa\u00e7o f\u00edsico, uma locadora\u201d, revelou. <\/p>\n<h2 class=\"wp-block-heading\" id=\"h-como-funciona-o-projeto\">Como funciona o projeto<\/h2>\n<p>Anna Beatriz explicou que o projeto funciona da seguinte forma: A pessoa aluga o livro pagando cerca de R$ 2,50 e pode ficar com o livro durante o tempo acordado. Caso necessite de mais tempo para finalizar a leitura, paga um adicional de cerca de R$ 1,00. Quando finaliza a leitura, o livro \u00e9 devolvido.<\/p>\n<figure class=\"wp-block-image size-large\"><img decoding=\"async\" width=\"1155\" height=\"768\" src=\"http:\/\/noticiasbahia360.com.br\/wp-content\/uploads\/2025\/07\/Estudante-de-Feira-de-Santana-cria-rede-de-incentivo-a-leitura-com-livros-para-aluguel-troca-e-venda4-1155x768-1.jpg\" alt=\"Estudante de Feira de Santana cria rede de incentivo \u00e0 leitura com livros para aluguel, troca e venda\" class=\"wp-image-577097\" srcset=\"https:\/\/uploads.acordacidade.com.br\/2025\/07\/Estudante-de-Feira-de-Santana-cria-rede-de-incentivo-a-leitura-com-livros-para-aluguel-troca-e-venda4-549x365.jpg 549w, http:\/\/noticiasbahia360.com.br\/wp-content\/uploads\/2025\/07\/Estudante-de-Feira-de-Santana-cria-rede-de-incentivo-a-leitura-com-livros-para-aluguel-troca-e-venda4-1155x768-1.jpg 1155w, https:\/\/uploads.acordacidade.com.br\/2025\/07\/Estudante-de-Feira-de-Santana-cria-rede-de-incentivo-a-leitura-com-livros-para-aluguel-troca-e-venda4-832x553.jpg 832w, https:\/\/uploads.acordacidade.com.br\/2025\/07\/Estudante-de-Feira-de-Santana-cria-rede-de-incentivo-a-leitura-com-livros-para-aluguel-troca-e-venda4-150x100.jpg 150w, https:\/\/uploads.acordacidade.com.br\/2025\/07\/Estudante-de-Feira-de-Santana-cria-rede-de-incentivo-a-leitura-com-livros-para-aluguel-troca-e-venda4.jpg 1200w\" sizes=\"(max-width: 1155px) 100vw, 1155px\"><figcaption class=\"wp-element-caption\">Foto: Ed Santos\/Acorda Cidade<\/figcaption><\/figure>\n<p>O projeto tamb\u00e9m realiza din\u00e2micas em escolas de Feira de Santana, disponibilizando livros para aluguel, troca e venda com valores de sebo.<\/p>\n<p>\u201cS\u00e3o livros usados, mas em excelente estado de conserva\u00e7\u00e3o. \u00c9 um projeto vivo, principalmente nas escolas. O aluguel funciona melhor nas escolas porque conseguimos manter o controle do estado de conserva\u00e7\u00e3o dos livros e tamb\u00e9m saber onde o livro est\u00e1\u201d, afirmou.<\/p>\n<h2 class=\"wp-block-heading\" id=\"h-apoio-de-professores-e-coordenadores\">Apoio de professores e coordenadores<\/h2>\n<p>Anna Beatriz tamb\u00e9m falou sobre o crescimento do projeto e o apoio recebido, especialmente de professores e coordenadores das escolas de Feira de Santana. Ela afirmou que a cada evento realizado, o acervo de livros cresce, j\u00e1 que o projeto tamb\u00e9m recebe doa\u00e7\u00f5es.<\/p>\n<p>\u201cEu e minha irm\u00e3 estamos \u00e0 frente desse projeto, mas contamos com o apoio de muitas outras pessoas. N\u00e3o nos limitamos \u00e0s escolas e eventos. <strong>Tamb\u00e9m estamos no Instagram, atrav\u00e9s do @meulivroeualuho.<\/strong> Por l\u00e1, anunciamos os livros dispon\u00edveis para venda, troca e aluguel,\u201d contou.<\/p>\n<figure class=\"wp-block-image size-full\"><img decoding=\"async\" width=\"1200\" height=\"675\" src=\"http:\/\/noticiasbahia360.com.br\/wp-content\/uploads\/2025\/07\/Estudante-de-Feira-de-Santana-cria-rede-de-incentivo-a-leitura-com-livros-para-aluguel-troca-e-venda3.jpg\" alt=\"Estudante de Feira de Santana cria rede de incentivo \u00e0 leitura com livros para aluguel, troca e venda\" class=\"wp-image-577098\" srcset=\"https:\/\/uploads.acordacidade.com.br\/2025\/07\/Estudante-de-Feira-de-Santana-cria-rede-de-incentivo-a-leitura-com-livros-para-aluguel-troca-e-venda3-648x365.jpg 648w, https:\/\/uploads.acordacidade.com.br\/2025\/07\/Estudante-de-Feira-de-Santana-cria-rede-de-incentivo-a-leitura-com-livros-para-aluguel-troca-e-venda3-150x84.jpg 150w, http:\/\/noticiasbahia360.com.br\/wp-content\/uploads\/2025\/07\/Estudante-de-Feira-de-Santana-cria-rede-de-incentivo-a-leitura-com-livros-para-aluguel-troca-e-venda3.jpg 1200w\" sizes=\"(max-width: 1200px) 100vw, 1200px\"><figcaption class=\"wp-element-caption\">Foto: Ed Santos\/Acorda Cidade<\/figcaption><\/figure>\n<h2 class=\"wp-block-heading\" id=\"h-inspiracao\">Inspira\u00e7\u00e3o<\/h2>\n<p>O objetivo do projeto, segundo a estudante, \u00e9 dar acesso aos livros ao maior n\u00famero poss\u00edvel de pessoas. Assim como Anna inspira jovens a desenvolver o h\u00e1bito da leitura, ela pr\u00f3pria se aproximou desse universo por meio de um projeto escolar.<\/p>\n<p>\u201cO professor Marcos fez um projeto \u00e0 parte, fora do hor\u00e1rio regular das aulas, e eu me interessei e comecei a participar. Foi a partir da\u00ed que desenvolvi o gosto e o h\u00e1bito pela leitura.\u201d<\/p>\n<figure class=\"wp-block-image size-large\"><img decoding=\"async\" width=\"1104\" height=\"768\" src=\"http:\/\/noticiasbahia360.com.br\/wp-content\/uploads\/2025\/07\/Estudante-de-Feira-de-Santana-cria-rede-de-incentivo-a-leitura-com-livros-para-aluguel-troca-e-venda-1104x768-1.jpg\" alt=\"Estudante de Feira de Santana cria rede de incentivo \u00e0 leitura com livros para aluguel, troca e venda\" class=\"wp-image-577101\" srcset=\"https:\/\/uploads.acordacidade.com.br\/2025\/07\/Estudante-de-Feira-de-Santana-cria-rede-de-incentivo-a-leitura-com-livros-para-aluguel-troca-e-venda-525x365.jpg 525w, http:\/\/noticiasbahia360.com.br\/wp-content\/uploads\/2025\/07\/Estudante-de-Feira-de-Santana-cria-rede-de-incentivo-a-leitura-com-livros-para-aluguel-troca-e-venda-1104x768-1.jpg 1104w, https:\/\/uploads.acordacidade.com.br\/2025\/07\/Estudante-de-Feira-de-Santana-cria-rede-de-incentivo-a-leitura-com-livros-para-aluguel-troca-e-venda-795x553.jpg 795w, https:\/\/uploads.acordacidade.com.br\/2025\/07\/Estudante-de-Feira-de-Santana-cria-rede-de-incentivo-a-leitura-com-livros-para-aluguel-troca-e-venda-150x104.jpg 150w, https:\/\/uploads.acordacidade.com.br\/2025\/07\/Estudante-de-Feira-de-Santana-cria-rede-de-incentivo-a-leitura-com-livros-para-aluguel-troca-e-venda.jpg 1200w\" sizes=\"(max-width: 1104px) 100vw, 1104px\"><figcaption class=\"wp-element-caption\">Foto: Ed Santos\/Acorda Cidade<\/figcaption><\/figure>\n<p>O professor, por sua vez, acompanha com orgulho os passos dados por Anna. Marcos Pereira, professor de biologia e ci\u00eancias, relatou ao Acorda Cidade sobre o projeto que desenvolveu.<\/p>\n<p>\u201cFoi um projeto desenvolvido durante meu mestrado, onde usamos livros da literatura cl\u00e1ssica para aprender biologia. Faz\u00edamos uma leitura cr\u00edtica do livro O Corti\u00e7o, que traz mensagens sociais, pol\u00edticas e tamb\u00e9m li\u00e7\u00f5es da biologia. Anna foi uma das participantes desse projeto, que se transformou em um livro. Assim, formamos novos leitores, e agora, Anna est\u00e1 ampliando a possibilidade de leitura para mais pessoas, especialmente aquelas que n\u00e3o leem por n\u00e3o terem o h\u00e1bito,\u201d afirmou.<\/p>\n<p><em>Com informa\u00e7\u00f5es do rep\u00f3rter Ed Santos do Acorda Cidade<\/em><\/p>\n<p><em>Siga o Acorda Cidade no<\/em><a href=\"https:\/\/news.google.com\/search?q=acorda%20cidade&amp;hl=pt-BR&amp;gl=BR&amp;ceid=BR%3Apt-419\"><strong><em>\u00a0Google Not\u00edcias<\/em><\/strong><\/a><em>\u00a0e receba os principais destaques do dia. Participe tamb\u00e9m dos nossos canais no\u00a0<\/em><a href=\"https:\/\/www.whatsapp.com\/channel\/0029Va6Rb4v3WHTNnsh8WI3N\"><strong><em>WhatsApp<\/em><\/strong><\/a><em>\u00a0e\u00a0<\/em><a href=\"https:\/\/www.youtube.com\/@acordacidadenoticias\/videos\"><strong>Youtube<\/strong><\/a><em>\u00a0e grupo de\u00a0<\/em><a href=\"https:\/\/t.me\/+sSz0khrgARA0ZmRh\"><strong><em>Telegram<\/em><\/strong><\/a><\/p>\n<\/div>\n","protected":false},"excerpt":{"rendered":"<div>\n<div>\n<figure><img decoding=\"async\" src=\"https:\/\/uploads.acordacidade.com.br\/2025\/07\/Estudante-de-Feira-de-Santana-cria-rede-de-incentivo-a-leitura-com-livros-para-aluguel-troca-e-venda1.jpg\" alt=\"Estudante de Feira de Santana cria rede de incentivo \u00e0 leitura com livros para aluguel, troca e venda\"><figcaption>Foto: Ed Santos\/Acorda Cidade<\/figcaption><\/figure>\n<\/div>\n<p>A estudante afirmou que a cada evento realizado, o acervo de livros cresce, j\u00e1 que o projeto tamb\u00e9m recebe doa\u00e7\u00f5es.<\/p><\/div>\n","protected":false},"author":1,"featured_media":94798,"comment_status":"closed","ping_status":"closed","sticky":false,"template":"","format":"gallery","meta":{"footnotes":""},"categories":[8,9,6,57,56,10],"tags":[],"class_list":["post-94797","post","type-post","status-publish","format-gallery","has-post-thumbnail","hentry","category-bahia","category-brasil","category-feira-de-santana","category-mundo","category-policia","category-politica","post_format-post-format-gallery"],"featured_image_urls":{"full":["https:\/\/noticiasbahia360.com.br\/wp-content\/uploads\/2025\/07\/Estudante-de-Feira-de-Santana-cria-rede-de-incentivo-a-leitura-com-livros-para-aluguel-troca-e-venda1.jpg",1200,675,false],"thumbnail":["https:\/\/noticiasbahia360.com.br\/wp-content\/uploads\/2025\/07\/Estudante-de-Feira-de-Santana-cria-rede-de-incentivo-a-leitura-com-livros-para-aluguel-troca-e-venda1-150x150.jpg",150,150,true],"medium":["https:\/\/noticiasbahia360.com.br\/wp-content\/uploads\/2025\/07\/Estudante-de-Feira-de-Santana-cria-rede-de-incentivo-a-leitura-com-livros-para-aluguel-troca-e-venda1-300x169.jpg",300,169,true],"medium_large":["https:\/\/noticiasbahia360.com.br\/wp-content\/uploads\/2025\/07\/Estudante-de-Feira-de-Santana-cria-rede-de-incentivo-a-leitura-com-livros-para-aluguel-troca-e-venda1-768x432.jpg",640,360,true],"large":["https:\/\/noticiasbahia360.com.br\/wp-content\/uploads\/2025\/07\/Estudante-de-Feira-de-Santana-cria-rede-de-incentivo-a-leitura-com-livros-para-aluguel-troca-e-venda1-1024x576.jpg",640,360,true],"1536x1536":["https:\/\/noticiasbahia360.com.br\/wp-content\/uploads\/2025\/07\/Estudante-de-Feira-de-Santana-cria-rede-de-incentivo-a-leitura-com-livros-para-aluguel-troca-e-venda1.jpg",1200,675,false],"2048x2048":["https:\/\/noticiasbahia360.com.br\/wp-content\/uploads\/2025\/07\/Estudante-de-Feira-de-Santana-cria-rede-de-incentivo-a-leitura-com-livros-para-aluguel-troca-e-venda1.jpg",1200,675,false],"chromenews-featured":["https:\/\/noticiasbahia360.com.br\/wp-content\/uploads\/2025\/07\/Estudante-de-Feira-de-Santana-cria-rede-de-incentivo-a-leitura-com-livros-para-aluguel-troca-e-venda1-1024x576.jpg",1024,576,true],"chromenews-large":["https:\/\/noticiasbahia360.com.br\/wp-content\/uploads\/2025\/07\/Estudante-de-Feira-de-Santana-cria-rede-de-incentivo-a-leitura-com-livros-para-aluguel-troca-e-venda1-825x575.jpg",825,575,true],"chromenews-medium":["https:\/\/noticiasbahia360.com.br\/wp-content\/uploads\/2025\/07\/Estudante-de-Feira-de-Santana-cria-rede-de-incentivo-a-leitura-com-livros-para-aluguel-troca-e-venda1-590x410.jpg",590,410,true]},"author_info":{"display_name":"noticiasbahia360.com.br","author_link":"https:\/\/noticiasbahia360.com.br\/?author=1"},"category_info":"<a href=\"https:\/\/noticiasbahia360.com.br\/?cat=8\" rel=\"category\">Bahia<\/a> <a href=\"https:\/\/noticiasbahia360.com.br\/?cat=9\" rel=\"category\">Brasil<\/a> <a href=\"https:\/\/noticiasbahia360.com.br\/?cat=6\" rel=\"category\">Feira de Santana<\/a> <a href=\"https:\/\/noticiasbahia360.com.br\/?cat=57\" rel=\"category\">Mundo<\/a> <a href=\"https:\/\/noticiasbahia360.com.br\/?cat=56\" rel=\"category\">Pol\u00edcia<\/a> <a href=\"https:\/\/noticiasbahia360.com.br\/?cat=10\" rel=\"category\">Pol\u00edtica<\/a>","tag_info":"Pol\u00edtica","comment_count":"0","_links":{"self":[{"href":"https:\/\/noticiasbahia360.com.br\/index.php?rest_route=\/wp\/v2\/posts\/94797","targetHints":{"allow":["GET"]}}],"collection":[{"href":"https:\/\/noticiasbahia360.com.br\/index.php?rest_route=\/wp\/v2\/posts"}],"about":[{"href":"https:\/\/noticiasbahia360.com.br\/index.php?rest_route=\/wp\/v2\/types\/post"}],"author":[{"embeddable":true,"href":"https:\/\/noticiasbahia360.com.br\/index.php?rest_route=\/wp\/v2\/users\/1"}],"replies":[{"embeddable":true,"href":"https:\/\/noticiasbahia360.com.br\/index.php?rest_route=%2Fwp%2Fv2%2Fcomments&post=94797"}],"version-history":[{"count":0,"href":"https:\/\/noticiasbahia360.com.br\/index.php?rest_route=\/wp\/v2\/posts\/94797\/revisions"}],"wp:featuredmedia":[{"embeddable":true,"href":"https:\/\/noticiasbahia360.com.br\/index.php?rest_route=\/wp\/v2\/media\/94798"}],"wp:attachment":[{"href":"https:\/\/noticiasbahia360.com.br\/index.php?rest_route=%2Fwp%2Fv2%2Fmedia&parent=94797"}],"wp:term":[{"taxonomy":"category","embeddable":true,"href":"https:\/\/noticiasbahia360.com.br\/index.php?rest_route=%2Fwp%2Fv2%2Fcategories&post=94797"},{"taxonomy":"post_tag","embeddable":true,"href":"https:\/\/noticiasbahia360.com.br\/index.php?rest_route=%2Fwp%2Fv2%2Ftags&post=94797"}],"curies":[{"name":"wp","href":"https:\/\/api.w.org\/{rel}","templated":true}]}} 