{"id":94803,"date":"2025-07-27T07:00:22","date_gmt":"2025-07-27T10:00:22","guid":{"rendered":"https:\/\/noticiasbahia360.com.br\/?p=94803"},"modified":"2025-07-27T07:00:22","modified_gmt":"2025-07-27T10:00:22","slug":"vitoria-arranca-empate-com-o-mirassol-e-amplia-sequencia-sem-derrotas-no-brasileiro","status":"publish","type":"post","link":"https:\/\/noticiasbahia360.com.br\/?p=94803","title":{"rendered":"Vit\u00f3ria arranca empate com o Mirassol e amplia sequ\u00eancia sem derrotas no Brasileiro"},"content":{"rendered":"<div>\n<div>\n<figure><img decoding=\"async\" src=\"http:\/\/noticiasbahia360.com.br\/wp-content\/uploads\/2025\/07\/vitoria-e-mirasol.jpg\" alt=\"vit\u00f3ria e mirasol\"><figcaption>Foto: Victor Ferreira\/EC Vit\u00f3ria<\/figcaption><\/figure>\n<\/div>\n<p>Vit\u00f3ria e Mirassol se enfrentaram na noite deste s\u00e1bado (26) pela 17\u00aa rodada do Campeonato Brasileiro e empataram no placar de 1 a 1 no Est\u00e1dio Campos Maia. Os gols dos donos da casa foi marcado por Edson Carioca, enquanto os visitantes empataram com Gabriel Baralhas.<\/p>\n<p>Com o resultado, o Rubro-Negro Baiano se mant\u00e9m na 15\u00aa coloca\u00e7\u00e3o, agora com 17 pontos somados na tabela. Enquanto por outro lado, o Le\u00e3o do Interior vai a 25 pontos, estacionando na s\u00e9tima coloca\u00e7\u00e3o.<\/p>\n<p>O pr\u00f3ximo compromisso do Le\u00e3o da Barra ser\u00e1 novamente pelo Brasileiro. No pr\u00f3ximo domingo (3), a equipe encara o Palmeiras, pela 18\u00aa rodada da competi\u00e7\u00e3o. A bola rola \u00e0s 20h30, no Est\u00e1dio Manoel Barradas. Pela mesma rodada, o Mirassol, recebe o Vasco da Gama no Mir\u00e3o, no pr\u00f3ximo s\u00e1bado (2), \u00e0s 18h30.<\/p>\n<h2 class=\"wp-block-heading\" id=\"h-o-jogo\">O JOGO<\/h2>\n<p>O Vit\u00f3ria precisou de apenas 15 segundos para assustar o Mirassol. Em lan\u00e7amento longo de Lucas Arcanjo para a \u00e1rea, Kayzer dividiu com Gabriel Knesowitsch, que acabou cabeceando contra a pr\u00f3pria trave e quase marcou contra, quase abrindo o placar para o Rubro-Negro.<\/p>\n<p><strong>Gol do Mirassol<\/strong><\/p>\n<p>Yago Felipe aproveitou a sobra na entrada da \u00e1rea e fez um belo passe em profundidade para Edson Carioca, que se infiltrou e finalizou no canto direito de Lucas Arcanjo, abrindo o placar para o Le\u00e3o do Interior aos cinco minutos.<\/p>\n<p><strong>GOOOOOOOOLLLL DO VIT\u00d3RIA!!!!<\/strong><\/p>\n<p>O Rubro-Negro respondeu aos 12 minutos com Baralhas. Lucas Braga cruzou no segundo pau para Osvaldo, que finalizou de primeira e parou em boa defesa de Walter. No rebote, o camisa 44 do Vit\u00f3ria chegou batendo de primeira e, mesmo com o toque do goleiro do Mirassol, a bola morreu no fundo da rede.<\/p>\n<p><strong>SALVA, LUCAS ARCANJO!<\/strong><\/p>\n<p>No escanteio cobrado aos 14 minutos, Reinaldo cruzou para o zagueiro Gabriel Knesowitsch, que raspou de cabe\u00e7a e Lucas Arcanjo espalmou \u00e0 queima-roupa para fora do gol.<\/p>\n<p><strong>RENATO KAYZER MANDA NA TRAVE!<\/strong><\/p>\n<p>Aos 17 minutos, Renato Kayzer aproveitou um passe errado de Jammes e invadiu a \u00e1rea, finalizando no canto direito de Walter. A bola, por\u00e9m, explodiu na trave. No rebote, Osvaldo, cara a cara com o goleiro, mandou para fora, acertando a rede pelo lado de fora \u2014 mas o lance j\u00e1 estava invalidado por impedimento.<\/p>\n<p>Vit\u00f3ria e Mirassol fizeram um jogo bastante movimentado na primeira etapa, com lances claros para ambas as equipes | Foto: Victor Ferreira\/EC Vit\u00f3ria<\/p>\n<p><strong>SEGUNDO TEMPO<\/strong><\/p>\n<p>O Mirassol come\u00e7ou melhor no segundo tempo e logo passou a trocar passes no campo ofensivo, envolvendo o Vit\u00f3ria. Aos quatro minutos, Lucas Ramon acionou Negueba, que recuou para Yago Felipe na entrada da \u00e1rea. O meia bateu de primeira, mas a bola desviou na cabe\u00e7a de Chico da Costa, atrapalhando a finaliza\u00e7\u00e3o. Dois minutos depois, Neto Moura aproveitou uma sobra na intermedi\u00e1ria, dominou e soltou uma bomba que passou rente ao travess\u00e3o rubro-negro.<\/p>\n<p><strong>VIT\u00d3RIA QUASE MARCA O SEGUNDO!!!<\/strong><\/p>\n<p>Aos sete minutos, o \u201cVov\u00f4\u201d recebeu pela esquerda, balan\u00e7ou na frente da marca\u00e7\u00e3o e chutou colocado de fora da \u00e1rea. A bola explodiu no travess\u00e3o de Walter. Dois minutos depois, o Vit\u00f3ria teve nova chance em escanteio cobrado por Ronald. A bola encontrou Lucas Braga livre na \u00e1rea, que finalizou cara a cara, mas parou em grande defesa \u00e0 queima-roupa do goleiro do Mirassol.<\/p>\n<p><strong>ARCANJO SALVA NOVAMENTE!!<\/strong><\/p>\n<p>Lucas Ramon cruzou bola na \u00e1rea aos 20 minutos, encontrando Edson Carioca, que cabeceou no canto esquerdo de Lucas Arcanjo, defendendo em dois tempos.<\/p>\n<p><strong>Cristian quase empata para o Mirassol<\/strong><\/p>\n<p>Aos 30 minutos, Jos\u00e9 Aldo recebeu no lado direito da \u00e1rea e escorou de cabe\u00e7a para Cristian livre dentro da \u00e1rea, mas o camisa 17 mandou por cima do gol de Lucas Arcanjo.<\/p>\n<p><strong>FICHA T\u00c9CNICA<\/strong><\/p>\n<p>Mirassol 1 x 1 Vit\u00f3ria<\/p>\n<p>Campeonato Brasileiro \u2013 17\u00aa rodada<\/p>\n<p>Local: Est\u00e1dio Municipal Jos\u00e9 Maria de Campos Maia, o Mai\u00e3o<\/p>\n<p>Data: 26\/07\/2025<\/p>\n<p>Hor\u00e1rio: 18h30<\/p>\n<p>\u00c1rbitro: Bruno Arleu de Araujo (RJ)<\/p>\n<p>Assistentes: Bruno Raphael Pires (GO) e Luiz Claudio Regazone (RJ)<\/p>\n<p>VAR: Caio Max Augusto Vieira (GO)<\/p>\n<p>Transmiss\u00e3o: Premiere<\/p>\n<p>Cart\u00f5es amarelos: Reinaldo e Carlos Eduardo (Mirassol) \/ Claudinho (Vit\u00f3ria)<\/p>\n<p>Gols: Edson Carioca (Mirassol) \/ Baralhas (Vit\u00f3ria)<\/p>\n<p>Mirassol: Walter; Lucas Ramon, Knesowitsch, Jemmes e Reinaldo; Neto Moura (Chico Kim), Yago Felipe (Jos\u00e9 Aldo) e Gabriel (Carlos Eduardo); Negueba, Edson Carioca e Chico da Costa (Cristian). T\u00e9cnico: Rafael Guanaes.<\/p>\n<p>Vit\u00f3ria: Lucas Arcanjo; Ra\u00fal C\u00e1ceres; Lucas Halter, Z\u00e9 Marcos e Maykon Jesus; Baralhas, Willian Oliveira (Pep\u00ea) e Ronald (Ruben Rodrigues); Lucas Braga (Claudinho), Osvaldo (Felipe Cardoso) e Renato Kayzer (Renzo L\u00f3pez). T\u00e9cnico: F\u00e1bio Carille.<\/p>\n<p>Fonte: <a href=\"https:\/\/www.bahianoticias.com.br\/esportes\/vitoria\/29785-vitoria-arranca-empate-com-o-mirassol-no-maiao-e-amplia-sequencia-sem-derrotas-no-brasileiro?_gl=1*1lao9ho*_gcl_au*NTk2Nzg1Njk5LjE3NTM1NjE4NzM.\" target=\"_blank\" rel=\"noreferrer noopener\">Bahia Not\u00edcias<\/a>, site parceiro do Acorda Cidade<\/p>\n<p><em>Siga o Acorda Cidade no<\/em><a href=\"https:\/\/news.google.com\/search?q=acorda%20cidade&amp;hl=pt-BR&amp;gl=BR&amp;ceid=BR%3Apt-419\"><strong><em>\u00a0Google Not\u00edcias<\/em><\/strong><\/a><em>\u00a0e receba os principais destaques do dia. Participe tamb\u00e9m dos nossos canais no\u00a0<\/em><a href=\"https:\/\/www.whatsapp.com\/channel\/0029Va6Rb4v3WHTNnsh8WI3N\"><strong><em>WhatsApp<\/em><\/strong><\/a><em>\u00a0e\u00a0<\/em><a href=\"https:\/\/www.youtube.com\/@acordacidadenoticias\/videos\"><strong>Youtube<\/strong><\/a><em>\u00a0e grupo de\u00a0<\/em><a href=\"https:\/\/t.me\/+sSz0khrgARA0ZmRh\"><strong><em>Telegram<\/em><\/strong><\/a><\/p>\n<\/div>\n","protected":false},"excerpt":{"rendered":"<div>\n<div>\n<figure><img decoding=\"async\" src=\"https:\/\/uploads.acordacidade.com.br\/2025\/07\/vitoria-e-mirasol.jpg\" alt=\"vit\u00f3ria e mirasol\"><figcaption>Foto: Victor Ferreira\/EC Vit\u00f3ria<\/figcaption><\/figure>\n<\/div>\n<p>O pr\u00f3ximo compromisso do Vit\u00f3ria ser\u00e1 novamente pelo Brasileiro. No pr\u00f3ximo domingo (3), a equipe encara o Palmeiras.<\/p><\/div>\n","protected":false},"author":1,"featured_media":94804,"comment_status":"closed","ping_status":"closed","sticky":false,"template":"","format":"gallery","meta":{"footnotes":""},"categories":[8,9,6,57,56,10],"tags":[],"class_list":["post-94803","post","type-post","status-publish","format-gallery","has-post-thumbnail","hentry","category-bahia","category-brasil","category-feira-de-santana","category-mundo","category-policia","category-politica","post_format-post-format-gallery"],"featured_image_urls":{"full":["https:\/\/noticiasbahia360.com.br\/wp-content\/uploads\/2025\/07\/vitoria-e-mirasol.jpg",1200,799,false],"thumbnail":["https:\/\/noticiasbahia360.com.br\/wp-content\/uploads\/2025\/07\/vitoria-e-mirasol-150x150.jpg",150,150,true],"medium":["https:\/\/noticiasbahia360.com.br\/wp-content\/uploads\/2025\/07\/vitoria-e-mirasol-300x200.jpg",300,200,true],"medium_large":["https:\/\/noticiasbahia360.com.br\/wp-content\/uploads\/2025\/07\/vitoria-e-mirasol-768x511.jpg",640,426,true],"large":["https:\/\/noticiasbahia360.com.br\/wp-content\/uploads\/2025\/07\/vitoria-e-mirasol-1024x682.jpg",640,426,true],"1536x1536":["https:\/\/noticiasbahia360.com.br\/wp-content\/uploads\/2025\/07\/vitoria-e-mirasol.jpg",1200,799,false],"2048x2048":["https:\/\/noticiasbahia360.com.br\/wp-content\/uploads\/2025\/07\/vitoria-e-mirasol.jpg",1200,799,false],"chromenews-featured":["https:\/\/noticiasbahia360.com.br\/wp-content\/uploads\/2025\/07\/vitoria-e-mirasol-1024x682.jpg",1024,682,true],"chromenews-large":["https:\/\/noticiasbahia360.com.br\/wp-content\/uploads\/2025\/07\/vitoria-e-mirasol-825x575.jpg",825,575,true],"chromenews-medium":["https:\/\/noticiasbahia360.com.br\/wp-content\/uploads\/2025\/07\/vitoria-e-mirasol-590x410.jpg",590,410,true]},"author_info":{"display_name":"noticiasbahia360.com.br","author_link":"https:\/\/noticiasbahia360.com.br\/?author=1"},"category_info":"<a href=\"https:\/\/noticiasbahia360.com.br\/?cat=8\" rel=\"category\">Bahia<\/a> <a href=\"https:\/\/noticiasbahia360.com.br\/?cat=9\" rel=\"category\">Brasil<\/a> <a href=\"https:\/\/noticiasbahia360.com.br\/?cat=6\" rel=\"category\">Feira de Santana<\/a> <a href=\"https:\/\/noticiasbahia360.com.br\/?cat=57\" rel=\"category\">Mundo<\/a> <a href=\"https:\/\/noticiasbahia360.com.br\/?cat=56\" rel=\"category\">Pol\u00edcia<\/a> <a href=\"https:\/\/noticiasbahia360.com.br\/?cat=10\" rel=\"category\">Pol\u00edtica<\/a>","tag_info":"Pol\u00edtica","comment_count":"0","_links":{"self":[{"href":"https:\/\/noticiasbahia360.com.br\/index.php?rest_route=\/wp\/v2\/posts\/94803","targetHints":{"allow":["GET"]}}],"collection":[{"href":"https:\/\/noticiasbahia360.com.br\/index.php?rest_route=\/wp\/v2\/posts"}],"about":[{"href":"https:\/\/noticiasbahia360.com.br\/index.php?rest_route=\/wp\/v2\/types\/post"}],"author":[{"embeddable":true,"href":"https:\/\/noticiasbahia360.com.br\/index.php?rest_route=\/wp\/v2\/users\/1"}],"replies":[{"embeddable":true,"href":"https:\/\/noticiasbahia360.com.br\/index.php?rest_route=%2Fwp%2Fv2%2Fcomments&post=94803"}],"version-history":[{"count":0,"href":"https:\/\/noticiasbahia360.com.br\/index.php?rest_route=\/wp\/v2\/posts\/94803\/revisions"}],"wp:featuredmedia":[{"embeddable":true,"href":"https:\/\/noticiasbahia360.com.br\/index.php?rest_route=\/wp\/v2\/media\/94804"}],"wp:attachment":[{"href":"https:\/\/noticiasbahia360.com.br\/index.php?rest_route=%2Fwp%2Fv2%2Fmedia&parent=94803"}],"wp:term":[{"taxonomy":"category","embeddable":true,"href":"https:\/\/noticiasbahia360.com.br\/index.php?rest_route=%2Fwp%2Fv2%2Fcategories&post=94803"},{"taxonomy":"post_tag","embeddable":true,"href":"https:\/\/noticiasbahia360.com.br\/index.php?rest_route=%2Fwp%2Fv2%2Ftags&post=94803"}],"curies":[{"name":"wp","href":"https:\/\/api.w.org\/{rel}","templated":true}]}}