{"id":94807,"date":"2025-07-27T12:06:38","date_gmt":"2025-07-27T15:06:38","guid":{"rendered":"https:\/\/noticiasbahia360.com.br\/?p=94807"},"modified":"2025-07-27T12:06:38","modified_gmt":"2025-07-27T15:06:38","slug":"preso-estelionatario-sentimental-que-usa-redes-sociais-para-enganar-mulheres","status":"publish","type":"post","link":"https:\/\/noticiasbahia360.com.br\/?p=94807","title":{"rendered":"Preso estelionat\u00e1rio sentimental que usa redes sociais para enganar mulheres"},"content":{"rendered":"<div>\n<div>\n<figure><img decoding=\"async\" src=\"http:\/\/noticiasbahia360.com.br\/wp-content\/uploads\/2025\/07\/WhatsApp-Image-2025-07-27-at-112201.jpeg\" alt=\"Estelionato sentimental\"><figcaption>Foto: Ascom Pol\u00edcia Civil <\/figcaption><\/figure>\n<\/div>\n<p>A Delegacia Especializada de Atendimento \u00e0 Mulher (Deam) de Feira de Santana, com o apoio do N\u00facleo de Intelig\u00eancia da 1\u00aa Coorpin e da For\u00e7a Integrada de Combate ao Crime Organizado de S\u00e3o Paulo (FICCO\/SP), cumpriu, no s\u00e1bado (26), um mandado de pris\u00e3o preventiva contra um homem de 39 anos, natural de Caruaru\/PE. O investigado \u00e9 suspeito de praticar estelionato sentimental em pelo menos cinco estados: Bahia, Sergipe, Pernambuco, S\u00e3o Paulo e Rio Grande do Norte.<\/p>\n<p>A pris\u00e3o ocorreu na cidade de Boituva\/SP, onde ele foi localizado ap\u00f3s intensas dilig\u00eancias de intelig\u00eancia. Na ocasi\u00e3o, o investigado j\u00e1 estava convivendo com uma nova v\u00edtima, repetindo o padr\u00e3o observado nos crimes anteriores. A ordem de pris\u00e3o foi expedida pela Vara de Viol\u00eancia Dom\u00e9stica e Familiar contra a Mulher de Feira de Santana e est\u00e1 relacionada a um inqu\u00e9rito instaurado pela Deam para apurar pr\u00e1ticas de estelionato contra uma servidora p\u00fablica da cidade, no contexto da Lei Maria da Penha.<\/p>\n<h2 class=\"wp-block-heading\" id=\"h-modus-operandi-do-investigado\">Modus operandi do investigado<\/h2>\n<p>De acordo com as investiga\u00e7\u00f5es, o homem usava a vulnerabilidade emocional das v\u00edtimas para estabelecer falsas rela\u00e7\u00f5es amorosas, com o objetivo de obter vantagens financeiras. No caso investigado pela Deam de Feira de Santana, ele entrou em contato com a v\u00edtima por redes sociais, fez promessas de casamento e sociedade empresarial, e passou alguns dias em sua resid\u00eancia. Utilizando uma narrativa de investimento em um suposto grande neg\u00f3cio, ele convenceu a v\u00edtima a realizar transfer\u00eancias via Pix e a efetuar pagamentos no cart\u00e3o de cr\u00e9dito. Ap\u00f3s obter os valores, rompeu todos os contatos com a v\u00edtima.<\/p>\n<p>As investiga\u00e7\u00f5es mostram que o homem responde a pelo menos 10 inqu\u00e9ritos policiais por crimes semelhantes, envolvendo manipula\u00e7\u00e3o emocional, falsas promessas de v\u00ednculo afetivo ou profissional e elementos religiosos para coagir as v\u00edtimas. Em Sergipe, especialmente na capital Aracaju, ele aparece em sete boletins de ocorr\u00eancia, com preju\u00edzos que ultrapassam R$ 130 mil em um \u00fanico caso.<\/p>\n<h2 class=\"wp-block-heading\" id=\"h-outros-casos-revelados-pela-investigacao\">Outros casos revelados pela investiga\u00e7\u00e3o<\/h2>\n<p><strong>Entre os golpes atribu\u00eddos ao suspeito est\u00e3o:<\/strong><\/p>\n<ul class=\"wp-block-list\">\n<li>Um preju\u00edzo de R$ 130 mil contra uma mulher em Aracaju, com o uso de coa\u00e7\u00e3o e extors\u00e3o; <\/li>\n<li>Fraudes contra ao menos 13 mulheres nos estados de Pernambuco, Sergipe, Rio Grande do Norte e Bahia, com promessas de empregos fict\u00edcios no setor farmac\u00eautico;<\/li>\n<li>Utiliza\u00e7\u00e3o de perfis falsos, m\u00faltiplas contas banc\u00e1rias e manipula\u00e7\u00e3o psicol\u00f3gica para manter v\u00edtimas emocionalmente dominadas;<\/li>\n<li>Golpes direcionados a mulheres evang\u00e9licas, onde usava a f\u00e9 como instrumento persuasivo.<\/li>\n<\/ul>\n<h2 class=\"wp-block-heading\" id=\"h-prisao-preventiva-e-atuacao-integrada\">Pris\u00e3o preventiva e atua\u00e7\u00e3o integrada<\/h2>\n<p>A pris\u00e3o preventiva do homem foi solicitada pela delegada titular da Deam de Feira de Santana, com base na gravidade dos crimes, no risco de reitera\u00e7\u00e3o criminosa e na itiner\u00e2ncia do suspeito, que dificultava sua localiza\u00e7\u00e3o. A atua\u00e7\u00e3o articulada com a FICCO\/SP foi essencial para identificar e prender o investigado.<\/p>\n<p><em>Siga o Acorda Cidade no<\/em><a href=\"https:\/\/news.google.com\/search?q=acorda%20cidade&amp;hl=pt-BR&amp;gl=BR&amp;ceid=BR%3Apt-419\"><strong><em>\u00a0Google Not\u00edcias<\/em><\/strong><\/a><em>\u00a0e receba os principais destaques do dia. Participe tamb\u00e9m dos nossos canais no\u00a0<\/em><a href=\"https:\/\/www.whatsapp.com\/channel\/0029Va6Rb4v3WHTNnsh8WI3N\"><strong><em>WhatsApp<\/em><\/strong><\/a><em>\u00a0e\u00a0<\/em><a href=\"https:\/\/www.youtube.com\/@acordacidadenoticias\/videos\"><strong>Youtube<\/strong><\/a><em>\u00a0e grupo de\u00a0<\/em><a href=\"https:\/\/t.me\/+sSz0khrgARA0ZmRh\"><strong><em>Telegram<\/em><\/strong><\/a><em>.<\/em><\/p>\n<\/div>\n","protected":false},"excerpt":{"rendered":"<div>\n<div>\n<figure><img decoding=\"async\" src=\"https:\/\/uploads.acordacidade.com.br\/2025\/07\/WhatsApp-Image-2025-07-27-at-11.22.01.jpeg\" alt=\"Estelionato sentimental\"><figcaption>Foto: Ascom Pol\u00edcia Civil <\/figcaption><\/figure>\n<\/div>\n<p>A pris\u00e3o preventiva do homem foi solicitada pela delegada titular da Deam de Feira de Santana, com base na gravidade dos crimes<\/p><\/div>\n","protected":false},"author":1,"featured_media":94808,"comment_status":"closed","ping_status":"closed","sticky":false,"template":"","format":"gallery","meta":{"footnotes":""},"categories":[8,9,6,57,56,10],"tags":[],"class_list":["post-94807","post","type-post","status-publish","format-gallery","has-post-thumbnail","hentry","category-bahia","category-brasil","category-feira-de-santana","category-mundo","category-policia","category-politica","post_format-post-format-gallery"],"featured_image_urls":{"full":["https:\/\/noticiasbahia360.com.br\/wp-content\/uploads\/2025\/07\/WhatsApp-Image-2025-07-27-at-112201.jpeg",1200,976,false],"thumbnail":["https:\/\/noticiasbahia360.com.br\/wp-content\/uploads\/2025\/07\/WhatsApp-Image-2025-07-27-at-112201-150x150.jpeg",150,150,true],"medium":["https:\/\/noticiasbahia360.com.br\/wp-content\/uploads\/2025\/07\/WhatsApp-Image-2025-07-27-at-112201-300x244.jpeg",300,244,true],"medium_large":["https:\/\/noticiasbahia360.com.br\/wp-content\/uploads\/2025\/07\/WhatsApp-Image-2025-07-27-at-112201-768x625.jpeg",640,521,true],"large":["https:\/\/noticiasbahia360.com.br\/wp-content\/uploads\/2025\/07\/WhatsApp-Image-2025-07-27-at-112201-1024x833.jpeg",640,521,true],"1536x1536":["https:\/\/noticiasbahia360.com.br\/wp-content\/uploads\/2025\/07\/WhatsApp-Image-2025-07-27-at-112201.jpeg",1200,976,false],"2048x2048":["https:\/\/noticiasbahia360.com.br\/wp-content\/uploads\/2025\/07\/WhatsApp-Image-2025-07-27-at-112201.jpeg",1200,976,false],"chromenews-featured":["https:\/\/noticiasbahia360.com.br\/wp-content\/uploads\/2025\/07\/WhatsApp-Image-2025-07-27-at-112201-1024x833.jpeg",1024,833,true],"chromenews-large":["https:\/\/noticiasbahia360.com.br\/wp-content\/uploads\/2025\/07\/WhatsApp-Image-2025-07-27-at-112201-825x575.jpeg",825,575,true],"chromenews-medium":["https:\/\/noticiasbahia360.com.br\/wp-content\/uploads\/2025\/07\/WhatsApp-Image-2025-07-27-at-112201-590x410.jpeg",590,410,true]},"author_info":{"display_name":"noticiasbahia360.com.br","author_link":"https:\/\/noticiasbahia360.com.br\/?author=1"},"category_info":"<a href=\"https:\/\/noticiasbahia360.com.br\/?cat=8\" rel=\"category\">Bahia<\/a> <a href=\"https:\/\/noticiasbahia360.com.br\/?cat=9\" rel=\"category\">Brasil<\/a> <a href=\"https:\/\/noticiasbahia360.com.br\/?cat=6\" rel=\"category\">Feira de Santana<\/a> <a href=\"https:\/\/noticiasbahia360.com.br\/?cat=57\" rel=\"category\">Mundo<\/a> <a href=\"https:\/\/noticiasbahia360.com.br\/?cat=56\" rel=\"category\">Pol\u00edcia<\/a> <a href=\"https:\/\/noticiasbahia360.com.br\/?cat=10\" rel=\"category\">Pol\u00edtica<\/a>","tag_info":"Pol\u00edtica","comment_count":"0","_links":{"self":[{"href":"https:\/\/noticiasbahia360.com.br\/index.php?rest_route=\/wp\/v2\/posts\/94807","targetHints":{"allow":["GET"]}}],"collection":[{"href":"https:\/\/noticiasbahia360.com.br\/index.php?rest_route=\/wp\/v2\/posts"}],"about":[{"href":"https:\/\/noticiasbahia360.com.br\/index.php?rest_route=\/wp\/v2\/types\/post"}],"author":[{"embeddable":true,"href":"https:\/\/noticiasbahia360.com.br\/index.php?rest_route=\/wp\/v2\/users\/1"}],"replies":[{"embeddable":true,"href":"https:\/\/noticiasbahia360.com.br\/index.php?rest_route=%2Fwp%2Fv2%2Fcomments&post=94807"}],"version-history":[{"count":0,"href":"https:\/\/noticiasbahia360.com.br\/index.php?rest_route=\/wp\/v2\/posts\/94807\/revisions"}],"wp:featuredmedia":[{"embeddable":true,"href":"https:\/\/noticiasbahia360.com.br\/index.php?rest_route=\/wp\/v2\/media\/94808"}],"wp:attachment":[{"href":"https:\/\/noticiasbahia360.com.br\/index.php?rest_route=%2Fwp%2Fv2%2Fmedia&parent=94807"}],"wp:term":[{"taxonomy":"category","embeddable":true,"href":"https:\/\/noticiasbahia360.com.br\/index.php?rest_route=%2Fwp%2Fv2%2Fcategories&post=94807"},{"taxonomy":"post_tag","embeddable":true,"href":"https:\/\/noticiasbahia360.com.br\/index.php?rest_route=%2Fwp%2Fv2%2Ftags&post=94807"}],"curies":[{"name":"wp","href":"https:\/\/api.w.org\/{rel}","templated":true}]}}