{"id":94809,"date":"2025-07-27T12:15:25","date_gmt":"2025-07-27T15:15:25","guid":{"rendered":"https:\/\/noticiasbahia360.com.br\/?p=94809"},"modified":"2025-07-27T12:15:25","modified_gmt":"2025-07-27T15:15:25","slug":"ibge-vai-ajustar-dados-passados-de-desemprego-entenda-o-porque","status":"publish","type":"post","link":"https:\/\/noticiasbahia360.com.br\/?p=94809","title":{"rendered":"IBGE vai ajustar dados passados de desemprego; entenda o porqu\u00ea"},"content":{"rendered":"<div>\n<div>\n<figure><img decoding=\"async\" src=\"http:\/\/noticiasbahia360.com.br\/wp-content\/uploads\/2025\/07\/IBGE-vai-ajustar-dados-passados-de-desemprego-entenda-o-porque.jpg\" alt=\"IBGE vai ajustar dados passados de desemprego; entenda o porqu\u00ea\"><figcaption>Foto: Fernando Fraz\u00e3o\/Ag\u00eancia Brasil<\/figcaption><\/figure>\n<\/div>\n<p>Ag\u00eancia Brasil \u2013 Na pr\u00f3xima quinta-feira (31), o pa\u00eds vai conhecer a taxa de desocupa\u00e7\u00e3o do trimestre encerrado em junho. Os dados apurados pela Pesquisa Nacional por Amostra de Domic\u00edlios (Pnad) Cont\u00ednua, elaborada pelo Instituto Brasileiro de Geografia e Estat\u00edstica (<a href=\"https:\/\/www.acordacidade.com.br\/tag\/ibge\/\">IBGE<\/a>), trar\u00e3o uma novidade: a repondera\u00e7\u00e3o do universo da pesquisa, com base em informa\u00e7\u00f5es do Censo 2022, o que provocar\u00e1 ajustes em dados passados.<\/p>\n<p>Isso significa que o perfil populacional observado pelos recenseadores ser\u00e1 incorporado na amostra representativa de lares que s\u00e3o visitados pelos pesquisadores. As taxas de <a href=\"https:\/\/www.acordacidade.com.br\/tag\/desemprego\/\">desemprego<\/a> divulgadas nos \u00faltimos meses podem sofrer altera\u00e7\u00f5es. A s\u00e9rie hist\u00f3rica foi iniciada em 2012.<\/p>\n<p>\u201cA repondera\u00e7\u00e3o da Pnad Cont\u00ednua em 2025 considera os totais populacionais das proje\u00e7\u00f5es de popula\u00e7\u00f5es divulgadas em 2024, que incorporam os resultados do \u00faltimo Censo, realizado em 2022. Como resultado, a s\u00e9rie hist\u00f3rica dos indicadores ser\u00e1 atualizada\u201d, informa o IBGE.<\/p>\n<p>Um exemplo: se o Censo mostra que h\u00e1 na popula\u00e7\u00e3o mais <a href=\"https:\/\/www.acordacidade.com.br\/tag\/mulheres\/\">mulheres <\/a>do que homens em determinada propor\u00e7\u00e3o, essa mesma dimens\u00e3o \u00e9 levada para a amostra da Pnad. O censo anterior ao de 2022 foi realizado em 2010.<\/p>\n<p>Com o censo mais recente, o IBGE projeta que a <a href=\"https:\/\/www.acordacidade.com.br\/tag\/populacao\/\">popula\u00e7\u00e3o <\/a>brasileira em 2024 era de 212,6 milh\u00f5es de habitantes. No entanto, a Pnad estimava mais de 216 milh\u00f5es. Por isso, \u00e9 necess\u00e1ria a repondera\u00e7\u00e3o.<\/p>\n<h2 class=\"wp-block-heading\" id=\"h-mercado-de-trabalho\">Mercado de trabalho<\/h2>\n<p>A cada trimestre, 211 mil domic\u00edlios em 3,5 mil munic\u00edpios de todos os estados e do Distrito Federal s\u00e3o visitados pelos pesquisadores. A Pnad se prop\u00f5e a ser a principal pesquisa sobre mercado de trabalho no pa\u00eds. Pelos crit\u00e9rios do IBGE, s\u00f3 \u00e9 considerada desocupada a pessoa que efetivamente procura emprego.<\/p>\n<p>O retrato do n\u00edvel de ocupa\u00e7\u00e3o \u00e9 feito em cima de informa\u00e7\u00f5es coletadas de pessoas com 14 anos ou mais de idade e leva em conta todas as formas de trabalho, seja emprego com ou sem carteira assinada, tempor\u00e1rio e por conta pr\u00f3pria, por exemplo. \u00c9 diferente do Cadastro Geral de Empregados e Desempregados (Caged), elaborado pelo Minist\u00e9rio do Trabalho e Emprego, que traz dados apenas relacionados a trabalhadores com carteira assinada.<\/p>\n<h2 class=\"wp-block-heading\" id=\"h-por-que-havera-essa-mudanca\">Por que haver\u00e1 essa mudan\u00e7a?<\/h2>\n<p>Uma das principais finalidades dos censos demogr\u00e1ficos do IBGE \u00e9 justamente a de atualizar os par\u00e2metros populacionais das pesquisas domiciliares por amostra de domic\u00edlios, como a Pnad Cont\u00ednua. Portanto, \u00e9 uma rotina do IBGE atualizar suas pesquisas amostrais ap\u00f3s a realiza\u00e7\u00e3o dos censos demogr\u00e1ficos decenais. Com a repondera\u00e7\u00e3o, toda a s\u00e9rie hist\u00f3rica da Pnad Cont\u00ednua ser\u00e1 atualizada.<\/p>\n<p><strong>\u00c9 um procedimento comum, costuma acontecer com qual periodicidade?<\/strong><\/p>\n<p>\u00c9 uma rotina do IBGE e acontece ap\u00f3s os censos demogr\u00e1ficos ou em algumas ocasi\u00f5es especiais, por exemplo no caso da pandemia de covid-19, que obrigou o instituto a utilizar a coleta por telefones durante algum tempo, o que exigiu uma repondera\u00e7\u00e3o.<\/p>\n<p><strong>Institutos oficiais em outros pa\u00edses tamb\u00e9m adotam essa pr\u00e1tica?<\/strong><\/p>\n<p>Sim, as pesquisas amostrais de diversos pa\u00edses s\u00e3o atualizadas ap\u00f3s os censos demogr\u00e1ficos.<\/p>\n<p><strong>As altera\u00e7\u00f5es na s\u00e9rie hist\u00f3rica devem ser significativas ou marginais (pequenas varia\u00e7\u00f5es)?<\/strong><\/p>\n<p>Segundo o IBGE, o que foi visto em repondera\u00e7\u00f5es anteriores da Pnad antiga e da Pnad Cont\u00ednua \u00e9 que n\u00e3o houve mudan\u00e7as significativas nos indicadores. Houve pequenas mudan\u00e7as nos n\u00fameros absolutos da popula\u00e7\u00e3o, que n\u00e3o acarretaram mudan\u00e7as significativas nos indicadores proporcionais. Na pr\u00e1tica, a grande maioria dos percentuais apenas teve mudan\u00e7as na segunda ou terceira casa decimal.<\/p>\n<h2 class=\"wp-block-heading\" id=\"h-ultimos-dados\">\u00daltimos dados<\/h2>\n<p>O dado de emprego mais recente da Pnad, divulgado em 27 de junho, revelou que o Brasil alcan\u00e7ou a taxa de desocupa\u00e7\u00e3o de 6,2% no trimestre encerrado em maio, a menor da s\u00e9rie hist\u00f3rica para o per\u00edodo.<\/p>\n<p>Levando-se em considera\u00e7\u00e3o qualquer per\u00edodo, a taxa mais baixa \u00e9 de novembro de 2024, quando atingiu 6,1%. A maior j\u00e1 registrada foi de 14,9%. Essa marca foi atingida em dois per\u00edodos: nos trimestres m\u00f3veis encerrados em setembro de 2020 e em mar\u00e7o de 2021, ambos durante a pandemia de covid-19.<\/p>\n<h2 class=\"wp-block-heading\" id=\"h-o-que-o-censo-mostrou\">O que o Censo mostrou<\/h2>\n<p>Maior e mais complexo retrato da popula\u00e7\u00e3o brasileira, o Censo 2022 revelou informa\u00e7\u00f5es como:<\/p>\n<ul class=\"wp-block-list\">\n<li>popula\u00e7\u00e3o: 203.080.756 pessoas. Com essa informa\u00e7\u00e3o, IBGE projeta que a popula\u00e7\u00e3o brasileira era de 212,6 milh\u00f5es de habitantes em 2024.<\/li>\n<li>mulheres s\u00e3o 51,5%; homens, 48,5%<\/li>\n<li>vivem em \u00e1rea urbana 87,4% da popula\u00e7\u00e3o; vivem em \u00e1rea rural, 12,6%.<\/li>\n<li>pardos: 45,3%<\/li>\n<li>brancos: 43,5%<\/li>\n<li>pretos: 10,2%<\/li>\n<li>ind\u00edgenas: 0,6%<\/li>\n<li>amarelos: 0,4%<\/li>\n<\/ul>\n<p><em>Siga o Acorda Cidade no<\/em><a href=\"https:\/\/news.google.com\/search?q=acorda%20cidade&amp;hl=pt-BR&amp;gl=BR&amp;ceid=BR%3Apt-419\"><strong><em>\u00a0Google Not\u00edcias<\/em><\/strong><\/a><em>\u00a0e receba os principais destaques do dia. Participe tamb\u00e9m dos nossos canais no\u00a0<\/em><a href=\"https:\/\/www.whatsapp.com\/channel\/0029Va6Rb4v3WHTNnsh8WI3N\"><strong><em>WhatsApp<\/em><\/strong><\/a><em>\u00a0e\u00a0<\/em><a href=\"https:\/\/www.youtube.com\/@acordacidadenoticias\/videos\"><strong>Youtube<\/strong><\/a><em>\u00a0e grupo de\u00a0<\/em><a href=\"https:\/\/t.me\/+sSz0khrgARA0ZmRh\"><strong><em>Telegram<\/em><\/strong><\/a><\/p>\n<\/div>\n","protected":false},"excerpt":{"rendered":"<div>\n<div>\n<figure><img decoding=\"async\" src=\"https:\/\/uploads.acordacidade.com.br\/2025\/07\/IBGE-vai-ajustar-dados-passados-de-desemprego-entenda-o-porque.jpg\" alt=\"IBGE vai ajustar dados passados de desemprego; entenda o porqu\u00ea\"><figcaption>Foto: Fernando Fraz\u00e3o\/Ag\u00eancia Brasil<\/figcaption><\/figure>\n<\/div>\n<p>A repondera\u00e7\u00e3o do universo da pesquisa, com base em informa\u00e7\u00f5es do Censo 2022, provocar\u00e1 ajustes em dados passados.<\/p><\/div>\n","protected":false},"author":1,"featured_media":94810,"comment_status":"closed","ping_status":"closed","sticky":false,"template":"","format":"gallery","meta":{"footnotes":""},"categories":[8,9,6,57,56,10],"tags":[],"class_list":["post-94809","post","type-post","status-publish","format-gallery","has-post-thumbnail","hentry","category-bahia","category-brasil","category-feira-de-santana","category-mundo","category-policia","category-politica","post_format-post-format-gallery"],"featured_image_urls":{"full":["https:\/\/noticiasbahia360.com.br\/wp-content\/uploads\/2025\/07\/IBGE-vai-ajustar-dados-passados-de-desemprego-entenda-o-porque.jpg",1200,718,false],"thumbnail":["https:\/\/noticiasbahia360.com.br\/wp-content\/uploads\/2025\/07\/IBGE-vai-ajustar-dados-passados-de-desemprego-entenda-o-porque-150x150.jpg",150,150,true],"medium":["https:\/\/noticiasbahia360.com.br\/wp-content\/uploads\/2025\/07\/IBGE-vai-ajustar-dados-passados-de-desemprego-entenda-o-porque-300x180.jpg",300,180,true],"medium_large":["https:\/\/noticiasbahia360.com.br\/wp-content\/uploads\/2025\/07\/IBGE-vai-ajustar-dados-passados-de-desemprego-entenda-o-porque-768x460.jpg",640,383,true],"large":["https:\/\/noticiasbahia360.com.br\/wp-content\/uploads\/2025\/07\/IBGE-vai-ajustar-dados-passados-de-desemprego-entenda-o-porque-1024x613.jpg",640,383,true],"1536x1536":["https:\/\/noticiasbahia360.com.br\/wp-content\/uploads\/2025\/07\/IBGE-vai-ajustar-dados-passados-de-desemprego-entenda-o-porque.jpg",1200,718,false],"2048x2048":["https:\/\/noticiasbahia360.com.br\/wp-content\/uploads\/2025\/07\/IBGE-vai-ajustar-dados-passados-de-desemprego-entenda-o-porque.jpg",1200,718,false],"chromenews-featured":["https:\/\/noticiasbahia360.com.br\/wp-content\/uploads\/2025\/07\/IBGE-vai-ajustar-dados-passados-de-desemprego-entenda-o-porque-1024x613.jpg",1024,613,true],"chromenews-large":["https:\/\/noticiasbahia360.com.br\/wp-content\/uploads\/2025\/07\/IBGE-vai-ajustar-dados-passados-de-desemprego-entenda-o-porque-825x575.jpg",825,575,true],"chromenews-medium":["https:\/\/noticiasbahia360.com.br\/wp-content\/uploads\/2025\/07\/IBGE-vai-ajustar-dados-passados-de-desemprego-entenda-o-porque-590x410.jpg",590,410,true]},"author_info":{"display_name":"noticiasbahia360.com.br","author_link":"https:\/\/noticiasbahia360.com.br\/?author=1"},"category_info":"<a href=\"https:\/\/noticiasbahia360.com.br\/?cat=8\" rel=\"category\">Bahia<\/a> <a href=\"https:\/\/noticiasbahia360.com.br\/?cat=9\" rel=\"category\">Brasil<\/a> <a href=\"https:\/\/noticiasbahia360.com.br\/?cat=6\" rel=\"category\">Feira de Santana<\/a> <a href=\"https:\/\/noticiasbahia360.com.br\/?cat=57\" rel=\"category\">Mundo<\/a> <a href=\"https:\/\/noticiasbahia360.com.br\/?cat=56\" rel=\"category\">Pol\u00edcia<\/a> <a href=\"https:\/\/noticiasbahia360.com.br\/?cat=10\" rel=\"category\">Pol\u00edtica<\/a>","tag_info":"Pol\u00edtica","comment_count":"0","_links":{"self":[{"href":"https:\/\/noticiasbahia360.com.br\/index.php?rest_route=\/wp\/v2\/posts\/94809","targetHints":{"allow":["GET"]}}],"collection":[{"href":"https:\/\/noticiasbahia360.com.br\/index.php?rest_route=\/wp\/v2\/posts"}],"about":[{"href":"https:\/\/noticiasbahia360.com.br\/index.php?rest_route=\/wp\/v2\/types\/post"}],"author":[{"embeddable":true,"href":"https:\/\/noticiasbahia360.com.br\/index.php?rest_route=\/wp\/v2\/users\/1"}],"replies":[{"embeddable":true,"href":"https:\/\/noticiasbahia360.com.br\/index.php?rest_route=%2Fwp%2Fv2%2Fcomments&post=94809"}],"version-history":[{"count":0,"href":"https:\/\/noticiasbahia360.com.br\/index.php?rest_route=\/wp\/v2\/posts\/94809\/revisions"}],"wp:featuredmedia":[{"embeddable":true,"href":"https:\/\/noticiasbahia360.com.br\/index.php?rest_route=\/wp\/v2\/media\/94810"}],"wp:attachment":[{"href":"https:\/\/noticiasbahia360.com.br\/index.php?rest_route=%2Fwp%2Fv2%2Fmedia&parent=94809"}],"wp:term":[{"taxonomy":"category","embeddable":true,"href":"https:\/\/noticiasbahia360.com.br\/index.php?rest_route=%2Fwp%2Fv2%2Fcategories&post=94809"},{"taxonomy":"post_tag","embeddable":true,"href":"https:\/\/noticiasbahia360.com.br\/index.php?rest_route=%2Fwp%2Fv2%2Ftags&post=94809"}],"curies":[{"name":"wp","href":"https:\/\/api.w.org\/{rel}","templated":true}]}}