{"id":94811,"date":"2025-07-27T12:22:07","date_gmt":"2025-07-27T15:22:07","guid":{"rendered":"https:\/\/noticiasbahia360.com.br\/?p=94811"},"modified":"2025-07-27T12:22:07","modified_gmt":"2025-07-27T15:22:07","slug":"pm-apreende-25-motos-irregulares-durante-carreata-de-sao-cristovao-em-cidade-do-interior","status":"publish","type":"post","link":"https:\/\/noticiasbahia360.com.br\/?p=94811","title":{"rendered":"PM apreende 25 motos irregulares durante carreata de S\u00e3o Crist\u00f3v\u00e3o em cidade do interior"},"content":{"rendered":"<div>\n<div>\n<figure><img decoding=\"async\" src=\"http:\/\/noticiasbahia360.com.br\/wp-content\/uploads\/2025\/07\/PM-apreende-25-motos-irregulares-durante-carreata-de-Sao-Cristovao-em-cidade-do-interior-.jpg\" alt=\"PM apreende 25 motos irregulares durante carreata de S\u00e3o Crist\u00f3v\u00e3o em cidade do interior\"><figcaption>Foto: Site Achei Sudoeste <\/figcaption><\/figure>\n<\/div>\n<p>Na \u00faltima sexta-feira (25), a 94\u00aa Companhia Independente de <a href=\"https:\/\/www.acordacidade.com.br\/tag\/policia-militar\/\">Pol\u00edcia Militar<\/a> (CIPM) realizou a Opera\u00e7\u00e3o Grau Zero em Caetit\u00e9, focada na fiscaliza\u00e7\u00e3o de tr\u00e2nsito e no combate \u00e0 dire\u00e7\u00e3o perigosa durante a tradicional Carreata de S\u00e3o Crist\u00f3v\u00e3o, evento religioso que re\u00fane centenas de ve\u00edculos no munic\u00edpio. A a\u00e7\u00e3o teve como objetivo coibir pr\u00e1ticas arriscadas, como a realiza\u00e7\u00e3o de manobras conhecidas como \u201cgrau\u201d, al\u00e9m de abordar ve\u00edculos em situa\u00e7\u00e3o irregular.<\/p>\n<p>De acordo com informa\u00e7\u00f5es da corpora\u00e7\u00e3o ao site Achei Sudoeste, parceiro do Acorda Cidade, a <a href=\"https:\/\/www.acordacidade.com.br\/tag\/operacao\/\">opera\u00e7\u00e3o <\/a>resultou na reten\u00e7\u00e3o de 25 ve\u00edculos, a maioria motos, por infra\u00e7\u00f5es diversas. Entre os problemas identificados estavam:<\/p>\n<ul class=\"wp-block-list\">\n<li>Aus\u00eancia de Carteira Nacional de Habilita\u00e7\u00e3o (<a href=\"https:\/\/www.acordacidade.com.br\/tag\/cnh\/\">CNH<\/a>); <\/li>\n<li>Falta de documentos obrigat\u00f3rios;<\/li>\n<li>Ve\u00edculos sem placa de identifica\u00e7\u00e3o;<\/li>\n<li>Aus\u00eancia de equipamentos b\u00e1sicos, como retrovisores;<\/li>\n<li>Escapamentos adulterados do tipo \u201ccadron\u201d, que geram perturba\u00e7\u00e3o sonora;<\/li>\n<li>Pr\u00e1ticas de dire\u00e7\u00e3o perigosa, colocando em risco a seguran\u00e7a dos participantes e da popula\u00e7\u00e3o.<\/li>\n<\/ul>\n<p>Ao todo, 24 motocicletas e uma <a href=\"https:\/\/www.acordacidade.com.br\/tag\/bicicleta\/\">bicicleta <\/a>motorizada foram removidas para o p\u00e1tio credenciado ao Detran, em Guanambi. Alguns ve\u00edculos apresentavam ainda chassis parcialmente ileg\u00edveis, fato que aumenta as preocupa\u00e7\u00f5es com a seguran\u00e7a e a regularidade desses transportes.<\/p>\n<p><em>Siga o Acorda Cidade no<\/em><a href=\"https:\/\/news.google.com\/search?q=acorda%20cidade&amp;hl=pt-BR&amp;gl=BR&amp;ceid=BR%3Apt-419\"><strong><em>\u00a0Google Not\u00edcias<\/em><\/strong><\/a><em>\u00a0e receba os principais destaques do dia. Participe tamb\u00e9m dos nossos canais no\u00a0<\/em><a href=\"https:\/\/www.whatsapp.com\/channel\/0029Va6Rb4v3WHTNnsh8WI3N\"><strong><em>WhatsApp<\/em><\/strong><\/a><em>\u00a0e\u00a0<\/em><a href=\"https:\/\/www.youtube.com\/@acordacidadenoticias\/videos\"><strong>Youtube<\/strong><\/a><em>\u00a0e grupo de\u00a0<\/em><a href=\"https:\/\/t.me\/+sSz0khrgARA0ZmRh\"><strong><em>Telegram<\/em><\/strong><\/a><em>.<\/em><\/p>\n<\/div>\n","protected":false},"excerpt":{"rendered":"<div>\n<div>\n<figure><img decoding=\"async\" src=\"https:\/\/uploads.acordacidade.com.br\/2025\/07\/PM-apreende-25-motos-irregulares-durante-carreata-de-Sao-Cristovao-em-cidade-do-interior-.jpg\" alt=\"PM apreende 25 motos irregulares durante carreata de S\u00e3o Crist\u00f3v\u00e3o em cidade do interior\"><figcaption>Foto: Site Achei Sudoeste <\/figcaption><\/figure>\n<\/div>\n<p>Ao todo, 24 motos e uma bicicleta motorizada foram removidas para o p\u00e1tio credenciado ao Detran, em Guanambi.<\/p><\/div>\n","protected":false},"author":1,"featured_media":94812,"comment_status":"closed","ping_status":"closed","sticky":false,"template":"","format":"gallery","meta":{"footnotes":""},"categories":[8,9,6,57,56,10],"tags":[],"class_list":["post-94811","post","type-post","status-publish","format-gallery","has-post-thumbnail","hentry","category-bahia","category-brasil","category-feira-de-santana","category-mundo","category-policia","category-politica","post_format-post-format-gallery"],"featured_image_urls":{"full":["https:\/\/noticiasbahia360.com.br\/wp-content\/uploads\/2025\/07\/PM-apreende-25-motos-irregulares-durante-carreata-de-Sao-Cristovao-em-cidade-do-interior-.jpg",1200,800,false],"thumbnail":["https:\/\/noticiasbahia360.com.br\/wp-content\/uploads\/2025\/07\/PM-apreende-25-motos-irregulares-durante-carreata-de-Sao-Cristovao-em-cidade-do-interior--150x150.jpg",150,150,true],"medium":["https:\/\/noticiasbahia360.com.br\/wp-content\/uploads\/2025\/07\/PM-apreende-25-motos-irregulares-durante-carreata-de-Sao-Cristovao-em-cidade-do-interior--300x200.jpg",300,200,true],"medium_large":["https:\/\/noticiasbahia360.com.br\/wp-content\/uploads\/2025\/07\/PM-apreende-25-motos-irregulares-durante-carreata-de-Sao-Cristovao-em-cidade-do-interior--768x512.jpg",640,427,true],"large":["https:\/\/noticiasbahia360.com.br\/wp-content\/uploads\/2025\/07\/PM-apreende-25-motos-irregulares-durante-carreata-de-Sao-Cristovao-em-cidade-do-interior--1024x683.jpg",640,427,true],"1536x1536":["https:\/\/noticiasbahia360.com.br\/wp-content\/uploads\/2025\/07\/PM-apreende-25-motos-irregulares-durante-carreata-de-Sao-Cristovao-em-cidade-do-interior-.jpg",1200,800,false],"2048x2048":["https:\/\/noticiasbahia360.com.br\/wp-content\/uploads\/2025\/07\/PM-apreende-25-motos-irregulares-durante-carreata-de-Sao-Cristovao-em-cidade-do-interior-.jpg",1200,800,false],"chromenews-featured":["https:\/\/noticiasbahia360.com.br\/wp-content\/uploads\/2025\/07\/PM-apreende-25-motos-irregulares-durante-carreata-de-Sao-Cristovao-em-cidade-do-interior--1024x683.jpg",1024,683,true],"chromenews-large":["https:\/\/noticiasbahia360.com.br\/wp-content\/uploads\/2025\/07\/PM-apreende-25-motos-irregulares-durante-carreata-de-Sao-Cristovao-em-cidade-do-interior--825x575.jpg",825,575,true],"chromenews-medium":["https:\/\/noticiasbahia360.com.br\/wp-content\/uploads\/2025\/07\/PM-apreende-25-motos-irregulares-durante-carreata-de-Sao-Cristovao-em-cidade-do-interior--590x410.jpg",590,410,true]},"author_info":{"display_name":"noticiasbahia360.com.br","author_link":"https:\/\/noticiasbahia360.com.br\/?author=1"},"category_info":"<a href=\"https:\/\/noticiasbahia360.com.br\/?cat=8\" rel=\"category\">Bahia<\/a> <a href=\"https:\/\/noticiasbahia360.com.br\/?cat=9\" rel=\"category\">Brasil<\/a> <a href=\"https:\/\/noticiasbahia360.com.br\/?cat=6\" rel=\"category\">Feira de Santana<\/a> <a href=\"https:\/\/noticiasbahia360.com.br\/?cat=57\" rel=\"category\">Mundo<\/a> <a href=\"https:\/\/noticiasbahia360.com.br\/?cat=56\" rel=\"category\">Pol\u00edcia<\/a> <a href=\"https:\/\/noticiasbahia360.com.br\/?cat=10\" rel=\"category\">Pol\u00edtica<\/a>","tag_info":"Pol\u00edtica","comment_count":"0","_links":{"self":[{"href":"https:\/\/noticiasbahia360.com.br\/index.php?rest_route=\/wp\/v2\/posts\/94811","targetHints":{"allow":["GET"]}}],"collection":[{"href":"https:\/\/noticiasbahia360.com.br\/index.php?rest_route=\/wp\/v2\/posts"}],"about":[{"href":"https:\/\/noticiasbahia360.com.br\/index.php?rest_route=\/wp\/v2\/types\/post"}],"author":[{"embeddable":true,"href":"https:\/\/noticiasbahia360.com.br\/index.php?rest_route=\/wp\/v2\/users\/1"}],"replies":[{"embeddable":true,"href":"https:\/\/noticiasbahia360.com.br\/index.php?rest_route=%2Fwp%2Fv2%2Fcomments&post=94811"}],"version-history":[{"count":0,"href":"https:\/\/noticiasbahia360.com.br\/index.php?rest_route=\/wp\/v2\/posts\/94811\/revisions"}],"wp:featuredmedia":[{"embeddable":true,"href":"https:\/\/noticiasbahia360.com.br\/index.php?rest_route=\/wp\/v2\/media\/94812"}],"wp:attachment":[{"href":"https:\/\/noticiasbahia360.com.br\/index.php?rest_route=%2Fwp%2Fv2%2Fmedia&parent=94811"}],"wp:term":[{"taxonomy":"category","embeddable":true,"href":"https:\/\/noticiasbahia360.com.br\/index.php?rest_route=%2Fwp%2Fv2%2Fcategories&post=94811"},{"taxonomy":"post_tag","embeddable":true,"href":"https:\/\/noticiasbahia360.com.br\/index.php?rest_route=%2Fwp%2Fv2%2Ftags&post=94811"}],"curies":[{"name":"wp","href":"https:\/\/api.w.org\/{rel}","templated":true}]}}