{"id":94815,"date":"2025-07-27T14:01:41","date_gmt":"2025-07-27T17:01:41","guid":{"rendered":"https:\/\/noticiasbahia360.com.br\/?p=94815"},"modified":"2025-07-27T14:01:41","modified_gmt":"2025-07-27T17:01:41","slug":"evento-reune-entusiastas-e-profissionais-no-1o-encontro-de-droneiros-do-sest-senat","status":"publish","type":"post","link":"https:\/\/noticiasbahia360.com.br\/?p=94815","title":{"rendered":"Evento re\u00fane entusiastas e profissionais no 1\u00ba Encontro de Droneiros do Sest Senat"},"content":{"rendered":"<div>\n<div>\n<figure><img decoding=\"async\" src=\"http:\/\/noticiasbahia360.com.br\/wp-content\/uploads\/2025\/07\/encontro-de-droneiros.jpg\" alt=\"Evento re\u00fane entusiastas e profissionais no 1\u00ba Encontro de Droneiros do Sest Senat\"><figcaption>Foto: Ed Santos\/Acorda Cidade<\/figcaption><\/figure>\n<\/div>\n<p>O Sest Senat em Feira de Santana recebeu, neste domingo (27), o 1\u00ba Encontro de Droneiros. O evento reuniu entusiastas, profissionais e curiosos apaixonados por drones, seja para filmagens, fotografias, lazer ou uso t\u00e9cnico. Durante o encontro, os participantes tiveram a oportunidade de aprender sobre as regras legais para operar o equipamento, al\u00e9m de conhecer os diferentes tipos de drones e suas variadas finalidades.<\/p>\n<p>Crist\u00f3v\u00e3o Gomes, instrutor de drones na \u00e1rea operacional e de instru\u00e7\u00e3o, participou do evento como expositor e explicou os pontos importantes que as pessoas devem saber antes de adquirir um drone.<\/p>\n<figure class=\"wp-block-image size-full\"><img fetchpriority=\"high\" fetchpriority=\"high\" decoding=\"async\" width=\"1200\" height=\"675\" src=\"http:\/\/noticiasbahia360.com.br\/wp-content\/uploads\/2025\/07\/encontro-de-droneiros-3.jpg\" alt=\"Evento re\u00fane entusiastas e profissionais no 1\u00ba Encontro de Droneiros do Sest Senat\" class=\"wp-image-577353\" srcset=\"https:\/\/uploads.acordacidade.com.br\/2025\/07\/encontro-de-droneiros-3-648x365.jpg 648w, https:\/\/uploads.acordacidade.com.br\/2025\/07\/encontro-de-droneiros-3-150x84.jpg 150w, http:\/\/noticiasbahia360.com.br\/wp-content\/uploads\/2025\/07\/encontro-de-droneiros-3.jpg 1200w\" sizes=\"(max-width: 1200px) 100vw, 1200px\"><figcaption class=\"wp-element-caption\">Foto: Ed Santos\/Acorda Cidade<\/figcaption><\/figure>\n<p>\u201cPrimeiro, a pessoa deve ter no\u00e7\u00e3o do que \u00e9 e para que serve o equipamento. Depois, deve fazer um cadastro na Anac, regulamentar o drone na Anatel e registrar o equipamento. Sempre que for utilizar o drone, \u00e9 necess\u00e1rio solicitar o espa\u00e7o a\u00e9reo. Al\u00e9m disso, deve haver um planejamento de voo para evitar acidentes. A pessoa deve verificar as condi\u00e7\u00f5es clim\u00e1ticas, como chuva e vento, al\u00e9m de definir a finalidade das imagens\u201d, explicou Crist\u00f3v\u00e3o.<\/p>\n<p>O instrutor tamb\u00e9m refor\u00e7ou que existem \u00e1reas proibidas para o sobrevoo de drones, como \u00e1reas de seguran\u00e7a, a exemplo de pres\u00eddios e delegacias. Ele alertou ainda sobre o cuidado necess\u00e1rio ao operar drones em \u00e1reas residenciais, pois, quando o equipamento sobrevoa muito baixo, pode ser caracterizado como invas\u00e3o de privacidade.<\/p>\n<h2 class=\"wp-block-heading\" id=\"h-diferentes-tipos-de-drones\">Diferentes tipos de drones<\/h2>\n<p>Crist\u00f3v\u00e3o destacou que h\u00e1 diferentes tipos de drones, com capacidades de voo variadas, tamanhos distintos e finalidades espec\u00edficas.<\/p>\n<p>\u201cExistem drones para utiliza\u00e7\u00e3o agr\u00edcola, drones utilizados para investiga\u00e7\u00f5es, resgates, j\u00e1 que muitos contam com sistemas espec\u00edficos, e drones para registro de imagens em eventos ou lazer, entre outros.\u201d<\/p>\n<figure class=\"wp-block-image size-full\"><img decoding=\"async\" width=\"1200\" height=\"675\" src=\"http:\/\/noticiasbahia360.com.br\/wp-content\/uploads\/2025\/07\/encontro-de-droneiros-1.jpg\" alt=\"Evento re\u00fane entusiastas e profissionais no 1\u00ba Encontro de Droneiros do Sest Senat\" class=\"wp-image-577355\" srcset=\"https:\/\/uploads.acordacidade.com.br\/2025\/07\/encontro-de-droneiros-1-648x365.jpg 648w, https:\/\/uploads.acordacidade.com.br\/2025\/07\/encontro-de-droneiros-1-150x84.jpg 150w, http:\/\/noticiasbahia360.com.br\/wp-content\/uploads\/2025\/07\/encontro-de-droneiros-1.jpg 1200w\" sizes=\"(max-width: 1200px) 100vw, 1200px\"><figcaption class=\"wp-element-caption\">Foto: Ed Santos\/Acorda Cidade<\/figcaption><\/figure>\n<p>Quanto aos valores, o instrutor informou que drones iniciais custam a partir de R$ 5 mil. No entanto, h\u00e1 drones mais sofisticados que podem chegar a custar R$ 300 mil, dependendo da finalidade do equipamento.<\/p>\n<h2 class=\"wp-block-heading\" id=\"h-sest-senat-de-portas-abertas\">Sest Senat de Portas Abertas<\/h2>\n<p>O Encontro de Droneiros fez parte do evento Sest Senat de Portas Abertas, que, segundo o diretor da institui\u00e7\u00e3o, Daniel Correia, busca apresentar a estrutura e as atividades oferecidas pelo Sest Senat \u00e0 popula\u00e7\u00e3o.<\/p>\n<p>\u201cNeste evento, promovemos uma vis\u00e3o ampla dos servi\u00e7os que o Sest Senat oferece, como odontologia, nutri\u00e7\u00e3o, fisioterapia, psicologia e cursos variados. Contamos tamb\u00e9m com a parceria de v\u00e1rias empresas e empreendedores\u201d, destacou Daniel.<\/p>\n<figure class=\"wp-block-image size-full\"><img decoding=\"async\" width=\"1200\" height=\"675\" src=\"http:\/\/noticiasbahia360.com.br\/wp-content\/uploads\/2025\/07\/encontro-de-droneiros-2.jpg\" alt=\"Evento re\u00fane entusiastas e profissionais no 1\u00ba Encontro de Droneiros do Sest Senat\" class=\"wp-image-577354\" srcset=\"https:\/\/uploads.acordacidade.com.br\/2025\/07\/encontro-de-droneiros-2-648x365.jpg 648w, https:\/\/uploads.acordacidade.com.br\/2025\/07\/encontro-de-droneiros-2-150x84.jpg 150w, http:\/\/noticiasbahia360.com.br\/wp-content\/uploads\/2025\/07\/encontro-de-droneiros-2.jpg 1200w\" sizes=\"(max-width: 1200px) 100vw, 1200px\"><figcaption class=\"wp-element-caption\">Foto: Ed Santos\/Acorda Cidade<\/figcaption><\/figure>\n<p>Al\u00e9m do Encontro de Droneiros, o Sest Senat de Portas Abertas teve o Encontro de Carros Antigos e uma exposi\u00e7\u00e3o de artesanatos feitos por empreendedores locais.<\/p>\n<p>\u201c\u00c9 um dia diferente para a fam\u00edlia. Para quem ainda n\u00e3o teve a oportunidade de conhecer nossa estrutura, \u00e9 uma chance de entender melhor o que fazemos aqui\u201d, observou Daniel ao Acorda Cidade.<\/p>\n<h2 class=\"wp-block-heading\" id=\"h-curso-para-operadores-de-drones\">Curso para operadores de drones<\/h2>\n<p>O diretor tamb\u00e9m explicou que o Encontro de Droneiros foi pensado a partir de pedidos de entusiastas e profissionais, principalmente porque o Sest Senat est\u00e1 oferecendo um curso para operadores de drones.<\/p>\n<p>\u201cO Sest passou a oferecer o curso para operadores de drone e a procura tem sido muito positiva. Os profissionais dessa \u00e1rea j\u00e1 vinham solicitando esse momento de troca de experi\u00eancias, e hoje aproveitamos para reunir o grupo e apresentar as utilidades do equipamento, al\u00e9m de refor\u00e7ar que o mercado de drones oferece diversas possibilidades\u201d, afirmou.<\/p>\n<p><strong>A pr\u00f3xima turma para o curso de drones ser\u00e1 realizada em agosto, com aulas te\u00f3ricas e pr\u00e1ticas. Os interessados podem obter mais informa\u00e7\u00f5es pelo telefone (75) 3602-8900 ou pelo WhatsApp (61) 2107-0073.<\/strong><\/p>\n<p><em>Com informa\u00e7\u00f5es do rep\u00f3rter Ed Santos do Acorda Cidade<\/em><\/p>\n<p><em>Siga o Acorda Cidade no<\/em><a href=\"https:\/\/news.google.com\/search?q=acorda%20cidade&amp;hl=pt-BR&amp;gl=BR&amp;ceid=BR%3Apt-419\"><strong><em>\u00a0Google Not\u00edcias<\/em><\/strong><\/a><em>\u00a0e receba os principais destaques do dia. Participe tamb\u00e9m dos nossos canais no\u00a0<\/em><a href=\"https:\/\/www.whatsapp.com\/channel\/0029Va6Rb4v3WHTNnsh8WI3N\"><strong><em>WhatsApp<\/em><\/strong><\/a><em>\u00a0e\u00a0<\/em><a href=\"https:\/\/www.youtube.com\/@acordacidadenoticias\/videos\"><strong>Youtube<\/strong><\/a><em>\u00a0e grupo de\u00a0<\/em><a href=\"https:\/\/t.me\/+sSz0khrgARA0ZmRh\"><strong><em>Telegram<\/em><\/strong><\/a><em>.<\/em><\/p>\n<\/div>\n","protected":false},"excerpt":{"rendered":"<div>\n<div>\n<figure><img decoding=\"async\" src=\"https:\/\/uploads.acordacidade.com.br\/2025\/07\/encontro-de-droneiros.jpg\" alt=\"Evento re\u00fane entusiastas e profissionais no 1\u00ba Encontro de Droneiros do Sest Senat\"><figcaption>Foto: Ed Santos\/Acorda Cidade<\/figcaption><\/figure>\n<\/div>\n<p>O Encontro de Droneiros faz parte do Sest Senat de Portas Abertas, que tamb\u00e9m contou com Encontro de Carros Antigos e exposi\u00e7\u00e3o de artesanatos<\/p><\/div>\n","protected":false},"author":1,"featured_media":94816,"comment_status":"closed","ping_status":"closed","sticky":false,"template":"","format":"gallery","meta":{"footnotes":""},"categories":[8,9,6,57,56,10],"tags":[],"class_list":["post-94815","post","type-post","status-publish","format-gallery","has-post-thumbnail","hentry","category-bahia","category-brasil","category-feira-de-santana","category-mundo","category-policia","category-politica","post_format-post-format-gallery"],"featured_image_urls":{"full":["https:\/\/noticiasbahia360.com.br\/wp-content\/uploads\/2025\/07\/encontro-de-droneiros.jpg",1200,675,false],"thumbnail":["https:\/\/noticiasbahia360.com.br\/wp-content\/uploads\/2025\/07\/encontro-de-droneiros-150x150.jpg",150,150,true],"medium":["https:\/\/noticiasbahia360.com.br\/wp-content\/uploads\/2025\/07\/encontro-de-droneiros-300x169.jpg",300,169,true],"medium_large":["https:\/\/noticiasbahia360.com.br\/wp-content\/uploads\/2025\/07\/encontro-de-droneiros-768x432.jpg",640,360,true],"large":["https:\/\/noticiasbahia360.com.br\/wp-content\/uploads\/2025\/07\/encontro-de-droneiros-1024x576.jpg",640,360,true],"1536x1536":["https:\/\/noticiasbahia360.com.br\/wp-content\/uploads\/2025\/07\/encontro-de-droneiros.jpg",1200,675,false],"2048x2048":["https:\/\/noticiasbahia360.com.br\/wp-content\/uploads\/2025\/07\/encontro-de-droneiros.jpg",1200,675,false],"chromenews-featured":["https:\/\/noticiasbahia360.com.br\/wp-content\/uploads\/2025\/07\/encontro-de-droneiros-1024x576.jpg",1024,576,true],"chromenews-large":["https:\/\/noticiasbahia360.com.br\/wp-content\/uploads\/2025\/07\/encontro-de-droneiros-825x575.jpg",825,575,true],"chromenews-medium":["https:\/\/noticiasbahia360.com.br\/wp-content\/uploads\/2025\/07\/encontro-de-droneiros-590x410.jpg",590,410,true]},"author_info":{"display_name":"noticiasbahia360.com.br","author_link":"https:\/\/noticiasbahia360.com.br\/?author=1"},"category_info":"<a href=\"https:\/\/noticiasbahia360.com.br\/?cat=8\" rel=\"category\">Bahia<\/a> <a href=\"https:\/\/noticiasbahia360.com.br\/?cat=9\" rel=\"category\">Brasil<\/a> <a href=\"https:\/\/noticiasbahia360.com.br\/?cat=6\" rel=\"category\">Feira de Santana<\/a> <a href=\"https:\/\/noticiasbahia360.com.br\/?cat=57\" rel=\"category\">Mundo<\/a> <a href=\"https:\/\/noticiasbahia360.com.br\/?cat=56\" rel=\"category\">Pol\u00edcia<\/a> <a href=\"https:\/\/noticiasbahia360.com.br\/?cat=10\" rel=\"category\">Pol\u00edtica<\/a>","tag_info":"Pol\u00edtica","comment_count":"0","_links":{"self":[{"href":"https:\/\/noticiasbahia360.com.br\/index.php?rest_route=\/wp\/v2\/posts\/94815","targetHints":{"allow":["GET"]}}],"collection":[{"href":"https:\/\/noticiasbahia360.com.br\/index.php?rest_route=\/wp\/v2\/posts"}],"about":[{"href":"https:\/\/noticiasbahia360.com.br\/index.php?rest_route=\/wp\/v2\/types\/post"}],"author":[{"embeddable":true,"href":"https:\/\/noticiasbahia360.com.br\/index.php?rest_route=\/wp\/v2\/users\/1"}],"replies":[{"embeddable":true,"href":"https:\/\/noticiasbahia360.com.br\/index.php?rest_route=%2Fwp%2Fv2%2Fcomments&post=94815"}],"version-history":[{"count":0,"href":"https:\/\/noticiasbahia360.com.br\/index.php?rest_route=\/wp\/v2\/posts\/94815\/revisions"}],"wp:featuredmedia":[{"embeddable":true,"href":"https:\/\/noticiasbahia360.com.br\/index.php?rest_route=\/wp\/v2\/media\/94816"}],"wp:attachment":[{"href":"https:\/\/noticiasbahia360.com.br\/index.php?rest_route=%2Fwp%2Fv2%2Fmedia&parent=94815"}],"wp:term":[{"taxonomy":"category","embeddable":true,"href":"https:\/\/noticiasbahia360.com.br\/index.php?rest_route=%2Fwp%2Fv2%2Fcategories&post=94815"},{"taxonomy":"post_tag","embeddable":true,"href":"https:\/\/noticiasbahia360.com.br\/index.php?rest_route=%2Fwp%2Fv2%2Ftags&post=94815"}],"curies":[{"name":"wp","href":"https:\/\/api.w.org\/{rel}","templated":true}]}}