{"id":94822,"date":"2025-07-27T15:25:07","date_gmt":"2025-07-27T18:25:07","guid":{"rendered":"https:\/\/noticiasbahia360.com.br\/?p=94822"},"modified":"2025-07-27T15:25:07","modified_gmt":"2025-07-27T18:25:07","slug":"valente-se-despede-com-emocao-do-medico-rui-pascoal-ramos-em-cortejo-historico","status":"publish","type":"post","link":"https:\/\/noticiasbahia360.com.br\/?p=94822","title":{"rendered":"Valente se despede com emo\u00e7\u00e3o do m\u00e9dico Rui Pascoal Ramos em cortejo hist\u00f3rico"},"content":{"rendered":"<div>\n<div>\n<figure><img decoding=\"async\" src=\"http:\/\/noticiasbahia360.com.br\/wp-content\/uploads\/2025\/07\/Valente-se-despede-com-emocao-do-medico-Rui-Pascoal-Ramos-em-cortejo-historico.jpg\" alt=\"Valente se despede com emo\u00e7\u00e3o do m\u00e9dico Rui Pascoal Ramos em cortejo hist\u00f3rico\"><figcaption>Foto: Calila Not\u00edcias<\/figcaption><\/figure>\n<\/div>\n<p>O munic\u00edpio de Valente, situado no territ\u00f3rio do sisal, viveu um dia de luto e emo\u00e7\u00e3o neste domingo (27), durante o sepultamento do m\u00e9dico oftalmologista Rui Pascoal Ramos, <a href=\"https:\/\/www.acordacidade.com.br\/bahia\/morre-oftalmologista-rui-pascoal-ramos-aos-84-anos\/\">falecido de forma repentina no s\u00e1bado (26), enquanto atendia um paciente em seu consult\u00f3rio, o Instituto Oftalmol\u00f3gico Rui Pascoal (IORP).<\/a><\/p>\n<p>Segundo informa\u00e7\u00f5es do site Calila Not\u00edcias, parceiro do Acorda Cidade, o cortejo f\u00fanebre come\u00e7ou na Fazenda Pai Nen\u00e9m, localizada a cerca de seis quil\u00f4metros da sede do munic\u00edpio, onde o corpo foi velado. De l\u00e1, uma carreata seguiu at\u00e9 Valente, contando com a escolta da Guarda Civil Municipal (GCM). Durante o percurso, a comitiva fez uma parada em frente ao IORP, local onde Dr. Rui Pascoal dedicou grande parte de sua vida profissional. A homenagem emocionou familiares, amigos e pacientes que acompanharam o trajeto.<\/p>\n<figure class=\"wp-block-image size-large\"><img fetchpriority=\"high\" fetchpriority=\"high\" decoding=\"async\" width=\"1180\" height=\"768\" src=\"http:\/\/noticiasbahia360.com.br\/wp-content\/uploads\/2025\/07\/oftalmologista-Rui-Pascoal-Ramos-1180x768-1.jpg\" alt=\"oftalmologista Rui Pascoal Ramos\" class=\"wp-image-577290\" srcset=\"https:\/\/uploads.acordacidade.com.br\/2025\/07\/oftalmologista-Rui-Pascoal-Ramos-561x365.jpg 561w, http:\/\/noticiasbahia360.com.br\/wp-content\/uploads\/2025\/07\/oftalmologista-Rui-Pascoal-Ramos-1180x768-1.jpg 1180w, https:\/\/uploads.acordacidade.com.br\/2025\/07\/oftalmologista-Rui-Pascoal-Ramos-850x553.jpg 850w, https:\/\/uploads.acordacidade.com.br\/2025\/07\/oftalmologista-Rui-Pascoal-Ramos-150x98.jpg 150w, https:\/\/uploads.acordacidade.com.br\/2025\/07\/oftalmologista-Rui-Pascoal-Ramos.jpg 1200w\" sizes=\"(max-width: 1180px) 100vw, 1180px\"><figcaption class=\"wp-element-caption\">Foto: Reprodu\u00e7\u00e3o<\/figcaption><\/figure>\n<p>Em seguida, o cortejo passou pela pra\u00e7a da igreja matriz, ao lado da resid\u00eancia onde o m\u00e9dico passou parte da inf\u00e2ncia. A partir deste ponto, centenas de pessoas continuaram o trajeto a p\u00e9 at\u00e9 o cemit\u00e9rio municipal, em uma demonstra\u00e7\u00e3o hist\u00f3rica de carinho e gratid\u00e3o. Foi uma das maiores despedidas j\u00e1 registradas no munic\u00edpio, marcando profundamente a comunidade local.<\/p>\n<p>O sepultamento foi marcado por grande como\u00e7\u00e3o, com discursos de reconhecimento \u00e0 vida e \u00e0 trajet\u00f3ria de Dr. Rui, que dedicou d\u00e9cadas ao cuidado com a sa\u00fade ocular da popula\u00e7\u00e3o de Valente e de toda a regi\u00e3o sisaleira.<\/p>\n<h2 class=\"wp-block-heading\" id=\"h-vaqueiro-passa-mal-ao-saber-da-morte-do-medico\">Vaqueiro passa mal ao saber da morte do m\u00e9dico<\/h2>\n<p>O vaqueiro Abenailton Sena, funcion\u00e1rio da fazenda do m\u00e9dico, sofreu uma parada card\u00edaca ao receber a informa\u00e7\u00e3o. Ele foi transferido imediatamente para Feira de Santana e est\u00e1 internado na sala vermelha do Hospital Geral Cl\u00e9riston Andrade. Apesar do quadro delicado, Abenailton apresenta sinais de recupera\u00e7\u00e3o e segue sob cuidados intensivos.<\/p>\n<h2 class=\"wp-block-heading\" id=\"h-o-legado-de-dedicacao\">O legado de dedica\u00e7\u00e3o <\/h2>\n<p>Dr. Rui Pascoal Ramos deixa um legado de trabalho, humanidade e amor \u00e0 terra onde nasceu. Sua trajet\u00f3ria como m\u00e9dico oftalmologista, reconhecido como o mais antigo em atividade na regi\u00e3o sisaleira, inspirou admira\u00e7\u00e3o entre seus pacientes. Seu falecimento deixou uma marca de saudade, mas seu nome ser\u00e1 lembrado como sin\u00f4nimo de compromisso e dedica\u00e7\u00e3o ao pr\u00f3ximo.<\/p>\n<p><strong>Leia tamb\u00e9m: <a href=\"https:\/\/www.acordacidade.com.br\/bahia\/morre-oftalmologista-rui-pascoal-ramos-aos-84-anos\/\">Morre oftalmologista Rui Pascoal Ramos, aos 84 anos<\/a><\/strong><\/p>\n<p><em>Siga o Acorda Cidade no<\/em><a href=\"https:\/\/news.google.com\/search?q=acorda%20cidade&amp;hl=pt-BR&amp;gl=BR&amp;ceid=BR%3Apt-419\"><strong><em>\u00a0Google Not\u00edcias<\/em><\/strong><\/a><em>\u00a0e receba os principais destaques do dia. Participe tamb\u00e9m dos nossos canais no\u00a0<\/em><a href=\"https:\/\/www.whatsapp.com\/channel\/0029Va6Rb4v3WHTNnsh8WI3N\"><strong><em>WhatsApp<\/em><\/strong><\/a><em>\u00a0e\u00a0<\/em><a href=\"https:\/\/www.youtube.com\/@acordacidadenoticias\/videos\"><strong>Youtube<\/strong><\/a><em>\u00a0e grupo de\u00a0<\/em><a href=\"https:\/\/t.me\/+sSz0khrgARA0ZmRh\"><strong><em>Telegram<\/em><\/strong><\/a><em>.<\/em><\/p>\n<\/p>\n<\/div>\n","protected":false},"excerpt":{"rendered":"<div>\n<div>\n<figure><img decoding=\"async\" src=\"https:\/\/uploads.acordacidade.com.br\/2025\/07\/Valente-se-despede-com-emocao-do-medico-Rui-Pascoal-Ramos-em-cortejo-historico.jpg\" alt=\"Valente se despede com emo\u00e7\u00e3o do m\u00e9dico Rui Pascoal Ramos em cortejo hist\u00f3rico\"><figcaption>Foto: Calila Not\u00edcias<\/figcaption><\/figure>\n<\/div>\n<p>Durante o percurso, a comitiva fez uma parada em frente ao IORP, local onde Dr. Rui Pascoal dedicou grande parte de sua vida profissional.<\/p><\/div>\n","protected":false},"author":1,"featured_media":94823,"comment_status":"closed","ping_status":"closed","sticky":false,"template":"","format":"gallery","meta":{"footnotes":""},"categories":[8,9,6,57,56,10],"tags":[],"class_list":["post-94822","post","type-post","status-publish","format-gallery","has-post-thumbnail","hentry","category-bahia","category-brasil","category-feira-de-santana","category-mundo","category-policia","category-politica","post_format-post-format-gallery"],"featured_image_urls":{"full":["https:\/\/noticiasbahia360.com.br\/wp-content\/uploads\/2025\/07\/Valente-se-despede-com-emocao-do-medico-Rui-Pascoal-Ramos-em-cortejo-historico.jpg",1200,600,false],"thumbnail":["https:\/\/noticiasbahia360.com.br\/wp-content\/uploads\/2025\/07\/Valente-se-despede-com-emocao-do-medico-Rui-Pascoal-Ramos-em-cortejo-historico-150x150.jpg",150,150,true],"medium":["https:\/\/noticiasbahia360.com.br\/wp-content\/uploads\/2025\/07\/Valente-se-despede-com-emocao-do-medico-Rui-Pascoal-Ramos-em-cortejo-historico-300x150.jpg",300,150,true],"medium_large":["https:\/\/noticiasbahia360.com.br\/wp-content\/uploads\/2025\/07\/Valente-se-despede-com-emocao-do-medico-Rui-Pascoal-Ramos-em-cortejo-historico-768x384.jpg",640,320,true],"large":["https:\/\/noticiasbahia360.com.br\/wp-content\/uploads\/2025\/07\/Valente-se-despede-com-emocao-do-medico-Rui-Pascoal-Ramos-em-cortejo-historico-1024x512.jpg",640,320,true],"1536x1536":["https:\/\/noticiasbahia360.com.br\/wp-content\/uploads\/2025\/07\/Valente-se-despede-com-emocao-do-medico-Rui-Pascoal-Ramos-em-cortejo-historico.jpg",1200,600,false],"2048x2048":["https:\/\/noticiasbahia360.com.br\/wp-content\/uploads\/2025\/07\/Valente-se-despede-com-emocao-do-medico-Rui-Pascoal-Ramos-em-cortejo-historico.jpg",1200,600,false],"chromenews-featured":["https:\/\/noticiasbahia360.com.br\/wp-content\/uploads\/2025\/07\/Valente-se-despede-com-emocao-do-medico-Rui-Pascoal-Ramos-em-cortejo-historico-1024x512.jpg",1024,512,true],"chromenews-large":["https:\/\/noticiasbahia360.com.br\/wp-content\/uploads\/2025\/07\/Valente-se-despede-com-emocao-do-medico-Rui-Pascoal-Ramos-em-cortejo-historico-825x575.jpg",825,575,true],"chromenews-medium":["https:\/\/noticiasbahia360.com.br\/wp-content\/uploads\/2025\/07\/Valente-se-despede-com-emocao-do-medico-Rui-Pascoal-Ramos-em-cortejo-historico-590x410.jpg",590,410,true]},"author_info":{"display_name":"noticiasbahia360.com.br","author_link":"https:\/\/noticiasbahia360.com.br\/?author=1"},"category_info":"<a href=\"https:\/\/noticiasbahia360.com.br\/?cat=8\" rel=\"category\">Bahia<\/a> <a href=\"https:\/\/noticiasbahia360.com.br\/?cat=9\" rel=\"category\">Brasil<\/a> <a href=\"https:\/\/noticiasbahia360.com.br\/?cat=6\" rel=\"category\">Feira de Santana<\/a> <a href=\"https:\/\/noticiasbahia360.com.br\/?cat=57\" rel=\"category\">Mundo<\/a> <a href=\"https:\/\/noticiasbahia360.com.br\/?cat=56\" rel=\"category\">Pol\u00edcia<\/a> <a href=\"https:\/\/noticiasbahia360.com.br\/?cat=10\" rel=\"category\">Pol\u00edtica<\/a>","tag_info":"Pol\u00edtica","comment_count":"0","_links":{"self":[{"href":"https:\/\/noticiasbahia360.com.br\/index.php?rest_route=\/wp\/v2\/posts\/94822","targetHints":{"allow":["GET"]}}],"collection":[{"href":"https:\/\/noticiasbahia360.com.br\/index.php?rest_route=\/wp\/v2\/posts"}],"about":[{"href":"https:\/\/noticiasbahia360.com.br\/index.php?rest_route=\/wp\/v2\/types\/post"}],"author":[{"embeddable":true,"href":"https:\/\/noticiasbahia360.com.br\/index.php?rest_route=\/wp\/v2\/users\/1"}],"replies":[{"embeddable":true,"href":"https:\/\/noticiasbahia360.com.br\/index.php?rest_route=%2Fwp%2Fv2%2Fcomments&post=94822"}],"version-history":[{"count":0,"href":"https:\/\/noticiasbahia360.com.br\/index.php?rest_route=\/wp\/v2\/posts\/94822\/revisions"}],"wp:featuredmedia":[{"embeddable":true,"href":"https:\/\/noticiasbahia360.com.br\/index.php?rest_route=\/wp\/v2\/media\/94823"}],"wp:attachment":[{"href":"https:\/\/noticiasbahia360.com.br\/index.php?rest_route=%2Fwp%2Fv2%2Fmedia&parent=94822"}],"wp:term":[{"taxonomy":"category","embeddable":true,"href":"https:\/\/noticiasbahia360.com.br\/index.php?rest_route=%2Fwp%2Fv2%2Fcategories&post=94822"},{"taxonomy":"post_tag","embeddable":true,"href":"https:\/\/noticiasbahia360.com.br\/index.php?rest_route=%2Fwp%2Fv2%2Ftags&post=94822"}],"curies":[{"name":"wp","href":"https:\/\/api.w.org\/{rel}","templated":true}]}}