{"id":94827,"date":"2025-07-27T16:40:05","date_gmt":"2025-07-27T19:40:05","guid":{"rendered":"https:\/\/noticiasbahia360.com.br\/?p=94827"},"modified":"2025-07-27T16:40:05","modified_gmt":"2025-07-27T19:40:05","slug":"um-mes-apos-pai-e-filho-morrerem-eletrocutados-familia-e-amigos-se-reunem-por-homenagem-e-justica","status":"publish","type":"post","link":"https:\/\/noticiasbahia360.com.br\/?p=94827","title":{"rendered":"Um m\u00eas ap\u00f3s pai e filho morrerem eletrocutados, fam\u00edlia e amigos se re\u00fanem por homenagem e justi\u00e7a"},"content":{"rendered":"<div>\n<div>\n<figure><img decoding=\"async\" src=\"http:\/\/noticiasbahia360.com.br\/wp-content\/uploads\/2025\/07\/homenagem-pai-e-filho.jpg\" alt=\"homenagem pai e filho\"><figcaption>Foto: Arquivo pessoal<\/figcaption><\/figure>\n<\/div>\n<p>Amigos e familiares de Jonathas Lima de Jesus, de 28 anos, e seu filho, Bernardo Lima de Jesus Maciel, de apenas 4 anos, se reuniram neste domingo (27) para prestar uma homenagem e cobrar justi\u00e7a pela <a href=\"https:\/\/www.acordacidade.com.br\/policia\/pai-e-filho-morrem-eletrocutados-por-fio-de-alta-tensao-em-feira-de-santana\/?utm_source=whatsapp&amp;utm_medium=referral&amp;utm_campaign=share_alongisde\">tr\u00e1gica morte de pai e filho, ocorrida no dia 27 de junho deste ano<\/a>.<\/p>\n<figure class=\"wp-block-image size-large\"><img fetchpriority=\"high\" fetchpriority=\"high\" decoding=\"async\" width=\"1024\" height=\"768\" src=\"http:\/\/noticiasbahia360.com.br\/wp-content\/uploads\/2025\/07\/homenagem-pai-e-filho3-1024x768-1.jpg\" alt=\"homenagem pai e filho\" class=\"wp-image-577378\" srcset=\"https:\/\/uploads.acordacidade.com.br\/2025\/07\/homenagem-pai-e-filho3-487x365.jpg 487w, http:\/\/noticiasbahia360.com.br\/wp-content\/uploads\/2025\/07\/homenagem-pai-e-filho3-1024x768-1.jpg 1024w, https:\/\/uploads.acordacidade.com.br\/2025\/07\/homenagem-pai-e-filho3-737x553.jpg 737w, https:\/\/uploads.acordacidade.com.br\/2025\/07\/homenagem-pai-e-filho3-150x113.jpg 150w, https:\/\/uploads.acordacidade.com.br\/2025\/07\/homenagem-pai-e-filho3.jpg 1200w\" sizes=\"(max-width: 1024px) 100vw, 1024px\"><figcaption class=\"wp-element-caption\">Foto: Arquivo pessoal<\/figcaption><\/figure>\n<p>A homenagem foi realizada em um campo no povoado de Vila Feliz, \u00e0s margens da BR-324, onde Jonathas costumava jogar futebol. No local foi feita uma pintura em lembran\u00e7a \u00e0s v\u00edtimas. A homenagem marcou um m\u00eas do acidente.<\/p>\n<h2 class=\"wp-block-heading\" id=\"h-relembre-o-caso\">Relembre o caso<\/h2>\n<p>Pai e filho morreram eletrocutados no povoado de Formiga, distrito de Maria Quit\u00e9ria, em Feira de Santana, ap\u00f3s um acidente envolvendo um caminh\u00e3o ba\u00fa e um fio de alta tens\u00e3o.<\/p>\n<figure class=\"wp-block-image size-full\"><img decoding=\"async\" width=\"1200\" height=\"675\" src=\"http:\/\/noticiasbahia360.com.br\/wp-content\/uploads\/2025\/07\/tcZl1CfH-Pai-e-filho-morrem-Foto-Ed-Santos-Acorda-Cidade-1-1.webp\" alt=\"Pai e filho\" class=\"wp-image-569672\" srcset=\"https:\/\/uploads.acordacidade.com.br\/2025\/06\/tcZl1CfH-Pai-e-filho-morrem-Foto-Ed-Santos-Acorda-Cidade--648x365.webp 648w, https:\/\/uploads.acordacidade.com.br\/2025\/06\/tcZl1CfH-Pai-e-filho-morrem-Foto-Ed-Santos-Acorda-Cidade--150x84.webp 150w, http:\/\/noticiasbahia360.com.br\/wp-content\/uploads\/2025\/07\/tcZl1CfH-Pai-e-filho-morrem-Foto-Ed-Santos-Acorda-Cidade-1-1.webp 1200w\" sizes=\"(max-width: 1200px) 100vw, 1200px\"><figcaption class=\"wp-element-caption\">Foto: Ed Santos\/Acorda Cidade <\/figcaption><\/figure>\n<p>De acordo com relatos de moradores e testemunhas ao Acorda Cidade, Jonathas manobrava o caminh\u00e3o em marcha \u00e0 r\u00e9 quando o ve\u00edculo encostou em um fio de alta tens\u00e3o. Segundo os moradores, o fio j\u00e1 estava prestes a cair. Durante o acidente, Bernardo desceu do caminh\u00e3o e acabou sendo atingido pela descarga el\u00e9trica. Ao tentar socorrer o filho, Jonathas tamb\u00e9m foi eletrocutado. Ambos morreram no local.<\/p>\n<p>Ainda estava no caminh\u00e3o uma tia de Bernardo, que n\u00e3o desceu do ve\u00edculo e sobreviveu.<\/p>\n<p><em>Com informa\u00e7\u00f5es do rep\u00f3rter Ed Santos do Acorda Cidade <\/em><\/p>\n<p><strong>Leia tamb\u00e9m: <a href=\"https:\/\/www.acordacidade.com.br\/policia\/pai-e-filho-morrem-eletrocutados-por-fio-de-alta-tensao-em-feira-de-santana\/?utm_source=whatsapp&amp;utm_medium=referral&amp;utm_campaign=share_alongisde\">Pai e filho morrem eletrocutados por fio de alta tens\u00e3o em Feira de Santana<\/a><\/strong><\/p>\n<p><em>Siga o Acorda Cidade no<\/em><a href=\"https:\/\/news.google.com\/search?q=acorda%20cidade&amp;hl=pt-BR&amp;gl=BR&amp;ceid=BR%3Apt-419\"><strong><em>\u00a0Google Not\u00edcias<\/em><\/strong><\/a><em>\u00a0e receba os principais destaques do dia. Participe tamb\u00e9m dos nossos canais no\u00a0<\/em><a href=\"https:\/\/www.whatsapp.com\/channel\/0029Va6Rb4v3WHTNnsh8WI3N\"><strong><em>WhatsApp<\/em><\/strong><\/a><em>\u00a0e\u00a0<\/em><a href=\"https:\/\/www.youtube.com\/@acordacidadenoticias\/videos\"><strong>Youtube<\/strong><\/a><em>\u00a0e grupo de\u00a0<\/em><a href=\"https:\/\/t.me\/+sSz0khrgARA0ZmRh\"><strong><em>Telegram<\/em><\/strong><\/a><\/p>\n<\/div>\n","protected":false},"excerpt":{"rendered":"<div>\n<div>\n<figure><img decoding=\"async\" src=\"https:\/\/uploads.acordacidade.com.br\/2025\/07\/homenagem-pai-e-filho.jpg\" alt=\"homenagem pai e filho\"><figcaption>Foto: Arquivo pessoal<\/figcaption><\/figure>\n<\/div>\n<p>Pai e filho morreram eletrocutados no povoado de Formiga, distrito de Maria Quit\u00e9ria, ap\u00f3s um acidente com um caminh\u00e3o ba\u00fa e um fio de alta tens\u00e3o<\/p><\/div>\n","protected":false},"author":1,"featured_media":94828,"comment_status":"closed","ping_status":"closed","sticky":false,"template":"","format":"gallery","meta":{"footnotes":""},"categories":[8,9,6,57,56,10],"tags":[],"class_list":["post-94827","post","type-post","status-publish","format-gallery","has-post-thumbnail","hentry","category-bahia","category-brasil","category-feira-de-santana","category-mundo","category-policia","category-politica","post_format-post-format-gallery"],"featured_image_urls":{"full":["https:\/\/noticiasbahia360.com.br\/wp-content\/uploads\/2025\/07\/homenagem-pai-e-filho.jpg",1200,900,false],"thumbnail":["https:\/\/noticiasbahia360.com.br\/wp-content\/uploads\/2025\/07\/homenagem-pai-e-filho-150x150.jpg",150,150,true],"medium":["https:\/\/noticiasbahia360.com.br\/wp-content\/uploads\/2025\/07\/homenagem-pai-e-filho-300x225.jpg",300,225,true],"medium_large":["https:\/\/noticiasbahia360.com.br\/wp-content\/uploads\/2025\/07\/homenagem-pai-e-filho-768x576.jpg",640,480,true],"large":["https:\/\/noticiasbahia360.com.br\/wp-content\/uploads\/2025\/07\/homenagem-pai-e-filho-1024x768.jpg",640,480,true],"1536x1536":["https:\/\/noticiasbahia360.com.br\/wp-content\/uploads\/2025\/07\/homenagem-pai-e-filho.jpg",1200,900,false],"2048x2048":["https:\/\/noticiasbahia360.com.br\/wp-content\/uploads\/2025\/07\/homenagem-pai-e-filho.jpg",1200,900,false],"chromenews-featured":["https:\/\/noticiasbahia360.com.br\/wp-content\/uploads\/2025\/07\/homenagem-pai-e-filho-1024x768.jpg",1024,768,true],"chromenews-large":["https:\/\/noticiasbahia360.com.br\/wp-content\/uploads\/2025\/07\/homenagem-pai-e-filho-825x575.jpg",825,575,true],"chromenews-medium":["https:\/\/noticiasbahia360.com.br\/wp-content\/uploads\/2025\/07\/homenagem-pai-e-filho-590x410.jpg",590,410,true]},"author_info":{"display_name":"noticiasbahia360.com.br","author_link":"https:\/\/noticiasbahia360.com.br\/?author=1"},"category_info":"<a href=\"https:\/\/noticiasbahia360.com.br\/?cat=8\" rel=\"category\">Bahia<\/a> <a href=\"https:\/\/noticiasbahia360.com.br\/?cat=9\" rel=\"category\">Brasil<\/a> <a href=\"https:\/\/noticiasbahia360.com.br\/?cat=6\" rel=\"category\">Feira de Santana<\/a> <a href=\"https:\/\/noticiasbahia360.com.br\/?cat=57\" rel=\"category\">Mundo<\/a> <a href=\"https:\/\/noticiasbahia360.com.br\/?cat=56\" rel=\"category\">Pol\u00edcia<\/a> <a href=\"https:\/\/noticiasbahia360.com.br\/?cat=10\" rel=\"category\">Pol\u00edtica<\/a>","tag_info":"Pol\u00edtica","comment_count":"0","_links":{"self":[{"href":"https:\/\/noticiasbahia360.com.br\/index.php?rest_route=\/wp\/v2\/posts\/94827","targetHints":{"allow":["GET"]}}],"collection":[{"href":"https:\/\/noticiasbahia360.com.br\/index.php?rest_route=\/wp\/v2\/posts"}],"about":[{"href":"https:\/\/noticiasbahia360.com.br\/index.php?rest_route=\/wp\/v2\/types\/post"}],"author":[{"embeddable":true,"href":"https:\/\/noticiasbahia360.com.br\/index.php?rest_route=\/wp\/v2\/users\/1"}],"replies":[{"embeddable":true,"href":"https:\/\/noticiasbahia360.com.br\/index.php?rest_route=%2Fwp%2Fv2%2Fcomments&post=94827"}],"version-history":[{"count":0,"href":"https:\/\/noticiasbahia360.com.br\/index.php?rest_route=\/wp\/v2\/posts\/94827\/revisions"}],"wp:featuredmedia":[{"embeddable":true,"href":"https:\/\/noticiasbahia360.com.br\/index.php?rest_route=\/wp\/v2\/media\/94828"}],"wp:attachment":[{"href":"https:\/\/noticiasbahia360.com.br\/index.php?rest_route=%2Fwp%2Fv2%2Fmedia&parent=94827"}],"wp:term":[{"taxonomy":"category","embeddable":true,"href":"https:\/\/noticiasbahia360.com.br\/index.php?rest_route=%2Fwp%2Fv2%2Fcategories&post=94827"},{"taxonomy":"post_tag","embeddable":true,"href":"https:\/\/noticiasbahia360.com.br\/index.php?rest_route=%2Fwp%2Fv2%2Ftags&post=94827"}],"curies":[{"name":"wp","href":"https:\/\/api.w.org\/{rel}","templated":true}]}}