{"id":94831,"date":"2025-07-27T17:22:02","date_gmt":"2025-07-27T20:22:02","guid":{"rendered":"https:\/\/noticiasbahia360.com.br\/?p=94831"},"modified":"2025-07-27T17:22:02","modified_gmt":"2025-07-27T20:22:02","slug":"diego-castro-volta-a-defender-anistia-a-presos-do-8-de-janeiro-em-ato-em-salvador","status":"publish","type":"post","link":"https:\/\/noticiasbahia360.com.br\/?p=94831","title":{"rendered":"Diego Castro volta a defender anistia a presos do 8 de janeiro em ato em Salvador"},"content":{"rendered":"<div>\n<div>\n<figure><img decoding=\"async\" src=\"http:\/\/noticiasbahia360.com.br\/wp-content\/uploads\/2025\/07\/Diego-Castro-volta-a-defender-anistia-a-presos-do-8-de-janeiro-em-ato-na-Barra.jpg\" alt=\"Diego Castro volta a defender anistia a presos do 8 de janeiro em ato na Barra\"><figcaption>Foto: Divulga\u00e7\u00e3o<\/figcaption><\/figure>\n<\/div>\n<p>O deputado estadual Diego Castro (PL) participou, na manh\u00e3 deste domingo (27), de uma manifesta\u00e7\u00e3o realizada no Farol da Barra, em <a href=\"https:\/\/www.acordacidade.com.br\/tag\/salvador-3\/\">Salvador<\/a>. Durante o ato, o parlamentar voltou a afirmar que o ex-presidente Jair Bolsonaro (PL) tem sido alvo de \u201cpersegui\u00e7\u00f5es\u201d e defendeu a anistia aos envolvidos nos atos de 8 de janeiro de 2023.<\/p>\n<p>A manifesta\u00e7\u00e3o reuniu apoiadores de <a href=\"https:\/\/www.acordacidade.com.br\/tag\/bolsonaro\/\">Bolsonaro <\/a>e tamb\u00e9m contou com cr\u00edticas ao governo do presidente Luiz In\u00e1cio Lula da Silva (PT). Em seu discurso, Diego afirmou que esse tipo de mobiliza\u00e7\u00e3o deve se repetir em outras cidades brasileiras nos pr\u00f3ximos dias.<\/p>\n<p>\u201cEssa manifesta\u00e7\u00e3o em Salvador \u00e9 s\u00f3 o come\u00e7o. Vamos tomar as ruas do Brasil com responsabilidade, pacificamente, para exigir respeito \u00e0 liberdade, \u00e0 <a href=\"https:\/\/www.acordacidade.com.br\/tag\/democracia\/\">democracia <\/a>e ao nosso direito de defender quem acreditamos. Essa mobiliza\u00e7\u00e3o abre caminho para outras que v\u00e3o acontecer em todo o pa\u00eds\u201d, afirmou o deputado.<\/p>\n<p>Segundo ele, \u00e9 necess\u00e1rio manter a press\u00e3o popular para \u201cgarantir que injusti\u00e7as sejam corrigidas e que o Brasil volte ao rumo do equil\u00edbrio institucional\u201d.<\/p>\n<p><em>Siga o Acorda Cidade no<\/em><a href=\"https:\/\/news.google.com\/search?q=acorda%20cidade&amp;hl=pt-BR&amp;gl=BR&amp;ceid=BR%3Apt-419\"><strong><em>\u00a0Google Not\u00edcias<\/em><\/strong><\/a><em>\u00a0e receba os principais destaques do dia. Participe tamb\u00e9m dos nossos canais no\u00a0<\/em><a href=\"https:\/\/www.whatsapp.com\/channel\/0029Va6Rb4v3WHTNnsh8WI3N\"><strong><em>WhatsApp<\/em><\/strong><\/a><em>\u00a0e\u00a0<\/em><a href=\"https:\/\/www.youtube.com\/@acordacidadenoticias\/videos\"><strong>Youtube<\/strong><\/a><em>\u00a0e grupo de\u00a0<\/em><a href=\"https:\/\/t.me\/+sSz0khrgARA0ZmRh\"><strong><em>Telegram<\/em><\/strong><\/a><\/p>\n<\/div>\n","protected":false},"excerpt":{"rendered":"<div>\n<div>\n<figure><img decoding=\"async\" src=\"https:\/\/uploads.acordacidade.com.br\/2025\/07\/Diego-Castro-volta-a-defender-anistia-a-presos-do-8-de-janeiro-em-ato-na-Barra.jpg\" alt=\"Diego Castro volta a defender anistia a presos do 8 de janeiro em ato na Barra\"><figcaption>Foto: Divulga\u00e7\u00e3o<\/figcaption><\/figure>\n<\/div>\n<p>Em seu discurso, Diego afirmou que esse tipo de mobiliza\u00e7\u00e3o deve se repetir em outras cidades brasileiras nos pr\u00f3ximos dias.<\/p><\/div>\n","protected":false},"author":1,"featured_media":94832,"comment_status":"closed","ping_status":"closed","sticky":false,"template":"","format":"gallery","meta":{"footnotes":""},"categories":[8,9,6,57,56,10],"tags":[],"class_list":["post-94831","post","type-post","status-publish","format-gallery","has-post-thumbnail","hentry","category-bahia","category-brasil","category-feira-de-santana","category-mundo","category-policia","category-politica","post_format-post-format-gallery"],"featured_image_urls":{"full":["https:\/\/noticiasbahia360.com.br\/wp-content\/uploads\/2025\/07\/Diego-Castro-volta-a-defender-anistia-a-presos-do-8-de-janeiro-em-ato-na-Barra.jpg",1200,876,false],"thumbnail":["https:\/\/noticiasbahia360.com.br\/wp-content\/uploads\/2025\/07\/Diego-Castro-volta-a-defender-anistia-a-presos-do-8-de-janeiro-em-ato-na-Barra-150x150.jpg",150,150,true],"medium":["https:\/\/noticiasbahia360.com.br\/wp-content\/uploads\/2025\/07\/Diego-Castro-volta-a-defender-anistia-a-presos-do-8-de-janeiro-em-ato-na-Barra-300x219.jpg",300,219,true],"medium_large":["https:\/\/noticiasbahia360.com.br\/wp-content\/uploads\/2025\/07\/Diego-Castro-volta-a-defender-anistia-a-presos-do-8-de-janeiro-em-ato-na-Barra-768x561.jpg",640,468,true],"large":["https:\/\/noticiasbahia360.com.br\/wp-content\/uploads\/2025\/07\/Diego-Castro-volta-a-defender-anistia-a-presos-do-8-de-janeiro-em-ato-na-Barra-1024x748.jpg",640,468,true],"1536x1536":["https:\/\/noticiasbahia360.com.br\/wp-content\/uploads\/2025\/07\/Diego-Castro-volta-a-defender-anistia-a-presos-do-8-de-janeiro-em-ato-na-Barra.jpg",1200,876,false],"2048x2048":["https:\/\/noticiasbahia360.com.br\/wp-content\/uploads\/2025\/07\/Diego-Castro-volta-a-defender-anistia-a-presos-do-8-de-janeiro-em-ato-na-Barra.jpg",1200,876,false],"chromenews-featured":["https:\/\/noticiasbahia360.com.br\/wp-content\/uploads\/2025\/07\/Diego-Castro-volta-a-defender-anistia-a-presos-do-8-de-janeiro-em-ato-na-Barra-1024x748.jpg",1024,748,true],"chromenews-large":["https:\/\/noticiasbahia360.com.br\/wp-content\/uploads\/2025\/07\/Diego-Castro-volta-a-defender-anistia-a-presos-do-8-de-janeiro-em-ato-na-Barra-825x575.jpg",825,575,true],"chromenews-medium":["https:\/\/noticiasbahia360.com.br\/wp-content\/uploads\/2025\/07\/Diego-Castro-volta-a-defender-anistia-a-presos-do-8-de-janeiro-em-ato-na-Barra-590x410.jpg",590,410,true]},"author_info":{"display_name":"noticiasbahia360.com.br","author_link":"https:\/\/noticiasbahia360.com.br\/?author=1"},"category_info":"<a href=\"https:\/\/noticiasbahia360.com.br\/?cat=8\" rel=\"category\">Bahia<\/a> <a href=\"https:\/\/noticiasbahia360.com.br\/?cat=9\" rel=\"category\">Brasil<\/a> <a href=\"https:\/\/noticiasbahia360.com.br\/?cat=6\" rel=\"category\">Feira de Santana<\/a> <a href=\"https:\/\/noticiasbahia360.com.br\/?cat=57\" rel=\"category\">Mundo<\/a> <a href=\"https:\/\/noticiasbahia360.com.br\/?cat=56\" rel=\"category\">Pol\u00edcia<\/a> <a href=\"https:\/\/noticiasbahia360.com.br\/?cat=10\" rel=\"category\">Pol\u00edtica<\/a>","tag_info":"Pol\u00edtica","comment_count":"0","_links":{"self":[{"href":"https:\/\/noticiasbahia360.com.br\/index.php?rest_route=\/wp\/v2\/posts\/94831","targetHints":{"allow":["GET"]}}],"collection":[{"href":"https:\/\/noticiasbahia360.com.br\/index.php?rest_route=\/wp\/v2\/posts"}],"about":[{"href":"https:\/\/noticiasbahia360.com.br\/index.php?rest_route=\/wp\/v2\/types\/post"}],"author":[{"embeddable":true,"href":"https:\/\/noticiasbahia360.com.br\/index.php?rest_route=\/wp\/v2\/users\/1"}],"replies":[{"embeddable":true,"href":"https:\/\/noticiasbahia360.com.br\/index.php?rest_route=%2Fwp%2Fv2%2Fcomments&post=94831"}],"version-history":[{"count":0,"href":"https:\/\/noticiasbahia360.com.br\/index.php?rest_route=\/wp\/v2\/posts\/94831\/revisions"}],"wp:featuredmedia":[{"embeddable":true,"href":"https:\/\/noticiasbahia360.com.br\/index.php?rest_route=\/wp\/v2\/media\/94832"}],"wp:attachment":[{"href":"https:\/\/noticiasbahia360.com.br\/index.php?rest_route=%2Fwp%2Fv2%2Fmedia&parent=94831"}],"wp:term":[{"taxonomy":"category","embeddable":true,"href":"https:\/\/noticiasbahia360.com.br\/index.php?rest_route=%2Fwp%2Fv2%2Fcategories&post=94831"},{"taxonomy":"post_tag","embeddable":true,"href":"https:\/\/noticiasbahia360.com.br\/index.php?rest_route=%2Fwp%2Fv2%2Ftags&post=94831"}],"curies":[{"name":"wp","href":"https:\/\/api.w.org\/{rel}","templated":true}]}}