{"id":94833,"date":"2025-07-27T17:27:39","date_gmt":"2025-07-27T20:27:39","guid":{"rendered":"https:\/\/noticiasbahia360.com.br\/?p=94833"},"modified":"2025-07-27T17:27:39","modified_gmt":"2025-07-27T20:27:39","slug":"pm-desarticula-desmanche-ilegal-e-recupera-veiculo-com-restricao-em-salvador","status":"publish","type":"post","link":"https:\/\/noticiasbahia360.com.br\/?p=94833","title":{"rendered":"PM desarticula desmanche ilegal e recupera ve\u00edculo com restri\u00e7\u00e3o em Salvador"},"content":{"rendered":"<div>\n<div>\n<figure><img decoding=\"async\" src=\"http:\/\/noticiasbahia360.com.br\/wp-content\/uploads\/2025\/07\/PM-desarticula-desmanche-ilegal-e-recupera-veiculo-com-restricao-em-Salvador.jpg\" alt=\"PM desarticula desmanche ilegal e recupera ve\u00edculo com restri\u00e7\u00e3o em Salvador\"><figcaption>Foto: Ascom\/PM<\/figcaption><\/figure>\n<\/div>\n<p>Policiais militares do Batalh\u00e3o Apolo desarticularam um ponto de desmanche e prenderam um indiv\u00edduo desmontando um ve\u00edculo com restri\u00e7\u00e3o de roubo, no final da tarde de s\u00e1bado (26), na Avenida Dois Irm\u00e3os, na Suburbana, <a href=\"https:\/\/www.acordacidade.com.br\/bahia\/salvador\/\">Salvador<\/a>.<\/p>\n<p>Os militares desenvolviam a\u00e7\u00f5es de patrulhamento na regi\u00e3o, quando surpreenderam o homem desmontando o <a href=\"https:\/\/www.acordacidade.com.br\/tag\/veiculo\/\">ve\u00edculo<\/a>. Durante a abordagem, os agentes constataram que o carro havia sido roubado na madrugada do mesmo dia, na regi\u00e3o do Centro Administrativo da Bahia (CAB).<\/p>\n<p>No local, foram encontradas dezenas de pe\u00e7as veiculares \u2014 entre far\u00f3is, lanternas, portas, cap\u00f4s e para-choques \u2014 indicando atividade cont\u00ednua de desmonte irregular e poss\u00edvel recepta\u00e7\u00e3o.<\/p>\n<p>O indiv\u00edduo foi apresentado na DRFRV, onde a ocorr\u00eancia foi registrada.<\/p>\n<p><em>Siga o Acorda Cidade no<\/em><a href=\"https:\/\/news.google.com\/search?q=acorda%20cidade&amp;hl=pt-BR&amp;gl=BR&amp;ceid=BR%3Apt-419\"><strong><em>\u00a0Google Not\u00edcias<\/em><\/strong><\/a><em>\u00a0e receba os principais destaques do dia. Participe tamb\u00e9m dos nossos canais no\u00a0<\/em><a href=\"https:\/\/www.whatsapp.com\/channel\/0029Va6Rb4v3WHTNnsh8WI3N\"><strong><em>WhatsApp<\/em><\/strong><\/a><em>\u00a0e\u00a0<\/em><a href=\"https:\/\/www.youtube.com\/@acordacidadenoticias\/videos\"><strong>Youtube<\/strong><\/a><em>\u00a0e grupo de\u00a0<\/em><a href=\"https:\/\/t.me\/+sSz0khrgARA0ZmRh\"><strong><em>Telegram<\/em><\/strong><\/a><\/p>\n<\/div>\n","protected":false},"excerpt":{"rendered":"<div>\n<div>\n<figure><img decoding=\"async\" src=\"https:\/\/uploads.acordacidade.com.br\/2025\/07\/PM-desarticula-desmanche-ilegal-e-recupera-veiculo-com-restricao-em-Salvador.jpg\" alt=\"PM desarticula desmanche ilegal e recupera ve\u00edculo com restri\u00e7\u00e3o em Salvador\"><figcaption>Foto: Ascom\/PM<\/figcaption><\/figure>\n<\/div>\n<p>Os militares desenvolviam a\u00e7\u00f5es de patrulhamento na regi\u00e3o, quando surpreenderam o homem desmontando o ve\u00edculo.<\/p><\/div>\n","protected":false},"author":1,"featured_media":94834,"comment_status":"closed","ping_status":"closed","sticky":false,"template":"","format":"gallery","meta":{"footnotes":""},"categories":[8,9,6,57,56,10],"tags":[],"class_list":["post-94833","post","type-post","status-publish","format-gallery","has-post-thumbnail","hentry","category-bahia","category-brasil","category-feira-de-santana","category-mundo","category-policia","category-politica","post_format-post-format-gallery"],"featured_image_urls":{"full":["https:\/\/noticiasbahia360.com.br\/wp-content\/uploads\/2025\/07\/PM-desarticula-desmanche-ilegal-e-recupera-veiculo-com-restricao-em-Salvador.jpg",1200,965,false],"thumbnail":["https:\/\/noticiasbahia360.com.br\/wp-content\/uploads\/2025\/07\/PM-desarticula-desmanche-ilegal-e-recupera-veiculo-com-restricao-em-Salvador-150x150.jpg",150,150,true],"medium":["https:\/\/noticiasbahia360.com.br\/wp-content\/uploads\/2025\/07\/PM-desarticula-desmanche-ilegal-e-recupera-veiculo-com-restricao-em-Salvador-300x241.jpg",300,241,true],"medium_large":["https:\/\/noticiasbahia360.com.br\/wp-content\/uploads\/2025\/07\/PM-desarticula-desmanche-ilegal-e-recupera-veiculo-com-restricao-em-Salvador-768x618.jpg",640,515,true],"large":["https:\/\/noticiasbahia360.com.br\/wp-content\/uploads\/2025\/07\/PM-desarticula-desmanche-ilegal-e-recupera-veiculo-com-restricao-em-Salvador-1024x823.jpg",640,514,true],"1536x1536":["https:\/\/noticiasbahia360.com.br\/wp-content\/uploads\/2025\/07\/PM-desarticula-desmanche-ilegal-e-recupera-veiculo-com-restricao-em-Salvador.jpg",1200,965,false],"2048x2048":["https:\/\/noticiasbahia360.com.br\/wp-content\/uploads\/2025\/07\/PM-desarticula-desmanche-ilegal-e-recupera-veiculo-com-restricao-em-Salvador.jpg",1200,965,false],"chromenews-featured":["https:\/\/noticiasbahia360.com.br\/wp-content\/uploads\/2025\/07\/PM-desarticula-desmanche-ilegal-e-recupera-veiculo-com-restricao-em-Salvador-1024x823.jpg",1024,823,true],"chromenews-large":["https:\/\/noticiasbahia360.com.br\/wp-content\/uploads\/2025\/07\/PM-desarticula-desmanche-ilegal-e-recupera-veiculo-com-restricao-em-Salvador-825x575.jpg",825,575,true],"chromenews-medium":["https:\/\/noticiasbahia360.com.br\/wp-content\/uploads\/2025\/07\/PM-desarticula-desmanche-ilegal-e-recupera-veiculo-com-restricao-em-Salvador-590x410.jpg",590,410,true]},"author_info":{"display_name":"noticiasbahia360.com.br","author_link":"https:\/\/noticiasbahia360.com.br\/?author=1"},"category_info":"<a href=\"https:\/\/noticiasbahia360.com.br\/?cat=8\" rel=\"category\">Bahia<\/a> <a href=\"https:\/\/noticiasbahia360.com.br\/?cat=9\" rel=\"category\">Brasil<\/a> <a href=\"https:\/\/noticiasbahia360.com.br\/?cat=6\" rel=\"category\">Feira de Santana<\/a> <a href=\"https:\/\/noticiasbahia360.com.br\/?cat=57\" rel=\"category\">Mundo<\/a> <a href=\"https:\/\/noticiasbahia360.com.br\/?cat=56\" rel=\"category\">Pol\u00edcia<\/a> <a href=\"https:\/\/noticiasbahia360.com.br\/?cat=10\" rel=\"category\">Pol\u00edtica<\/a>","tag_info":"Pol\u00edtica","comment_count":"0","_links":{"self":[{"href":"https:\/\/noticiasbahia360.com.br\/index.php?rest_route=\/wp\/v2\/posts\/94833","targetHints":{"allow":["GET"]}}],"collection":[{"href":"https:\/\/noticiasbahia360.com.br\/index.php?rest_route=\/wp\/v2\/posts"}],"about":[{"href":"https:\/\/noticiasbahia360.com.br\/index.php?rest_route=\/wp\/v2\/types\/post"}],"author":[{"embeddable":true,"href":"https:\/\/noticiasbahia360.com.br\/index.php?rest_route=\/wp\/v2\/users\/1"}],"replies":[{"embeddable":true,"href":"https:\/\/noticiasbahia360.com.br\/index.php?rest_route=%2Fwp%2Fv2%2Fcomments&post=94833"}],"version-history":[{"count":0,"href":"https:\/\/noticiasbahia360.com.br\/index.php?rest_route=\/wp\/v2\/posts\/94833\/revisions"}],"wp:featuredmedia":[{"embeddable":true,"href":"https:\/\/noticiasbahia360.com.br\/index.php?rest_route=\/wp\/v2\/media\/94834"}],"wp:attachment":[{"href":"https:\/\/noticiasbahia360.com.br\/index.php?rest_route=%2Fwp%2Fv2%2Fmedia&parent=94833"}],"wp:term":[{"taxonomy":"category","embeddable":true,"href":"https:\/\/noticiasbahia360.com.br\/index.php?rest_route=%2Fwp%2Fv2%2Fcategories&post=94833"},{"taxonomy":"post_tag","embeddable":true,"href":"https:\/\/noticiasbahia360.com.br\/index.php?rest_route=%2Fwp%2Fv2%2Ftags&post=94833"}],"curies":[{"name":"wp","href":"https:\/\/api.w.org\/{rel}","templated":true}]}}