{"id":94835,"date":"2025-07-27T17:41:28","date_gmt":"2025-07-27T20:41:28","guid":{"rendered":"https:\/\/noticiasbahia360.com.br\/?p=94835"},"modified":"2025-07-27T17:41:28","modified_gmt":"2025-07-27T20:41:28","slug":"prevencao-a-acidentes-de-trabalho-deve-ser-compromisso-de-empregados-e-empregadores","status":"publish","type":"post","link":"https:\/\/noticiasbahia360.com.br\/?p=94835","title":{"rendered":"Preven\u00e7\u00e3o a acidentes de trabalho deve ser compromisso de empregados e empregadores"},"content":{"rendered":"<div>\n<div>\n<figure><img decoding=\"async\" src=\"http:\/\/noticiasbahia360.com.br\/wp-content\/uploads\/2025\/07\/Prevencao-a-acidentes-de-trabalho-deve-ser-compromisso-de-empregados-e-empregadores.jpg\" alt=\"Preven\u00e7\u00e3o a acidentes de trabalho deve ser compromisso de empregados e empregadores\"><figcaption>Foto: Freepik<\/figcaption><\/figure>\n<\/div>\n<p>Cada dia 27 de julho novas e velhas reflex\u00f5es v\u00eam \u00e0 tona sobre o universo dos milh\u00f5es de trabalhadores e trabalhadoras do Brasil. \u00c9 que a data marca o Dia Nacional da Preven\u00e7\u00e3o\u00a0de\u00a0Acidentes\u00a0de\u00a0Trabalho. Apesar dos avan\u00e7os, dados do Minist\u00e9rio do\u00a0Trabalho\u00a0e Emprego (MTE) d\u00e3o conta que, em 2024, o Brasil registrou um total\u00a0de\u00a0mais\u00a0de\u00a0724 mil\u00a0acidentes\u00a0de\u00a0trabalho. Cerca\u00a0de\u00a060% resultaram em afastamentos\u00a0de\u00a0at\u00e9 15 dias, e 12%, superiores e esse prazo.<\/p>\n<p>Para a advogada trabalhista e professora de Direito do Trabalho, Christianne Gurgel, para al\u00e9m da repercuss\u00e3o de todos os sujeitos da rela\u00e7\u00e3o trabalhista e sua fam\u00edlia, os acidentes de trabalho geram custos elevados para o Estado. \u201c\u00c9 preciso um despertar \u00e0 cultura do cuidado no meio ambiente de trabalho. As empresas e empregadores devem gerenciar e documentar os riscos, fazer verdadeiro invent\u00e1rio e adotar medidas para impedir ou diminuir seus impactos, protegendo um ambiente mais humano e acolhedor, onde n\u00e3o haja comprometimento da sa\u00fade e integridade mental e f\u00edsica dos colaboradores. Dessa forma, pode-se diminuir as chances de acidentes e n\u00e3o onerar as institui\u00e7\u00f5es governamentais\u201d, destacou.<\/p>\n<p>Segundo o MTE, apenas no primeiro semestre\u00a0deste ano, foram registradas 1.689 mortes por\u00a0acidente\u00a0de\u00a0trabalho, alta\u00a0de\u00a05,63% em rela\u00e7\u00e3o ao mesmo per\u00edodo\u00a0de\u00a02024. E o n\u00famero\u00a0de\u00a0acidentes, na mesma compara\u00e7\u00e3o, tamb\u00e9m cresceu, chegando a mais\u00a0de\u00a0380 mil; quase 9% a mais que em 2024. Quando observada a quest\u00e3o econ\u00f4mica, o Minist\u00e9rio do\u00a0Trabalho\u00a0e Emprego estima que esses acidentes representem uma perda\u00a0de\u00a0at\u00e9 4%\u00a0de\u00a0toda a riqueza produzida pelo pa\u00eds: cerca\u00a0de\u00a0R$ 430 bilh\u00f5es ao ano.<\/p>\n<h2 class=\"wp-block-heading\" id=\"h-compromisso-de-todos\"><strong>Compromisso de todos<\/strong> <\/h2>\n<p>Chris Gurgel segue defendendo que, para que a preven\u00e7\u00e3o aconte\u00e7a, as empresas devem revisar sua organiza\u00e7\u00e3o interna, treinar seus trabalhadores e adotar as transforma\u00e7\u00f5es e ferramentas necess\u00e1ria, fiscalizando o cumprimento das normas por parte dos seus funcion\u00e1rios. Ela segue defendendo que todos os atores do Sistema de Justi\u00e7a, em especial do Trabalho, devem comprometer-se com esta pauta. \u201cSeja advocacia, poder Judici\u00e1rio, Minist\u00e9rio P\u00fablico do Trabalho, al\u00e9m dos demais \u00f3rg\u00e3os extrajudiciais, que lidam com as rela\u00e7\u00f5es de trabalho, como sindicatos e associa\u00e7\u00f5es de classe. Cada um, a partir das suas atribui\u00e7\u00f5es e compromisso com a sociedade e a lei, deve cumprir seu papel na promo\u00e7\u00e3o de a\u00e7\u00f5es, reflex\u00f5es, debates e informa\u00e7\u00f5es de conscientiza\u00e7\u00e3o e est\u00edmulo para ambiente de trabalho saud\u00e1vel e seguro\u201d, conclui.<\/p>\n<p><em>Siga o Acorda Cidade no<\/em><a href=\"https:\/\/news.google.com\/search?q=acorda%20cidade&amp;hl=pt-BR&amp;gl=BR&amp;ceid=BR%3Apt-419\"><strong><em>\u00a0Google Not\u00edcias<\/em><\/strong><\/a><em>\u00a0e receba os principais destaques do dia. Participe tamb\u00e9m dos nossos canais no\u00a0<\/em><a href=\"https:\/\/www.whatsapp.com\/channel\/0029Va6Rb4v3WHTNnsh8WI3N\"><strong><em>WhatsApp<\/em><\/strong><\/a><em>\u00a0e\u00a0<\/em><a href=\"https:\/\/www.youtube.com\/@acordacidadenoticias\/videos\"><strong>Youtube<\/strong><\/a><em>\u00a0e grupo de\u00a0<\/em><a href=\"https:\/\/t.me\/+sSz0khrgARA0ZmRh\"><strong><em>Telegram<\/em><\/strong><\/a><em>.<\/em><\/p>\n<\/div>\n","protected":false},"excerpt":{"rendered":"<div>\n<div>\n<figure><img decoding=\"async\" src=\"https:\/\/uploads.acordacidade.com.br\/2025\/07\/Prevencao-a-acidentes-de-trabalho-deve-ser-compromisso-de-empregados-e-empregadores.jpg\" alt=\"Preven\u00e7\u00e3o a acidentes de trabalho deve ser compromisso de empregados e empregadores\"><figcaption>Foto: Freepik<\/figcaption><\/figure>\n<\/div>\n<p>Em 2024, o Brasil registrou um total\u00a0de\u00a0mais\u00a0de\u00a0724 mil\u00a0acidentes\u00a0de\u00a0trabalho. Cerca\u00a0de\u00a060% resultaram em afastamentos\u00a0de\u00a0at\u00e9 15 dias.<\/p><\/div>\n","protected":false},"author":1,"featured_media":94836,"comment_status":"closed","ping_status":"closed","sticky":false,"template":"","format":"gallery","meta":{"footnotes":""},"categories":[8,9,6,57,56,10],"tags":[],"class_list":["post-94835","post","type-post","status-publish","format-gallery","has-post-thumbnail","hentry","category-bahia","category-brasil","category-feira-de-santana","category-mundo","category-policia","category-politica","post_format-post-format-gallery"],"featured_image_urls":{"full":["https:\/\/noticiasbahia360.com.br\/wp-content\/uploads\/2025\/07\/Prevencao-a-acidentes-de-trabalho-deve-ser-compromisso-de-empregados-e-empregadores.jpg",1200,800,false],"thumbnail":["https:\/\/noticiasbahia360.com.br\/wp-content\/uploads\/2025\/07\/Prevencao-a-acidentes-de-trabalho-deve-ser-compromisso-de-empregados-e-empregadores-150x150.jpg",150,150,true],"medium":["https:\/\/noticiasbahia360.com.br\/wp-content\/uploads\/2025\/07\/Prevencao-a-acidentes-de-trabalho-deve-ser-compromisso-de-empregados-e-empregadores-300x200.jpg",300,200,true],"medium_large":["https:\/\/noticiasbahia360.com.br\/wp-content\/uploads\/2025\/07\/Prevencao-a-acidentes-de-trabalho-deve-ser-compromisso-de-empregados-e-empregadores-768x512.jpg",640,427,true],"large":["https:\/\/noticiasbahia360.com.br\/wp-content\/uploads\/2025\/07\/Prevencao-a-acidentes-de-trabalho-deve-ser-compromisso-de-empregados-e-empregadores-1024x683.jpg",640,427,true],"1536x1536":["https:\/\/noticiasbahia360.com.br\/wp-content\/uploads\/2025\/07\/Prevencao-a-acidentes-de-trabalho-deve-ser-compromisso-de-empregados-e-empregadores.jpg",1200,800,false],"2048x2048":["https:\/\/noticiasbahia360.com.br\/wp-content\/uploads\/2025\/07\/Prevencao-a-acidentes-de-trabalho-deve-ser-compromisso-de-empregados-e-empregadores.jpg",1200,800,false],"chromenews-featured":["https:\/\/noticiasbahia360.com.br\/wp-content\/uploads\/2025\/07\/Prevencao-a-acidentes-de-trabalho-deve-ser-compromisso-de-empregados-e-empregadores-1024x683.jpg",1024,683,true],"chromenews-large":["https:\/\/noticiasbahia360.com.br\/wp-content\/uploads\/2025\/07\/Prevencao-a-acidentes-de-trabalho-deve-ser-compromisso-de-empregados-e-empregadores-825x575.jpg",825,575,true],"chromenews-medium":["https:\/\/noticiasbahia360.com.br\/wp-content\/uploads\/2025\/07\/Prevencao-a-acidentes-de-trabalho-deve-ser-compromisso-de-empregados-e-empregadores-590x410.jpg",590,410,true]},"author_info":{"display_name":"noticiasbahia360.com.br","author_link":"https:\/\/noticiasbahia360.com.br\/?author=1"},"category_info":"<a href=\"https:\/\/noticiasbahia360.com.br\/?cat=8\" rel=\"category\">Bahia<\/a> <a href=\"https:\/\/noticiasbahia360.com.br\/?cat=9\" rel=\"category\">Brasil<\/a> <a href=\"https:\/\/noticiasbahia360.com.br\/?cat=6\" rel=\"category\">Feira de Santana<\/a> <a href=\"https:\/\/noticiasbahia360.com.br\/?cat=57\" rel=\"category\">Mundo<\/a> <a href=\"https:\/\/noticiasbahia360.com.br\/?cat=56\" rel=\"category\">Pol\u00edcia<\/a> <a href=\"https:\/\/noticiasbahia360.com.br\/?cat=10\" rel=\"category\">Pol\u00edtica<\/a>","tag_info":"Pol\u00edtica","comment_count":"0","_links":{"self":[{"href":"https:\/\/noticiasbahia360.com.br\/index.php?rest_route=\/wp\/v2\/posts\/94835","targetHints":{"allow":["GET"]}}],"collection":[{"href":"https:\/\/noticiasbahia360.com.br\/index.php?rest_route=\/wp\/v2\/posts"}],"about":[{"href":"https:\/\/noticiasbahia360.com.br\/index.php?rest_route=\/wp\/v2\/types\/post"}],"author":[{"embeddable":true,"href":"https:\/\/noticiasbahia360.com.br\/index.php?rest_route=\/wp\/v2\/users\/1"}],"replies":[{"embeddable":true,"href":"https:\/\/noticiasbahia360.com.br\/index.php?rest_route=%2Fwp%2Fv2%2Fcomments&post=94835"}],"version-history":[{"count":0,"href":"https:\/\/noticiasbahia360.com.br\/index.php?rest_route=\/wp\/v2\/posts\/94835\/revisions"}],"wp:featuredmedia":[{"embeddable":true,"href":"https:\/\/noticiasbahia360.com.br\/index.php?rest_route=\/wp\/v2\/media\/94836"}],"wp:attachment":[{"href":"https:\/\/noticiasbahia360.com.br\/index.php?rest_route=%2Fwp%2Fv2%2Fmedia&parent=94835"}],"wp:term":[{"taxonomy":"category","embeddable":true,"href":"https:\/\/noticiasbahia360.com.br\/index.php?rest_route=%2Fwp%2Fv2%2Fcategories&post=94835"},{"taxonomy":"post_tag","embeddable":true,"href":"https:\/\/noticiasbahia360.com.br\/index.php?rest_route=%2Fwp%2Fv2%2Ftags&post=94835"}],"curies":[{"name":"wp","href":"https:\/\/api.w.org\/{rel}","templated":true}]}}