{"id":94837,"date":"2025-07-27T18:35:40","date_gmt":"2025-07-27T21:35:40","guid":{"rendered":"https:\/\/noticiasbahia360.com.br\/?p=94837"},"modified":"2025-07-27T18:35:40","modified_gmt":"2025-07-27T21:35:40","slug":"coral-da-aplb-faz-apresentacao-durante-festa-de-sao-cristovao-em-feira-de-santana","status":"publish","type":"post","link":"https:\/\/noticiasbahia360.com.br\/?p=94837","title":{"rendered":"Coral da APLB faz apresenta\u00e7\u00e3o durante Festa de S\u00e3o Crist\u00f3v\u00e3o em Feira de Santana"},"content":{"rendered":"<div>\n<div>\n<figure><img decoding=\"async\" src=\"http:\/\/noticiasbahia360.com.br\/wp-content\/uploads\/2025\/07\/Coral-da-APLB-faz-apresentacao-durante-Festa-de-Sao-Cristovao-em-Feira-de-Santana.jpg\" alt=\"Coral da APLB faz apresenta\u00e7\u00e3o durante Festa de S\u00e3o Crist\u00f3v\u00e3o em Feira de Santana\"><figcaption>Foto: Arquivo Pessoal<\/figcaption><\/figure>\n<\/div>\n<p>Na manh\u00e3 deste domingo (27), foi realizada a Festa de S\u00e3o Crist\u00f3v\u00e3o no distrito de <a href=\"https:\/\/www.acordacidade.com.br\/tag\/tiquarucu\/\">Tiquaru\u00e7u<\/a>, em Feira de Santana. A festa \u00e9 uma celebra\u00e7\u00e3o tradicional e religiosa em homenagem a S\u00e3o Crist\u00f3v\u00e3o, padroeiro dos motoristas e viajantes.<\/p>\n<figure class=\"wp-block-image size-large\"><img fetchpriority=\"high\" fetchpriority=\"high\" decoding=\"async\" width=\"1013\" height=\"768\" src=\"http:\/\/noticiasbahia360.com.br\/wp-content\/uploads\/2025\/07\/Coral-da-APLB-faz-apresentacao-durante-Festa-de-Sao-Cristovao-em-Feira-de-Santana1-1013x768-1.jpg\" alt=\"Coral da APLB faz apresenta\u00e7\u00e3o durante Festa de S\u00e3o Crist\u00f3v\u00e3o em Feira de Santana\" class=\"wp-image-577400\" srcset=\"https:\/\/uploads.acordacidade.com.br\/2025\/07\/Coral-da-APLB-faz-apresentacao-durante-Festa-de-Sao-Cristovao-em-Feira-de-Santana1-481x365.jpg 481w, http:\/\/noticiasbahia360.com.br\/wp-content\/uploads\/2025\/07\/Coral-da-APLB-faz-apresentacao-durante-Festa-de-Sao-Cristovao-em-Feira-de-Santana1-1013x768-1.jpg 1013w, https:\/\/uploads.acordacidade.com.br\/2025\/07\/Coral-da-APLB-faz-apresentacao-durante-Festa-de-Sao-Cristovao-em-Feira-de-Santana1-729x553.jpg 729w, https:\/\/uploads.acordacidade.com.br\/2025\/07\/Coral-da-APLB-faz-apresentacao-durante-Festa-de-Sao-Cristovao-em-Feira-de-Santana1-150x114.jpg 150w, https:\/\/uploads.acordacidade.com.br\/2025\/07\/Coral-da-APLB-faz-apresentacao-durante-Festa-de-Sao-Cristovao-em-Feira-de-Santana1.jpg 1200w\" sizes=\"(max-width: 1013px) 100vw, 1013px\"><figcaption class=\"wp-element-caption\">Foto: Arquivo Pessoal<\/figcaption><\/figure>\n<p>O evento contou com a presen\u00e7a do arcebispo em\u00e9rito de <a href=\"https:\/\/www.acordacidade.com.br\/tag\/feira-de-santana\/\">Feira de Santana<\/a>, Dom Itamar Vian. Durante a celebra\u00e7\u00e3o, o coral da <a href=\"https:\/\/www.acordacidade.com.br\/tag\/aplb-feira\/\">APLB Sindicato<\/a> fez uma apresenta\u00e7\u00e3o especial, trazendo emo\u00e7\u00e3o ao p\u00fablico presente. <\/p>\n<figure class=\"wp-block-image size-large is-resized\"><img decoding=\"async\" width=\"679\" height=\"768\" src=\"http:\/\/noticiasbahia360.com.br\/wp-content\/uploads\/2025\/07\/Coral-da-APLB-faz-apresentacao-durante-Festa-de-Sao-Cristovao-em-Feira-de-Santana2-679x768-1.jpg\" alt=\"Coral da APLB faz apresenta\u00e7\u00e3o durante Festa de S\u00e3o Crist\u00f3v\u00e3o em Feira de Santana\" class=\"wp-image-577402\" style=\"width:839px;height:auto\" srcset=\"https:\/\/uploads.acordacidade.com.br\/2025\/07\/Coral-da-APLB-faz-apresentacao-durante-Festa-de-Sao-Cristovao-em-Feira-de-Santana2-323x365.jpg 323w, http:\/\/noticiasbahia360.com.br\/wp-content\/uploads\/2025\/07\/Coral-da-APLB-faz-apresentacao-durante-Festa-de-Sao-Cristovao-em-Feira-de-Santana2-679x768-1.jpg 679w, https:\/\/uploads.acordacidade.com.br\/2025\/07\/Coral-da-APLB-faz-apresentacao-durante-Festa-de-Sao-Cristovao-em-Feira-de-Santana2-489x553.jpg 489w, https:\/\/uploads.acordacidade.com.br\/2025\/07\/Coral-da-APLB-faz-apresentacao-durante-Festa-de-Sao-Cristovao-em-Feira-de-Santana2-150x170.jpg 150w, https:\/\/uploads.acordacidade.com.br\/2025\/07\/Coral-da-APLB-faz-apresentacao-durante-Festa-de-Sao-Cristovao-em-Feira-de-Santana2.jpg 1200w\" sizes=\"(max-width: 679px) 100vw, 679px\"><figcaption class=\"wp-element-caption\">Foto: Arquivo Pessoal<\/figcaption><\/figure>\n<h2 class=\"wp-block-heading\" id=\"h-confira-detalhes-da-celebracao-no-video-abaixo\">Confira detalhes da celebra\u00e7\u00e3o no v\u00eddeo abaixo:<\/h2>\n<figure class=\"wp-block-embed is-type-video is-provider-youtube wp-block-embed-youtube wp-embed-aspect-16-9 wp-has-aspect-ratio\">\n<div class=\"wp-block-embed__wrapper\">\n<iframe title=\"27 de julho de 2025\" width=\"500\" height=\"281\" src=\"https:\/\/www.youtube.com\/embed\/xCDx7A8UjT8?feature=oembed\" frameborder=\"0\" allow=\"accelerometer; autoplay; clipboard-write; encrypted-media; gyroscope; picture-in-picture; web-share\" referrerpolicy=\"strict-origin-when-cross-origin\" allowfullscreen><\/iframe>\n<\/div>\n<\/figure>\n<p><em>Siga o Acorda Cidade no<\/em><a href=\"https:\/\/news.google.com\/search?q=acorda%20cidade&amp;hl=pt-BR&amp;gl=BR&amp;ceid=BR%3Apt-419\"><strong><em>\u00a0Google Not\u00edcias<\/em><\/strong><\/a><em>\u00a0e receba os principais destaques do dia. Participe tamb\u00e9m dos nossos canais no\u00a0<\/em><a href=\"https:\/\/www.whatsapp.com\/channel\/0029Va6Rb4v3WHTNnsh8WI3N\"><strong><em>WhatsApp<\/em><\/strong><\/a><em>\u00a0e\u00a0<\/em><a href=\"https:\/\/www.youtube.com\/@acordacidadenoticias\/videos\"><strong>Youtube<\/strong><\/a><em>\u00a0e grupo de\u00a0<\/em><a href=\"https:\/\/t.me\/+sSz0khrgARA0ZmRh\"><strong><em>Telegram<\/em><\/strong><\/a><em>.<\/em><\/p>\n<\/div>\n","protected":false},"excerpt":{"rendered":"<div>\n<div>\n<figure><img decoding=\"async\" src=\"https:\/\/uploads.acordacidade.com.br\/2025\/07\/Coral-da-APLB-faz-apresentacao-durante-Festa-de-Sao-Cristovao-em-Feira-de-Santana.jpg\" alt=\"Coral da APLB faz apresenta\u00e7\u00e3o durante Festa de S\u00e3o Crist\u00f3v\u00e3o em Feira de Santana\"><figcaption>Foto: Arquivo Pessoal<\/figcaption><\/figure>\n<\/div>\n<p>Durante a festa, o coral da APLB Sindicato fez uma apresenta\u00e7\u00e3o especial, trazendo emo\u00e7\u00e3o ao p\u00fablico presente.<\/p><\/div>\n","protected":false},"author":1,"featured_media":94838,"comment_status":"closed","ping_status":"closed","sticky":false,"template":"","format":"gallery","meta":{"footnotes":""},"categories":[8,9,6,57,56,10],"tags":[],"class_list":["post-94837","post","type-post","status-publish","format-gallery","has-post-thumbnail","hentry","category-bahia","category-brasil","category-feira-de-santana","category-mundo","category-policia","category-politica","post_format-post-format-gallery"],"featured_image_urls":{"full":["https:\/\/noticiasbahia360.com.br\/wp-content\/uploads\/2025\/07\/Coral-da-APLB-faz-apresentacao-durante-Festa-de-Sao-Cristovao-em-Feira-de-Santana.jpg",1200,939,false],"thumbnail":["https:\/\/noticiasbahia360.com.br\/wp-content\/uploads\/2025\/07\/Coral-da-APLB-faz-apresentacao-durante-Festa-de-Sao-Cristovao-em-Feira-de-Santana-150x150.jpg",150,150,true],"medium":["https:\/\/noticiasbahia360.com.br\/wp-content\/uploads\/2025\/07\/Coral-da-APLB-faz-apresentacao-durante-Festa-de-Sao-Cristovao-em-Feira-de-Santana-300x235.jpg",300,235,true],"medium_large":["https:\/\/noticiasbahia360.com.br\/wp-content\/uploads\/2025\/07\/Coral-da-APLB-faz-apresentacao-durante-Festa-de-Sao-Cristovao-em-Feira-de-Santana-768x601.jpg",640,501,true],"large":["https:\/\/noticiasbahia360.com.br\/wp-content\/uploads\/2025\/07\/Coral-da-APLB-faz-apresentacao-durante-Festa-de-Sao-Cristovao-em-Feira-de-Santana-1024x801.jpg",640,501,true],"1536x1536":["https:\/\/noticiasbahia360.com.br\/wp-content\/uploads\/2025\/07\/Coral-da-APLB-faz-apresentacao-durante-Festa-de-Sao-Cristovao-em-Feira-de-Santana.jpg",1200,939,false],"2048x2048":["https:\/\/noticiasbahia360.com.br\/wp-content\/uploads\/2025\/07\/Coral-da-APLB-faz-apresentacao-durante-Festa-de-Sao-Cristovao-em-Feira-de-Santana.jpg",1200,939,false],"chromenews-featured":["https:\/\/noticiasbahia360.com.br\/wp-content\/uploads\/2025\/07\/Coral-da-APLB-faz-apresentacao-durante-Festa-de-Sao-Cristovao-em-Feira-de-Santana-1024x801.jpg",1024,801,true],"chromenews-large":["https:\/\/noticiasbahia360.com.br\/wp-content\/uploads\/2025\/07\/Coral-da-APLB-faz-apresentacao-durante-Festa-de-Sao-Cristovao-em-Feira-de-Santana-825x575.jpg",825,575,true],"chromenews-medium":["https:\/\/noticiasbahia360.com.br\/wp-content\/uploads\/2025\/07\/Coral-da-APLB-faz-apresentacao-durante-Festa-de-Sao-Cristovao-em-Feira-de-Santana-590x410.jpg",590,410,true]},"author_info":{"display_name":"noticiasbahia360.com.br","author_link":"https:\/\/noticiasbahia360.com.br\/?author=1"},"category_info":"<a href=\"https:\/\/noticiasbahia360.com.br\/?cat=8\" rel=\"category\">Bahia<\/a> <a href=\"https:\/\/noticiasbahia360.com.br\/?cat=9\" rel=\"category\">Brasil<\/a> <a href=\"https:\/\/noticiasbahia360.com.br\/?cat=6\" rel=\"category\">Feira de Santana<\/a> <a href=\"https:\/\/noticiasbahia360.com.br\/?cat=57\" rel=\"category\">Mundo<\/a> <a href=\"https:\/\/noticiasbahia360.com.br\/?cat=56\" rel=\"category\">Pol\u00edcia<\/a> <a href=\"https:\/\/noticiasbahia360.com.br\/?cat=10\" rel=\"category\">Pol\u00edtica<\/a>","tag_info":"Pol\u00edtica","comment_count":"0","_links":{"self":[{"href":"https:\/\/noticiasbahia360.com.br\/index.php?rest_route=\/wp\/v2\/posts\/94837","targetHints":{"allow":["GET"]}}],"collection":[{"href":"https:\/\/noticiasbahia360.com.br\/index.php?rest_route=\/wp\/v2\/posts"}],"about":[{"href":"https:\/\/noticiasbahia360.com.br\/index.php?rest_route=\/wp\/v2\/types\/post"}],"author":[{"embeddable":true,"href":"https:\/\/noticiasbahia360.com.br\/index.php?rest_route=\/wp\/v2\/users\/1"}],"replies":[{"embeddable":true,"href":"https:\/\/noticiasbahia360.com.br\/index.php?rest_route=%2Fwp%2Fv2%2Fcomments&post=94837"}],"version-history":[{"count":0,"href":"https:\/\/noticiasbahia360.com.br\/index.php?rest_route=\/wp\/v2\/posts\/94837\/revisions"}],"wp:featuredmedia":[{"embeddable":true,"href":"https:\/\/noticiasbahia360.com.br\/index.php?rest_route=\/wp\/v2\/media\/94838"}],"wp:attachment":[{"href":"https:\/\/noticiasbahia360.com.br\/index.php?rest_route=%2Fwp%2Fv2%2Fmedia&parent=94837"}],"wp:term":[{"taxonomy":"category","embeddable":true,"href":"https:\/\/noticiasbahia360.com.br\/index.php?rest_route=%2Fwp%2Fv2%2Fcategories&post=94837"},{"taxonomy":"post_tag","embeddable":true,"href":"https:\/\/noticiasbahia360.com.br\/index.php?rest_route=%2Fwp%2Fv2%2Ftags&post=94837"}],"curies":[{"name":"wp","href":"https:\/\/api.w.org\/{rel}","templated":true}]}}