{"id":94841,"date":"2025-07-27T18:46:19","date_gmt":"2025-07-27T21:46:19","guid":{"rendered":"https:\/\/noticiasbahia360.com.br\/?p=94841"},"modified":"2025-07-27T18:46:19","modified_gmt":"2025-07-27T21:46:19","slug":"inss-11-milhao-de-aposentados-serao-ressarcidos-ate-30-de-julho","status":"publish","type":"post","link":"https:\/\/noticiasbahia360.com.br\/?p=94841","title":{"rendered":"INSS: 1,1 milh\u00e3o de aposentados ser\u00e3o ressarcidos at\u00e9 30 de julho"},"content":{"rendered":"<div>\n<div>\n<figure><img decoding=\"async\" src=\"http:\/\/noticiasbahia360.com.br\/wp-content\/uploads\/2025\/07\/meu-inss.jpg\" alt=\"meu inss\"><figcaption>Foto: INSS\/Divulga\u00e7\u00e3o<\/figcaption><\/figure>\n<\/div>\n<p>Ag\u00eancia Brasil \u2013 Balan\u00e7o divulgado pelo Instituto Nacional do Seguro Social (INSS) contabiliza que, na primeira semana de ressarcimento pelos descontos indevidos feitos por entidades associativas a aposentados e pensionistas, 533 mil benefici\u00e1rios j\u00e1 foram contemplados com o dep\u00f3sito em suas contas banc\u00e1rias.<\/p>\n<p>\u201cE a gente j\u00e1 tem programado o pagamento, at\u00e9 dia 30 de julho, quarta-feira, de um total de 1,147 milh\u00e3o de aposentados e pensionistas que foram v\u00edtimas desse golpe\u201d, disse o presidente do Instituto Nacional do Seguro Social (INSS), Gilberto Waller, durante entrevista ao programa A Voz do Brasil, da Empresa Brasil de Comunica\u00e7\u00e3o (EBC).<\/p>\n<p>De acordo com o INSS, at\u00e9 o final da tarde de sexta-feira (25), foram contabilizadas 1,248 milh\u00e3o de ades\u00f5es, de um total de 2,295 milh\u00f5es pessoas aptas a fazer o acordo proposto pelo governo federal para antecipar o reembolso.<\/p>\n<p>\u201cNossa ideia \u00e9 que esses 2,295 milh\u00f5es de aposentados e pensionistas fa\u00e7am ades\u00e3o de maneira imediata para poder receber rapidamente esse valor\u201d, disse o presidente do instituto.<\/p>\n<h2 class=\"wp-block-heading\" id=\"h-numero-pode-subir\">N\u00famero pode subir<\/h2>\n<p>Este n\u00famero pode subir, segundo Gilberto Waller. \u201cAt\u00e9 sexta-feira, 4,8 milh\u00f5es de pessoas ainda n\u00e3o haviam reconhecido o desconto, para dar in\u00edcio ao processo com 15 dias \u00fateis previstos para a institui\u00e7\u00e3o [que fez a cobran\u00e7a supostamente indevida] responder\u201d, disse.<\/p>\n<p>A ades\u00e3o ao acordo pode ser feita at\u00e9 o dia 14 de novembro. Vale ressaltar que os reembolsos ser\u00e3o feitos na conta em que o benef\u00edcio \u00e9 pago, por ordem de ades\u00e3o. Ou seja, quem aderir primeiro, recebe primeiro.<\/p>\n<h2 class=\"wp-block-heading\" id=\"h-comunicacao\">Comunica\u00e7\u00e3o<\/h2>\n<p>\u201cN\u00e3o queremos deixar nenhuma aposentado para tr\u00e1s. Por isso estamos aumentando a forma de comunica\u00e7\u00e3o por por v\u00e1rios meios: pelo aplicativo do meu INSS; por avisos nas institui\u00e7\u00f5es financeiras. O banco j\u00e1 avisa no seu extrato sobre a possibilidade de voc\u00ea pode aderir, a esse 1,1 milh\u00e3o que ainda que n\u00e3o aderiram\u201d, detalhou.<\/p>\n<p>Al\u00e9m disso, o governo federal usar\u00e1 tamb\u00e9m mensagens de WhatsApp. Ele, no entanto alerta que essas mensagens enviadas ao celular n\u00e3o ter\u00e3o link relativo \u00e0 contesta\u00e7\u00e3o.<\/p>\n<p>\u201cDir\u00e1 apenas que voc\u00ea est\u00e1 apto a fazer essa ades\u00e3o ao acordo para receber o dinheiro de maneira r\u00e1pida, integral e corrigida pelo IPCA\u201d, explicou, alertando que se o aposentado ou pensionista receber mensagem link deve ignor\u00e1-la, pois trata-se de golpe.<\/p>\n<p>\u201cA ades\u00e3o n\u00e3o ser\u00e1 pelo Whatsapp. Ser\u00e1 apenas pelo aplicativo do INSS ou em ag\u00eancias dos Correios\u201d, complementou.<\/p>\n<h2 class=\"wp-block-heading\" id=\"h-correios\">Correios<\/h2>\n<p>Segundo Waller, mais de 2 milh\u00f5es de pessoas j\u00e1 buscaram os Correios; e 1,3 milh\u00e3o dos que identificaram o desconto j\u00e1 apresentaram a contesta\u00e7\u00e3o, o que \u201crepresenta quase 30% do nosso p\u00fablico total de contesta\u00e7\u00f5es\u201d.<\/p>\n<p>Quem adere ao acordo se compromete a n\u00e3o entrar na Justi\u00e7a para solicitar o ressarcimento.<\/p>\n<p>\u201cCaso o benefici\u00e1rio j\u00e1 tenha uma a\u00e7\u00e3o ou n\u00e3o tenha recebido via judicial, ele ainda pode fazer a ades\u00e3o ao acordo. Se ingressou com a\u00e7\u00e3o antes de 23 de abril, ele faz o acordo e desiste da a\u00e7\u00e3o. O INSS vai, inclusive, pagar 5% de honor\u00e1rios advocacias para o seu advogado\u201d, acrescentou.<\/p>\n<h2 class=\"wp-block-heading\" id=\"h-quem-pode-aderir\">Quem pode aderir?<\/h2>\n<p>Podem aderir ao acordo os aposentados e pensionistas que contestaram os descontos indevidos e n\u00e3o receberam resposta da entidade ou associa\u00e7\u00e3o ap\u00f3s 15 dias \u00fateis.<\/p>\n<p>A ades\u00e3o \u00e9 gratuita e, antes de assinar o acordo, os aposentados e pensionistas podem consultar o valor que t\u00eam a receber.<\/p>\n<p><strong>A ades\u00e3o \u00e9 feita exclusivamente pelos seguintes canais:<\/strong><\/p>\n<ul class=\"wp-block-list\">\n<li><a href=\"https:\/\/meu.inss.gov.br\/\" target=\"_blank\" rel=\"noreferrer noopener\">Aplicativo ou site Meu INSS<\/a><\/li>\n<li><a href=\"https:\/\/agenciabrasil.ebc.com.br\/economia\/noticia\/2025-06\/aposentados-ja-podem-consultar-respostas-das-entidades-nos-correios\" target=\"_blank\" rel=\"noreferrer noopener\">Ag\u00eancias dos Correios<\/a><\/li>\n<li><strong>A central telef\u00f4nica 135 est\u00e1 dispon\u00edvel para consultas e contesta\u00e7\u00f5es, mas n\u00e3o realiza ades\u00e3o ao acordo.<\/strong><\/li>\n<\/ul>\n<h2 class=\"wp-block-heading\" id=\"h-como-aceitar-o-acordo-pelo-aplicativo-meu-inss\">Como aceitar o acordo pelo aplicativo Meu INSS?<\/h2>\n<ul class=\"wp-block-list\">\n<li>Acesse o aplicativo Meu INSS com CPF e senha;<\/li>\n<li>V\u00e1 at\u00e9 \u201cConsultar Pedidos\u201d e clique em \u201cCumprir Exig\u00eancia\u201d em cada pedido (se houver mais de um);<\/li>\n<li>Role a tela at\u00e9 o \u00faltimo coment\u00e1rio, leia com aten\u00e7\u00e3o e, no campo \u201cAceito receber\u201d, selecione \u201cSim\u201d;<\/li>\n<li>Clique em \u201cEnviar\u201d e pronto. Depois, basta aguardar o pagamento<\/li>\n<\/ul>\n<h2 class=\"wp-block-heading\" id=\"h-como-funciona-o-processo-ate-a-adesao-ao-acordo\">Como funciona o processo at\u00e9 a ades\u00e3o ao acordo?<\/h2>\n<ul class=\"wp-block-list\">\n<li>O benefici\u00e1rio registra a contesta\u00e7\u00e3o do desconto indevido;<\/li>\n<li>Aguarda 15 dias \u00fateis para que a entidade responda;<\/li>\n<li>Se n\u00e3o houver resposta nesse prazo, o sistema abre a op\u00e7\u00e3o para ades\u00e3o ao acordo de ressarcimento.<\/li>\n<\/ul>\n<p><em>Siga o Acorda Cidade no<\/em><a href=\"https:\/\/news.google.com\/search?q=acorda%20cidade&amp;hl=pt-BR&amp;gl=BR&amp;ceid=BR%3Apt-419\"><strong><em>\u00a0Google Not\u00edcias<\/em><\/strong><\/a><em>\u00a0e receba os principais destaques do dia. Participe tamb\u00e9m dos nossos canais no\u00a0<\/em><a href=\"https:\/\/www.whatsapp.com\/channel\/0029Va6Rb4v3WHTNnsh8WI3N\"><strong><em>WhatsApp<\/em><\/strong><\/a><em>\u00a0e\u00a0<\/em><a href=\"https:\/\/www.youtube.com\/@acordacidadenoticias\/videos\"><strong>Youtube<\/strong><\/a><em>\u00a0e grupo de\u00a0<\/em><a href=\"https:\/\/t.me\/+sSz0khrgARA0ZmRh\"><strong><em>Telegram<\/em><\/strong><\/a><em>.<\/em><\/p>\n<\/div>\n","protected":false},"excerpt":{"rendered":"<div>\n<div>\n<figure><img decoding=\"async\" src=\"https:\/\/uploads.acordacidade.com.br\/2025\/07\/meu-inss.jpg\" alt=\"meu inss\"><figcaption>Foto: INSS\/Divulga\u00e7\u00e3o<\/figcaption><\/figure>\n<\/div>\n<p>De acordo com o INSS, at\u00e9 o final da tarde de sexta (25), foram contabilizadas 1,248 milh\u00e3o de ades\u00f5es, de um total de 2,295 milh\u00f5es pessoas<\/p><\/div>\n","protected":false},"author":1,"featured_media":94842,"comment_status":"closed","ping_status":"closed","sticky":false,"template":"","format":"gallery","meta":{"footnotes":""},"categories":[8,9,6,57,56,10],"tags":[],"class_list":["post-94841","post","type-post","status-publish","format-gallery","has-post-thumbnail","hentry","category-bahia","category-brasil","category-feira-de-santana","category-mundo","category-policia","category-politica","post_format-post-format-gallery"],"featured_image_urls":{"full":["https:\/\/noticiasbahia360.com.br\/wp-content\/uploads\/2025\/07\/meu-inss.jpg",1200,718,false],"thumbnail":["https:\/\/noticiasbahia360.com.br\/wp-content\/uploads\/2025\/07\/meu-inss-150x150.jpg",150,150,true],"medium":["https:\/\/noticiasbahia360.com.br\/wp-content\/uploads\/2025\/07\/meu-inss-300x180.jpg",300,180,true],"medium_large":["https:\/\/noticiasbahia360.com.br\/wp-content\/uploads\/2025\/07\/meu-inss-768x460.jpg",640,383,true],"large":["https:\/\/noticiasbahia360.com.br\/wp-content\/uploads\/2025\/07\/meu-inss-1024x613.jpg",640,383,true],"1536x1536":["https:\/\/noticiasbahia360.com.br\/wp-content\/uploads\/2025\/07\/meu-inss.jpg",1200,718,false],"2048x2048":["https:\/\/noticiasbahia360.com.br\/wp-content\/uploads\/2025\/07\/meu-inss.jpg",1200,718,false],"chromenews-featured":["https:\/\/noticiasbahia360.com.br\/wp-content\/uploads\/2025\/07\/meu-inss-1024x613.jpg",1024,613,true],"chromenews-large":["https:\/\/noticiasbahia360.com.br\/wp-content\/uploads\/2025\/07\/meu-inss-825x575.jpg",825,575,true],"chromenews-medium":["https:\/\/noticiasbahia360.com.br\/wp-content\/uploads\/2025\/07\/meu-inss-590x410.jpg",590,410,true]},"author_info":{"display_name":"noticiasbahia360.com.br","author_link":"https:\/\/noticiasbahia360.com.br\/?author=1"},"category_info":"<a href=\"https:\/\/noticiasbahia360.com.br\/?cat=8\" rel=\"category\">Bahia<\/a> <a href=\"https:\/\/noticiasbahia360.com.br\/?cat=9\" rel=\"category\">Brasil<\/a> <a href=\"https:\/\/noticiasbahia360.com.br\/?cat=6\" rel=\"category\">Feira de Santana<\/a> <a href=\"https:\/\/noticiasbahia360.com.br\/?cat=57\" rel=\"category\">Mundo<\/a> <a href=\"https:\/\/noticiasbahia360.com.br\/?cat=56\" rel=\"category\">Pol\u00edcia<\/a> <a href=\"https:\/\/noticiasbahia360.com.br\/?cat=10\" rel=\"category\">Pol\u00edtica<\/a>","tag_info":"Pol\u00edtica","comment_count":"0","_links":{"self":[{"href":"https:\/\/noticiasbahia360.com.br\/index.php?rest_route=\/wp\/v2\/posts\/94841","targetHints":{"allow":["GET"]}}],"collection":[{"href":"https:\/\/noticiasbahia360.com.br\/index.php?rest_route=\/wp\/v2\/posts"}],"about":[{"href":"https:\/\/noticiasbahia360.com.br\/index.php?rest_route=\/wp\/v2\/types\/post"}],"author":[{"embeddable":true,"href":"https:\/\/noticiasbahia360.com.br\/index.php?rest_route=\/wp\/v2\/users\/1"}],"replies":[{"embeddable":true,"href":"https:\/\/noticiasbahia360.com.br\/index.php?rest_route=%2Fwp%2Fv2%2Fcomments&post=94841"}],"version-history":[{"count":0,"href":"https:\/\/noticiasbahia360.com.br\/index.php?rest_route=\/wp\/v2\/posts\/94841\/revisions"}],"wp:featuredmedia":[{"embeddable":true,"href":"https:\/\/noticiasbahia360.com.br\/index.php?rest_route=\/wp\/v2\/media\/94842"}],"wp:attachment":[{"href":"https:\/\/noticiasbahia360.com.br\/index.php?rest_route=%2Fwp%2Fv2%2Fmedia&parent=94841"}],"wp:term":[{"taxonomy":"category","embeddable":true,"href":"https:\/\/noticiasbahia360.com.br\/index.php?rest_route=%2Fwp%2Fv2%2Fcategories&post=94841"},{"taxonomy":"post_tag","embeddable":true,"href":"https:\/\/noticiasbahia360.com.br\/index.php?rest_route=%2Fwp%2Fv2%2Ftags&post=94841"}],"curies":[{"name":"wp","href":"https:\/\/api.w.org\/{rel}","templated":true}]}}