{"id":94843,"date":"2025-07-27T18:52:36","date_gmt":"2025-07-27T21:52:36","guid":{"rendered":"https:\/\/noticiasbahia360.com.br\/?p=94843"},"modified":"2025-07-27T18:52:36","modified_gmt":"2025-07-27T21:52:36","slug":"bahia-de-feira-segura-empate-contra-o-galicia-e-conquista-serie-b-do-baianao","status":"publish","type":"post","link":"https:\/\/noticiasbahia360.com.br\/?p=94843","title":{"rendered":"Bahia de Feira segura empate contra o Gal\u00edcia e conquista S\u00e9rie B do Baian\u00e3o"},"content":{"rendered":"<div>\n<div>\n<figure><img decoding=\"async\" src=\"http:\/\/noticiasbahia360.com.br\/wp-content\/uploads\/2025\/07\/Bahia-de-Feira-segura-empate-contra-o-Galicia-e-conquista-Serie-B-do-Baianao.jpg\" alt=\"Bahia de Feira segura empate contra o Gal\u00edcia e conquista S\u00e9rie B do Baian\u00e3o\"><figcaption>Foto: Bruno Menezes<br \/>\n<\/figcaption><\/figure>\n<\/div>\n<p>O Bahia de Feira garantiu neste domingo (27) o t\u00edtulo da S\u00e9rie B do <a href=\"https:\/\/www.acordacidade.com.br\/tag\/campeonato-baiano\/\">Campeonato Baiano<\/a>. Jogando na Arena Cajueiro, em <a href=\"https:\/\/www.acordacidade.com.br\/tag\/feira-de-santana\/\">Feira de Santana<\/a>, a equipe empatou por 2 a 2 com o Gal\u00edcia e confirmou a conquista gra\u00e7as \u00e0 vit\u00f3ria por 1 a 0 no jogo de ida da final.<\/p>\n<p>Arthur Martins abriu o placar para os donos da casa aos 23 minutos da etapa inicial. O Gal\u00edcia reagiu no segundo tempo, com Mamedio igualando o marcador aos 20 minutos. J\u00e1 na reta final da partida, Dod\u00f4 recolocou o Tremend\u00e3o em vantagem, mas Kekeu, nos acr\u00e9scimos, voltou a empatar para os visitantes.<\/p>\n<p>Mesmo com o empate, o resultado foi suficiente para assegurar o quarto t\u00edtulo da Segunda Divis\u00e3o estadual ao Bahia de Feira, que j\u00e1 havia levantado a ta\u00e7a em 1982, 1986 e 2009. Com isso, o clube se torna o maior campe\u00e3o da hist\u00f3ria da S\u00e9rie B do Baian\u00e3o.<\/p>\n<p>A equipe feirense retorna \u00e0 elite do <a href=\"https:\/\/www.acordacidade.com.br\/esportes\/futebol\/\">futebol <\/a>baiano ap\u00f3s o rebaixamento em 2024. Na campanha deste ano, fez a segunda melhor campanha da primeira fase, com 20 pontos, e eliminou o <a href=\"https:\/\/www.acordacidade.com.br\/tag\/fluminense-de-feira\/\">Fluminense de Feira<\/a> na semifinal.<\/p>\n<p>Apesar da derrota na final, o Gal\u00edcia tamb\u00e9m assegurou o acesso \u00e0 S\u00e9rie A. Rebaixado em 2017, o time retorna \u00e0 primeira divis\u00e3o ap\u00f3s sete anos. A equipe azulina terminou a fase classificat\u00f3ria na quarta coloca\u00e7\u00e3o, com 15 pontos, e eliminou o Itabuna na semifinal.<\/p>\n<p>Fonte: <a href=\"https:\/\/www.bahianoticias.com.br\/esportes\/noticia\/75071-bahia-de-feira-segura-empate-contra-o-galicia-e-conquista-serie-b-do-baianao\" target=\"_blank\" rel=\"noreferrer noopener\">Bahia Not\u00edcias<\/a>, site parceiro do Acorda Cidade<\/p>\n<p><em>Siga o Acorda Cidade no<\/em><a href=\"https:\/\/news.google.com\/search?q=acorda%20cidade&amp;hl=pt-BR&amp;gl=BR&amp;ceid=BR%3Apt-419\"><strong><em>\u00a0Google Not\u00edcias<\/em><\/strong><\/a><em>\u00a0e receba os principais destaques do dia. Participe tamb\u00e9m dos nossos canais no\u00a0<\/em><a href=\"https:\/\/www.whatsapp.com\/channel\/0029Va6Rb4v3WHTNnsh8WI3N\"><strong><em>WhatsApp<\/em><\/strong><\/a><em>\u00a0e\u00a0<\/em><a href=\"https:\/\/www.youtube.com\/@acordacidadenoticias\/videos\"><strong>Youtube<\/strong><\/a><em>\u00a0e grupo de\u00a0<\/em><a href=\"https:\/\/t.me\/+sSz0khrgARA0ZmRh\"><strong><em>Telegram<\/em><\/strong><\/a><em>.<\/em><\/p>\n<\/div>\n","protected":false},"excerpt":{"rendered":"<div>\n<div>\n<figure><img decoding=\"async\" src=\"https:\/\/uploads.acordacidade.com.br\/2025\/07\/Bahia-de-Feira-segura-empate-contra-o-Galicia-e-conquista-Serie-B-do-Baianao.jpg\" alt=\"Bahia de Feira segura empate contra o Gal\u00edcia e conquista S\u00e9rie B do Baian\u00e3o\"><figcaption>Foto: Bruno Menezes<br \/>\n<\/figcaption><\/figure>\n<\/div>\n<p>A equipe feirense retorna \u00e0 elite do futebol baiano ap\u00f3s o rebaixamento em 2024.<\/p><\/div>\n","protected":false},"author":1,"featured_media":94844,"comment_status":"closed","ping_status":"closed","sticky":false,"template":"","format":"gallery","meta":{"footnotes":""},"categories":[8,9,6,57,56,10],"tags":[],"class_list":["post-94843","post","type-post","status-publish","format-gallery","has-post-thumbnail","hentry","category-bahia","category-brasil","category-feira-de-santana","category-mundo","category-policia","category-politica","post_format-post-format-gallery"],"featured_image_urls":{"full":["https:\/\/noticiasbahia360.com.br\/wp-content\/uploads\/2025\/07\/Bahia-de-Feira-segura-empate-contra-o-Galicia-e-conquista-Serie-B-do-Baianao.jpg",1200,630,false],"thumbnail":["https:\/\/noticiasbahia360.com.br\/wp-content\/uploads\/2025\/07\/Bahia-de-Feira-segura-empate-contra-o-Galicia-e-conquista-Serie-B-do-Baianao-150x150.jpg",150,150,true],"medium":["https:\/\/noticiasbahia360.com.br\/wp-content\/uploads\/2025\/07\/Bahia-de-Feira-segura-empate-contra-o-Galicia-e-conquista-Serie-B-do-Baianao-300x158.jpg",300,158,true],"medium_large":["https:\/\/noticiasbahia360.com.br\/wp-content\/uploads\/2025\/07\/Bahia-de-Feira-segura-empate-contra-o-Galicia-e-conquista-Serie-B-do-Baianao-768x403.jpg",640,336,true],"large":["https:\/\/noticiasbahia360.com.br\/wp-content\/uploads\/2025\/07\/Bahia-de-Feira-segura-empate-contra-o-Galicia-e-conquista-Serie-B-do-Baianao-1024x538.jpg",640,336,true],"1536x1536":["https:\/\/noticiasbahia360.com.br\/wp-content\/uploads\/2025\/07\/Bahia-de-Feira-segura-empate-contra-o-Galicia-e-conquista-Serie-B-do-Baianao.jpg",1200,630,false],"2048x2048":["https:\/\/noticiasbahia360.com.br\/wp-content\/uploads\/2025\/07\/Bahia-de-Feira-segura-empate-contra-o-Galicia-e-conquista-Serie-B-do-Baianao.jpg",1200,630,false],"chromenews-featured":["https:\/\/noticiasbahia360.com.br\/wp-content\/uploads\/2025\/07\/Bahia-de-Feira-segura-empate-contra-o-Galicia-e-conquista-Serie-B-do-Baianao-1024x538.jpg",1024,538,true],"chromenews-large":["https:\/\/noticiasbahia360.com.br\/wp-content\/uploads\/2025\/07\/Bahia-de-Feira-segura-empate-contra-o-Galicia-e-conquista-Serie-B-do-Baianao-825x575.jpg",825,575,true],"chromenews-medium":["https:\/\/noticiasbahia360.com.br\/wp-content\/uploads\/2025\/07\/Bahia-de-Feira-segura-empate-contra-o-Galicia-e-conquista-Serie-B-do-Baianao-590x410.jpg",590,410,true]},"author_info":{"display_name":"noticiasbahia360.com.br","author_link":"https:\/\/noticiasbahia360.com.br\/?author=1"},"category_info":"<a href=\"https:\/\/noticiasbahia360.com.br\/?cat=8\" rel=\"category\">Bahia<\/a> <a href=\"https:\/\/noticiasbahia360.com.br\/?cat=9\" rel=\"category\">Brasil<\/a> <a href=\"https:\/\/noticiasbahia360.com.br\/?cat=6\" rel=\"category\">Feira de Santana<\/a> <a href=\"https:\/\/noticiasbahia360.com.br\/?cat=57\" rel=\"category\">Mundo<\/a> <a href=\"https:\/\/noticiasbahia360.com.br\/?cat=56\" rel=\"category\">Pol\u00edcia<\/a> <a href=\"https:\/\/noticiasbahia360.com.br\/?cat=10\" rel=\"category\">Pol\u00edtica<\/a>","tag_info":"Pol\u00edtica","comment_count":"0","_links":{"self":[{"href":"https:\/\/noticiasbahia360.com.br\/index.php?rest_route=\/wp\/v2\/posts\/94843","targetHints":{"allow":["GET"]}}],"collection":[{"href":"https:\/\/noticiasbahia360.com.br\/index.php?rest_route=\/wp\/v2\/posts"}],"about":[{"href":"https:\/\/noticiasbahia360.com.br\/index.php?rest_route=\/wp\/v2\/types\/post"}],"author":[{"embeddable":true,"href":"https:\/\/noticiasbahia360.com.br\/index.php?rest_route=\/wp\/v2\/users\/1"}],"replies":[{"embeddable":true,"href":"https:\/\/noticiasbahia360.com.br\/index.php?rest_route=%2Fwp%2Fv2%2Fcomments&post=94843"}],"version-history":[{"count":0,"href":"https:\/\/noticiasbahia360.com.br\/index.php?rest_route=\/wp\/v2\/posts\/94843\/revisions"}],"wp:featuredmedia":[{"embeddable":true,"href":"https:\/\/noticiasbahia360.com.br\/index.php?rest_route=\/wp\/v2\/media\/94844"}],"wp:attachment":[{"href":"https:\/\/noticiasbahia360.com.br\/index.php?rest_route=%2Fwp%2Fv2%2Fmedia&parent=94843"}],"wp:term":[{"taxonomy":"category","embeddable":true,"href":"https:\/\/noticiasbahia360.com.br\/index.php?rest_route=%2Fwp%2Fv2%2Fcategories&post=94843"},{"taxonomy":"post_tag","embeddable":true,"href":"https:\/\/noticiasbahia360.com.br\/index.php?rest_route=%2Fwp%2Fv2%2Ftags&post=94843"}],"curies":[{"name":"wp","href":"https:\/\/api.w.org\/{rel}","templated":true}]}}