{"id":94845,"date":"2025-07-27T19:05:43","date_gmt":"2025-07-27T22:05:43","guid":{"rendered":"https:\/\/noticiasbahia360.com.br\/?p=94845"},"modified":"2025-07-27T19:05:43","modified_gmt":"2025-07-27T22:05:43","slug":"nova-ubs-de-porte-iii-comeca-a-ser-construida-no-bairro-registro-e-deve-atender-ate-21-mil-pessoas","status":"publish","type":"post","link":"https:\/\/noticiasbahia360.com.br\/?p=94845","title":{"rendered":"Nova UBS de Porte III come\u00e7a a ser constru\u00edda no bairro Registro e deve atender at\u00e9 21 mil pessoas"},"content":{"rendered":"<div>\n<div>\n<figure><img decoding=\"async\" src=\"http:\/\/noticiasbahia360.com.br\/wp-content\/uploads\/2025\/07\/Nova-UBS-de-Porte-III-comeca-a-ser-construida-no-bairro-Registro-e-deve-atender-ate-21-mil-pessoas.jpg\" alt=\"Nova UBS de Porte III come\u00e7a a ser constru\u00edda no bairro Registro e deve atender at\u00e9 21 mil pessoas1\"><figcaption>Foto: Jorge Magalh\u00e3es<br \/>\n<\/figcaption><\/figure>\n<\/div>\n<p>A Prefeitura de Feira de Santana realizou, neste domingo (27), a solenidade de assinatura da ordem de servi\u00e7o e in\u00edcio das obras da nova Unidade B\u00e1sica de Sa\u00fade (UBS) de Porte III, que ser\u00e1 constru\u00edda no Complexo Urban\u00edstico Jardim Brasil, bairro Registro. O ato foi conduzido pelo prefeito Jos\u00e9 Ronaldo de Carvalho, ao lado do secret\u00e1rio municipal de Sa\u00fade, Rodrigo Matos, demais secret\u00e1rios, vereadores, lideran\u00e7as comunit\u00e1rias e moradores da regi\u00e3o.<\/p>\n<p>A unidade ser\u00e1 a maior UBS da cidade em estrutura f\u00edsica, com capacidade para abrigar at\u00e9 seis equipes de Sa\u00fade da Fam\u00edlia, podendo atender, gradualmente, at\u00e9 21 mil pessoas. A obra representa um investimento superior a R$ 2 milh\u00f5es e tem previs\u00e3o de entrega em um ano.<\/p>\n<figure class=\"wp-block-image size-large\"><img fetchpriority=\"high\" fetchpriority=\"high\" decoding=\"async\" width=\"1152\" height=\"768\" src=\"http:\/\/noticiasbahia360.com.br\/wp-content\/uploads\/2025\/07\/Nova-UBS-de-Porte-III-comeca-a-ser-construida-no-bairro-Registro-e-deve-atender-ate-21-mil-pessoas1-1152x768-1.jpg\" alt=\"Nova UBS de Porte III come\u00e7a a ser constru\u00edda no bairro Registro e deve atender at\u00e9 21 mil pessoas1\" class=\"wp-image-577412\" srcset=\"https:\/\/uploads.acordacidade.com.br\/2025\/07\/Nova-UBS-de-Porte-III-comeca-a-ser-construida-no-bairro-Registro-e-deve-atender-ate-21-mil-pessoas1-548x365.jpg 548w, http:\/\/noticiasbahia360.com.br\/wp-content\/uploads\/2025\/07\/Nova-UBS-de-Porte-III-comeca-a-ser-construida-no-bairro-Registro-e-deve-atender-ate-21-mil-pessoas1-1152x768-1.jpg 1152w, https:\/\/uploads.acordacidade.com.br\/2025\/07\/Nova-UBS-de-Porte-III-comeca-a-ser-construida-no-bairro-Registro-e-deve-atender-ate-21-mil-pessoas1-830x553.jpg 830w, https:\/\/uploads.acordacidade.com.br\/2025\/07\/Nova-UBS-de-Porte-III-comeca-a-ser-construida-no-bairro-Registro-e-deve-atender-ate-21-mil-pessoas1-150x100.jpg 150w, https:\/\/uploads.acordacidade.com.br\/2025\/07\/Nova-UBS-de-Porte-III-comeca-a-ser-construida-no-bairro-Registro-e-deve-atender-ate-21-mil-pessoas1.jpg 1200w\" sizes=\"(max-width: 1152px) 100vw, 1152px\"><figcaption class=\"wp-element-caption\">Foto: Jorge Magalh\u00e3es<br \/>\n<\/figcaption><\/figure>\n<p>Segundo o secret\u00e1rio Rodrigo Matos, a implanta\u00e7\u00e3o da nova unidade representa um avan\u00e7o significativo no fortalecimento da aten\u00e7\u00e3o prim\u00e1ria \u00e0 sa\u00fade. \u201c\u00c9 uma obra que temos imensa alegria em iniciar. A UBS de porte III permitir\u00e1 levar assist\u00eancia a uma comunidade que antes precisava se deslocar at\u00e9 Ja\u00edba, enfrentando dificuldades de mobilidade. Estamos trazendo o cuidado para mais perto das pessoas\u201d, afirmou.<\/p>\n<p>Rodrigo destacou ainda que cada equipe contar\u00e1 com m\u00e9dico, enfermeiro, cirurgi\u00e3o-dentista, t\u00e9cnico de enfermagem e profissionais do N\u00facleo Ampliado de Sa\u00fade da Fam\u00edlia (NASF), como psic\u00f3logos, nutricionistas e fisioterapeutas. \u201c\u00c9 um equipamento completo, constru\u00eddo em um terreno amplo, pensado para crescer com a comunidade e prestar um servi\u00e7o de qualidade\u201d, completou.<\/p>\n<p>Durante a solenidade, o prefeito Jos\u00e9 Ronaldo refor\u00e7ou o compromisso da gest\u00e3o com a amplia\u00e7\u00e3o e qualifica\u00e7\u00e3o dos servi\u00e7os de sa\u00fade. \u201cEstamos fazendo hoje algo grandioso, com responsabilidade. Essa ser\u00e1 a maior UBS j\u00e1 constru\u00edda em Feira de Santana. A cidade est\u00e1 crescendo, os condom\u00ednios est\u00e3o chegando, e precisamos garantir que a estrutura p\u00fablica acompanhe esse crescimento\u201d, pontuou.<\/p>\n<p>A agente comunit\u00e1ria de sa\u00fade Claudiene Lima dos Santos, que atua na regi\u00e3o, comemorou o in\u00edcio das obras. \u201c\u00c9 uma grande vit\u00f3ria para todos n\u00f3s. Muitos moradores n\u00e3o conseguiam ir at\u00e9 Ja\u00edba por causa da dist\u00e2ncia. Ter essa unidade aqui perto \u00e9 uma conquista que vai beneficiar tanto quem trabalha como quem precisa do atendimento\u201d, afirmou.<\/p>\n<p>Moradora do Jardim Brasil, R\u00edsia Oliveira tamb\u00e9m celebrou a novidade. \u201cMoro aqui e sempre foi muito dif\u00edcil o acesso ao posto de sa\u00fade, principalmente para quem n\u00e3o tem carro. Agora, com essa UBS aqui do lado, \u00e9 como se um sonho tivesse se realizado\u201d, afirmou.<\/p>\n<p><em>Com informa\u00e7\u00f5es da Secretaria Municipal de Comunica\u00e7\u00e3o<\/em><\/p>\n<p><em>Siga o Acorda Cidade no<\/em><a href=\"https:\/\/news.google.com\/search?q=acorda%20cidade&amp;hl=pt-BR&amp;gl=BR&amp;ceid=BR%3Apt-419\"><strong><em>\u00a0Google Not\u00edcias<\/em><\/strong><\/a><em>\u00a0e receba os principais destaques do dia. Participe tamb\u00e9m dos nossos canais no\u00a0<\/em><a href=\"https:\/\/www.whatsapp.com\/channel\/0029Va6Rb4v3WHTNnsh8WI3N\"><strong><em>WhatsApp<\/em><\/strong><\/a><em>\u00a0e\u00a0<\/em><a href=\"https:\/\/www.youtube.com\/@acordacidadenoticias\/videos\"><strong>Youtube<\/strong><\/a><em>\u00a0e grupo de\u00a0<\/em><a href=\"https:\/\/t.me\/+sSz0khrgARA0ZmRh\"><strong><em>Telegram<\/em><\/strong><\/a><\/p>\n<\/div>\n","protected":false},"excerpt":{"rendered":"<div>\n<div>\n<figure><img decoding=\"async\" src=\"https:\/\/uploads.acordacidade.com.br\/2025\/07\/Nova-UBS-de-Porte-III-comeca-a-ser-construida-no-bairro-Registro-e-deve-atender-ate-21-mil-pessoas.jpg\" alt=\"Nova UBS de Porte III come\u00e7a a ser constru\u00edda no bairro Registro e deve atender at\u00e9 21 mil pessoas1\"><figcaption>Foto: Jorge Magalh\u00e3es<br \/>\n<\/figcaption><\/figure>\n<\/div>\n<p>A unidade ser\u00e1 a maior UBS da cidade em estrutura f\u00edsica, com capacidade para abrigar at\u00e9 seis equipes de Sa\u00fade da Fam\u00edlia<\/p><\/div>\n","protected":false},"author":1,"featured_media":94846,"comment_status":"closed","ping_status":"closed","sticky":false,"template":"","format":"gallery","meta":{"footnotes":""},"categories":[8,9,6,57,56,10],"tags":[],"class_list":["post-94845","post","type-post","status-publish","format-gallery","has-post-thumbnail","hentry","category-bahia","category-brasil","category-feira-de-santana","category-mundo","category-policia","category-politica","post_format-post-format-gallery"],"featured_image_urls":{"full":["https:\/\/noticiasbahia360.com.br\/wp-content\/uploads\/2025\/07\/Nova-UBS-de-Porte-III-comeca-a-ser-construida-no-bairro-Registro-e-deve-atender-ate-21-mil-pessoas.jpg",1200,800,false],"thumbnail":["https:\/\/noticiasbahia360.com.br\/wp-content\/uploads\/2025\/07\/Nova-UBS-de-Porte-III-comeca-a-ser-construida-no-bairro-Registro-e-deve-atender-ate-21-mil-pessoas-150x150.jpg",150,150,true],"medium":["https:\/\/noticiasbahia360.com.br\/wp-content\/uploads\/2025\/07\/Nova-UBS-de-Porte-III-comeca-a-ser-construida-no-bairro-Registro-e-deve-atender-ate-21-mil-pessoas-300x200.jpg",300,200,true],"medium_large":["https:\/\/noticiasbahia360.com.br\/wp-content\/uploads\/2025\/07\/Nova-UBS-de-Porte-III-comeca-a-ser-construida-no-bairro-Registro-e-deve-atender-ate-21-mil-pessoas-768x512.jpg",640,427,true],"large":["https:\/\/noticiasbahia360.com.br\/wp-content\/uploads\/2025\/07\/Nova-UBS-de-Porte-III-comeca-a-ser-construida-no-bairro-Registro-e-deve-atender-ate-21-mil-pessoas-1024x683.jpg",640,427,true],"1536x1536":["https:\/\/noticiasbahia360.com.br\/wp-content\/uploads\/2025\/07\/Nova-UBS-de-Porte-III-comeca-a-ser-construida-no-bairro-Registro-e-deve-atender-ate-21-mil-pessoas.jpg",1200,800,false],"2048x2048":["https:\/\/noticiasbahia360.com.br\/wp-content\/uploads\/2025\/07\/Nova-UBS-de-Porte-III-comeca-a-ser-construida-no-bairro-Registro-e-deve-atender-ate-21-mil-pessoas.jpg",1200,800,false],"chromenews-featured":["https:\/\/noticiasbahia360.com.br\/wp-content\/uploads\/2025\/07\/Nova-UBS-de-Porte-III-comeca-a-ser-construida-no-bairro-Registro-e-deve-atender-ate-21-mil-pessoas-1024x683.jpg",1024,683,true],"chromenews-large":["https:\/\/noticiasbahia360.com.br\/wp-content\/uploads\/2025\/07\/Nova-UBS-de-Porte-III-comeca-a-ser-construida-no-bairro-Registro-e-deve-atender-ate-21-mil-pessoas-825x575.jpg",825,575,true],"chromenews-medium":["https:\/\/noticiasbahia360.com.br\/wp-content\/uploads\/2025\/07\/Nova-UBS-de-Porte-III-comeca-a-ser-construida-no-bairro-Registro-e-deve-atender-ate-21-mil-pessoas-590x410.jpg",590,410,true]},"author_info":{"display_name":"noticiasbahia360.com.br","author_link":"https:\/\/noticiasbahia360.com.br\/?author=1"},"category_info":"<a href=\"https:\/\/noticiasbahia360.com.br\/?cat=8\" rel=\"category\">Bahia<\/a> <a href=\"https:\/\/noticiasbahia360.com.br\/?cat=9\" rel=\"category\">Brasil<\/a> <a href=\"https:\/\/noticiasbahia360.com.br\/?cat=6\" rel=\"category\">Feira de Santana<\/a> <a href=\"https:\/\/noticiasbahia360.com.br\/?cat=57\" rel=\"category\">Mundo<\/a> <a href=\"https:\/\/noticiasbahia360.com.br\/?cat=56\" rel=\"category\">Pol\u00edcia<\/a> <a href=\"https:\/\/noticiasbahia360.com.br\/?cat=10\" rel=\"category\">Pol\u00edtica<\/a>","tag_info":"Pol\u00edtica","comment_count":"0","_links":{"self":[{"href":"https:\/\/noticiasbahia360.com.br\/index.php?rest_route=\/wp\/v2\/posts\/94845","targetHints":{"allow":["GET"]}}],"collection":[{"href":"https:\/\/noticiasbahia360.com.br\/index.php?rest_route=\/wp\/v2\/posts"}],"about":[{"href":"https:\/\/noticiasbahia360.com.br\/index.php?rest_route=\/wp\/v2\/types\/post"}],"author":[{"embeddable":true,"href":"https:\/\/noticiasbahia360.com.br\/index.php?rest_route=\/wp\/v2\/users\/1"}],"replies":[{"embeddable":true,"href":"https:\/\/noticiasbahia360.com.br\/index.php?rest_route=%2Fwp%2Fv2%2Fcomments&post=94845"}],"version-history":[{"count":0,"href":"https:\/\/noticiasbahia360.com.br\/index.php?rest_route=\/wp\/v2\/posts\/94845\/revisions"}],"wp:featuredmedia":[{"embeddable":true,"href":"https:\/\/noticiasbahia360.com.br\/index.php?rest_route=\/wp\/v2\/media\/94846"}],"wp:attachment":[{"href":"https:\/\/noticiasbahia360.com.br\/index.php?rest_route=%2Fwp%2Fv2%2Fmedia&parent=94845"}],"wp:term":[{"taxonomy":"category","embeddable":true,"href":"https:\/\/noticiasbahia360.com.br\/index.php?rest_route=%2Fwp%2Fv2%2Fcategories&post=94845"},{"taxonomy":"post_tag","embeddable":true,"href":"https:\/\/noticiasbahia360.com.br\/index.php?rest_route=%2Fwp%2Fv2%2Ftags&post=94845"}],"curies":[{"name":"wp","href":"https:\/\/api.w.org\/{rel}","templated":true}]}}