{"id":94850,"date":"2025-07-27T22:35:49","date_gmt":"2025-07-28T01:35:49","guid":{"rendered":"https:\/\/noticiasbahia360.com.br\/?p=94850"},"modified":"2025-07-27T22:35:49","modified_gmt":"2025-07-28T01:35:49","slug":"homem-e-assassinado-no-bairro-subae-em-feira-de-santana","status":"publish","type":"post","link":"https:\/\/noticiasbahia360.com.br\/?p=94850","title":{"rendered":"Homem \u00e9 assassinado no bairro Suba\u00e9 em Feira de Santana"},"content":{"rendered":"<div>\n<div>\n<figure><img decoding=\"async\" src=\"http:\/\/noticiasbahia360.com.br\/wp-content\/uploads\/2025\/07\/Departamento-de-Policia-Tecnica-DPT-Acorda-Cidade-Ed-Santosjpg2_-1.jpg\" alt=\"DPT atropelado homem assassinado\"><figcaption>DPT | Foto: Ed Santos\/Acorda Cidade<\/figcaption><\/figure>\n<\/div>\n<p>Um homem foi assassinado no final da tarde deste domingo (27) na Travessa Santo Ant\u00f4nio, no bairro Suba\u00e9, em <a href=\"https:\/\/www.acordacidade.com.br\/feira-de-santana\/\">Feira de Santana<\/a>.<\/p>\n<p>A v\u00edtima, ainda n\u00e3o identificada, foi morta a <a href=\"https:\/\/www.acordacidade.com.br\/tag\/tiros\/\">tiros <\/a>que atingiram a cabe\u00e7a, os membros superiores e o t\u00f3rax.<\/p>\n<p>De acordo com informa\u00e7\u00f5es da pol\u00edcia, tr\u00eas homens com caracter\u00edsticas n\u00e3o identificadas foram os autores dos disparos.<\/p>\n<p>O corpo foi encaminhado ao Departamento de Pol\u00edcia T\u00e9cnica (<a href=\"https:\/\/www.acordacidade.com.br\/tag\/dpt\/\">DPT<\/a>).<\/p>\n<p><em>Com informa\u00e7\u00f5es do rep\u00f3rter Ed Santos do Acorda Cidade<\/em><\/p>\n<p><em>Siga o Acorda Cidade no<\/em><a href=\"https:\/\/news.google.com\/search?q=acorda%20cidade&amp;hl=pt-BR&amp;gl=BR&amp;ceid=BR%3Apt-419\"><strong><em>\u00a0Google Not\u00edcias<\/em><\/strong><\/a><em>\u00a0e receba os principais destaques do dia. Participe tamb\u00e9m dos nossos canais no\u00a0<\/em><a href=\"https:\/\/www.whatsapp.com\/channel\/0029Va6Rb4v3WHTNnsh8WI3N\"><strong><em>WhatsApp<\/em><\/strong><\/a><em>\u00a0e\u00a0<\/em><a href=\"https:\/\/www.youtube.com\/@acordacidadenoticias\/videos\"><strong>Youtube<\/strong><\/a><em>\u00a0e grupo de\u00a0<\/em><a href=\"https:\/\/t.me\/+sSz0khrgARA0ZmRh\"><strong><em>Telegram<\/em><\/strong><\/a><\/p>\n<\/div>\n","protected":false},"excerpt":{"rendered":"<div>\n<div>\n<figure><img decoding=\"async\" src=\"https:\/\/uploads.acordacidade.com.br\/wp-content\/uploads\/2023\/04\/10080658\/Departamento-de-Policia-Tecnica-DPT-Acorda-Cidade-Ed-Santos.jpg2_.jpg\" alt=\"DPT atropelado homem assassinado\"><figcaption>DPT | Foto: Ed Santos\/Acorda Cidade<\/figcaption><\/figure>\n<\/div>\n<p>De acordo com informa\u00e7\u00f5es da pol\u00edcia, tr\u00eas homens com caracter\u00edsticas n\u00e3o identificadas foram os autores dos disparos.<\/p><\/div>\n","protected":false},"author":1,"featured_media":94851,"comment_status":"closed","ping_status":"closed","sticky":false,"template":"","format":"gallery","meta":{"footnotes":""},"categories":[8,9,6,57,56,10],"tags":[],"class_list":["post-94850","post","type-post","status-publish","format-gallery","has-post-thumbnail","hentry","category-bahia","category-brasil","category-feira-de-santana","category-mundo","category-policia","category-politica","post_format-post-format-gallery"],"featured_image_urls":{"full":["https:\/\/noticiasbahia360.com.br\/wp-content\/uploads\/2025\/07\/Departamento-de-Policia-Tecnica-DPT-Acorda-Cidade-Ed-Santosjpg2_-1.jpg",640,360,false],"thumbnail":["https:\/\/noticiasbahia360.com.br\/wp-content\/uploads\/2025\/07\/Departamento-de-Policia-Tecnica-DPT-Acorda-Cidade-Ed-Santosjpg2_-1-150x150.jpg",150,150,true],"medium":["https:\/\/noticiasbahia360.com.br\/wp-content\/uploads\/2025\/07\/Departamento-de-Policia-Tecnica-DPT-Acorda-Cidade-Ed-Santosjpg2_-1-300x169.jpg",300,169,true],"medium_large":["https:\/\/noticiasbahia360.com.br\/wp-content\/uploads\/2025\/07\/Departamento-de-Policia-Tecnica-DPT-Acorda-Cidade-Ed-Santosjpg2_-1.jpg",640,360,false],"large":["https:\/\/noticiasbahia360.com.br\/wp-content\/uploads\/2025\/07\/Departamento-de-Policia-Tecnica-DPT-Acorda-Cidade-Ed-Santosjpg2_-1.jpg",640,360,false],"1536x1536":["https:\/\/noticiasbahia360.com.br\/wp-content\/uploads\/2025\/07\/Departamento-de-Policia-Tecnica-DPT-Acorda-Cidade-Ed-Santosjpg2_-1.jpg",640,360,false],"2048x2048":["https:\/\/noticiasbahia360.com.br\/wp-content\/uploads\/2025\/07\/Departamento-de-Policia-Tecnica-DPT-Acorda-Cidade-Ed-Santosjpg2_-1.jpg",640,360,false],"chromenews-featured":["https:\/\/noticiasbahia360.com.br\/wp-content\/uploads\/2025\/07\/Departamento-de-Policia-Tecnica-DPT-Acorda-Cidade-Ed-Santosjpg2_-1.jpg",640,360,false],"chromenews-large":["https:\/\/noticiasbahia360.com.br\/wp-content\/uploads\/2025\/07\/Departamento-de-Policia-Tecnica-DPT-Acorda-Cidade-Ed-Santosjpg2_-1.jpg",640,360,false],"chromenews-medium":["https:\/\/noticiasbahia360.com.br\/wp-content\/uploads\/2025\/07\/Departamento-de-Policia-Tecnica-DPT-Acorda-Cidade-Ed-Santosjpg2_-1-590x360.jpg",590,360,true]},"author_info":{"display_name":"noticiasbahia360.com.br","author_link":"https:\/\/noticiasbahia360.com.br\/?author=1"},"category_info":"<a href=\"https:\/\/noticiasbahia360.com.br\/?cat=8\" rel=\"category\">Bahia<\/a> <a href=\"https:\/\/noticiasbahia360.com.br\/?cat=9\" rel=\"category\">Brasil<\/a> <a href=\"https:\/\/noticiasbahia360.com.br\/?cat=6\" rel=\"category\">Feira de Santana<\/a> <a href=\"https:\/\/noticiasbahia360.com.br\/?cat=57\" rel=\"category\">Mundo<\/a> <a href=\"https:\/\/noticiasbahia360.com.br\/?cat=56\" rel=\"category\">Pol\u00edcia<\/a> <a href=\"https:\/\/noticiasbahia360.com.br\/?cat=10\" rel=\"category\">Pol\u00edtica<\/a>","tag_info":"Pol\u00edtica","comment_count":"0","_links":{"self":[{"href":"https:\/\/noticiasbahia360.com.br\/index.php?rest_route=\/wp\/v2\/posts\/94850","targetHints":{"allow":["GET"]}}],"collection":[{"href":"https:\/\/noticiasbahia360.com.br\/index.php?rest_route=\/wp\/v2\/posts"}],"about":[{"href":"https:\/\/noticiasbahia360.com.br\/index.php?rest_route=\/wp\/v2\/types\/post"}],"author":[{"embeddable":true,"href":"https:\/\/noticiasbahia360.com.br\/index.php?rest_route=\/wp\/v2\/users\/1"}],"replies":[{"embeddable":true,"href":"https:\/\/noticiasbahia360.com.br\/index.php?rest_route=%2Fwp%2Fv2%2Fcomments&post=94850"}],"version-history":[{"count":0,"href":"https:\/\/noticiasbahia360.com.br\/index.php?rest_route=\/wp\/v2\/posts\/94850\/revisions"}],"wp:featuredmedia":[{"embeddable":true,"href":"https:\/\/noticiasbahia360.com.br\/index.php?rest_route=\/wp\/v2\/media\/94851"}],"wp:attachment":[{"href":"https:\/\/noticiasbahia360.com.br\/index.php?rest_route=%2Fwp%2Fv2%2Fmedia&parent=94850"}],"wp:term":[{"taxonomy":"category","embeddable":true,"href":"https:\/\/noticiasbahia360.com.br\/index.php?rest_route=%2Fwp%2Fv2%2Fcategories&post=94850"},{"taxonomy":"post_tag","embeddable":true,"href":"https:\/\/noticiasbahia360.com.br\/index.php?rest_route=%2Fwp%2Fv2%2Ftags&post=94850"}],"curies":[{"name":"wp","href":"https:\/\/api.w.org\/{rel}","templated":true}]}}