{"id":94854,"date":"2025-07-28T07:07:28","date_gmt":"2025-07-28T10:07:28","guid":{"rendered":"https:\/\/noticiasbahia360.com.br\/?p=94854"},"modified":"2025-07-28T07:07:28","modified_gmt":"2025-07-28T10:07:28","slug":"tecnico-de-som-da-banda-de-netto-brito-e-outras-duas-pessoas-morrem-em-grave-acidente-em-santo-antonio-de-jesus","status":"publish","type":"post","link":"https:\/\/noticiasbahia360.com.br\/?p=94854","title":{"rendered":"T\u00e9cnico de som da banda de Netto Brito e outras duas pessoas morrem em grave acidente em Santo Ant\u00f4nio de Jesus"},"content":{"rendered":"<div>\n<div>\n<figure><img decoding=\"async\" src=\"http:\/\/noticiasbahia360.com.br\/wp-content\/uploads\/2025\/07\/carolos-bojo-tecnico-de-som-da-banda-de-netto-brito.jpg\" alt=\"\"><\/figure>\n<\/div>\n<p>Um grave acidente registrado na noite deste domingo (27), na BA-046, per\u00edmetro urbano de Santo Ant\u00f4nio de Jesus, resultou na morte de Carlos Boj\u00f4, t\u00e9cnico de som da banda do cantor Netto Brito e de um casal.<\/p>\n<p>A colis\u00e3o envolveu um \u00f4nibus da banda e um carro de passeio Ford Focus, de cor branca e placa de Feira de Santana. Os ocupantes do autom\u00f3vel, uma mulher que ficou presa \u00e0s ferragens e o homem que foi arremessado para fora do ve\u00edculo, morreram.<\/p>\n<p>Segundo as informa\u00e7\u00f5es iniciais do Blog do Valente, parceiro do Acorda Cidade, o carro teria invadido a contram\u00e3o, provocando uma batida frontal com o \u00f4nibus.<\/p>\n<p>A banda seguia em dire\u00e7\u00e3o a Salinas da Margarida, onde Netto Brito faria um show em comemora\u00e7\u00e3o aos 63 anos de emancipa\u00e7\u00e3o pol\u00edtica do munic\u00edpio. Por conta do acidente, toda a agenda do cantor foi cancelada pelos pr\u00f3ximos dias.<\/p>\n<p>Em nota, a banda informou que os demais integrantes est\u00e3o bem. O impacto da colis\u00e3o destruiu completamente o carro, enquanto a parte frontal do \u00f4nibus ficou bastante danificada. As reais causas do acidente ser\u00e3o apuradas pela pol\u00edcia.<\/p>\n<h2 class=\"wp-block-heading\" id=\"h-leia-na-integra-a-nota-divulgada-pelo-cantor-netto-brito\">Leia na \u00edntegra a nota divulgada pelo cantor Netto Brito:<\/h2>\n<p><strong>LUTO<\/strong><\/p>\n<p><em>Com imensa tristeza, comunicamos o falecimento de Carlos Boj\u00f4, t\u00e9cnico de som da banda de Netto Brito, v\u00edtima de um acidente ocorrido na noite deste domingo (27), a caminho do show em Salinas da Margarida\/BA.<\/em><\/p>\n<p><em>Carlos era um irm\u00e3o de estrada, querido por todos, e sua perda deixa um vazio profundo em nossa equipe. <\/em><\/p>\n<p><em>Estamos prestando todo o apoio necess\u00e1rio \u00e0 sua fam\u00edlia.Toda a agenda de Netto Brito est\u00e1 cancelada pelos pr\u00f3ximos dias, incluindo o show deste domingo em Salinas.Agradecemos o carinho e as mensagens de apoio. <\/em><\/p>\n<p><em>Os demais integrantes da equipe est\u00e3o bem.\u2019<\/em><\/p>\n<p><em>Gordinho\u2019 seu sorriso sempre ser\u00e1 lembrado por todos!<\/em><\/p>\n<\/div>\n","protected":false},"excerpt":{"rendered":"<div>\n<div>\n<figure><img decoding=\"async\" src=\"https:\/\/uploads.acordacidade.com.br\/2025\/07\/carolos-bojo-tecnico-de-som-da-banda-de-netto-brito.jpg\" alt=\"\"><\/figure>\n<\/div>\n<p>Um grave acidente registrado na noite deste domingo (27), na BA-046, per\u00edmetro urbano de Santo Ant\u00f4nio de Jesus, resultou na morte de Carlos Boj\u00f4, t\u00e9cnico de som da banda do cantor Netto Brito e de um casal. A colis\u00e3o envolveu um \u00f4nibus da banda e um carro de passeio Ford Focus, de cor branca e [\u2026]<\/p><\/div>\n","protected":false},"author":1,"featured_media":94855,"comment_status":"closed","ping_status":"closed","sticky":false,"template":"","format":"gallery","meta":{"footnotes":""},"categories":[8,9,6,57,56,10],"tags":[],"class_list":["post-94854","post","type-post","status-publish","format-gallery","has-post-thumbnail","hentry","category-bahia","category-brasil","category-feira-de-santana","category-mundo","category-policia","category-politica","post_format-post-format-gallery"],"featured_image_urls":{"full":["https:\/\/noticiasbahia360.com.br\/wp-content\/uploads\/2025\/07\/carolos-bojo-tecnico-de-som-da-banda-de-netto-brito.jpg",1200,1016,false],"thumbnail":["https:\/\/noticiasbahia360.com.br\/wp-content\/uploads\/2025\/07\/carolos-bojo-tecnico-de-som-da-banda-de-netto-brito-150x150.jpg",150,150,true],"medium":["https:\/\/noticiasbahia360.com.br\/wp-content\/uploads\/2025\/07\/carolos-bojo-tecnico-de-som-da-banda-de-netto-brito-300x254.jpg",300,254,true],"medium_large":["https:\/\/noticiasbahia360.com.br\/wp-content\/uploads\/2025\/07\/carolos-bojo-tecnico-de-som-da-banda-de-netto-brito-768x650.jpg",640,542,true],"large":["https:\/\/noticiasbahia360.com.br\/wp-content\/uploads\/2025\/07\/carolos-bojo-tecnico-de-som-da-banda-de-netto-brito-1024x867.jpg",640,542,true],"1536x1536":["https:\/\/noticiasbahia360.com.br\/wp-content\/uploads\/2025\/07\/carolos-bojo-tecnico-de-som-da-banda-de-netto-brito.jpg",1200,1016,false],"2048x2048":["https:\/\/noticiasbahia360.com.br\/wp-content\/uploads\/2025\/07\/carolos-bojo-tecnico-de-som-da-banda-de-netto-brito.jpg",1200,1016,false],"chromenews-featured":["https:\/\/noticiasbahia360.com.br\/wp-content\/uploads\/2025\/07\/carolos-bojo-tecnico-de-som-da-banda-de-netto-brito-1024x867.jpg",1024,867,true],"chromenews-large":["https:\/\/noticiasbahia360.com.br\/wp-content\/uploads\/2025\/07\/carolos-bojo-tecnico-de-som-da-banda-de-netto-brito-825x575.jpg",825,575,true],"chromenews-medium":["https:\/\/noticiasbahia360.com.br\/wp-content\/uploads\/2025\/07\/carolos-bojo-tecnico-de-som-da-banda-de-netto-brito-590x410.jpg",590,410,true]},"author_info":{"display_name":"noticiasbahia360.com.br","author_link":"https:\/\/noticiasbahia360.com.br\/?author=1"},"category_info":"<a href=\"https:\/\/noticiasbahia360.com.br\/?cat=8\" rel=\"category\">Bahia<\/a> <a href=\"https:\/\/noticiasbahia360.com.br\/?cat=9\" rel=\"category\">Brasil<\/a> <a href=\"https:\/\/noticiasbahia360.com.br\/?cat=6\" rel=\"category\">Feira de Santana<\/a> <a href=\"https:\/\/noticiasbahia360.com.br\/?cat=57\" rel=\"category\">Mundo<\/a> <a href=\"https:\/\/noticiasbahia360.com.br\/?cat=56\" rel=\"category\">Pol\u00edcia<\/a> <a href=\"https:\/\/noticiasbahia360.com.br\/?cat=10\" rel=\"category\">Pol\u00edtica<\/a>","tag_info":"Pol\u00edtica","comment_count":"0","_links":{"self":[{"href":"https:\/\/noticiasbahia360.com.br\/index.php?rest_route=\/wp\/v2\/posts\/94854","targetHints":{"allow":["GET"]}}],"collection":[{"href":"https:\/\/noticiasbahia360.com.br\/index.php?rest_route=\/wp\/v2\/posts"}],"about":[{"href":"https:\/\/noticiasbahia360.com.br\/index.php?rest_route=\/wp\/v2\/types\/post"}],"author":[{"embeddable":true,"href":"https:\/\/noticiasbahia360.com.br\/index.php?rest_route=\/wp\/v2\/users\/1"}],"replies":[{"embeddable":true,"href":"https:\/\/noticiasbahia360.com.br\/index.php?rest_route=%2Fwp%2Fv2%2Fcomments&post=94854"}],"version-history":[{"count":0,"href":"https:\/\/noticiasbahia360.com.br\/index.php?rest_route=\/wp\/v2\/posts\/94854\/revisions"}],"wp:featuredmedia":[{"embeddable":true,"href":"https:\/\/noticiasbahia360.com.br\/index.php?rest_route=\/wp\/v2\/media\/94855"}],"wp:attachment":[{"href":"https:\/\/noticiasbahia360.com.br\/index.php?rest_route=%2Fwp%2Fv2%2Fmedia&parent=94854"}],"wp:term":[{"taxonomy":"category","embeddable":true,"href":"https:\/\/noticiasbahia360.com.br\/index.php?rest_route=%2Fwp%2Fv2%2Fcategories&post=94854"},{"taxonomy":"post_tag","embeddable":true,"href":"https:\/\/noticiasbahia360.com.br\/index.php?rest_route=%2Fwp%2Fv2%2Ftags&post=94854"}],"curies":[{"name":"wp","href":"https:\/\/api.w.org\/{rel}","templated":true}]}} 