{"id":94856,"date":"2025-07-28T08:52:35","date_gmt":"2025-07-28T11:52:35","guid":{"rendered":"https:\/\/noticiasbahia360.com.br\/?p=94856"},"modified":"2025-07-28T08:52:35","modified_gmt":"2025-07-28T11:52:35","slug":"corpo-de-bombeiros-combate-incendios-florestais-em-operacao-no-oeste-baiano","status":"publish","type":"post","link":"https:\/\/noticiasbahia360.com.br\/?p=94856","title":{"rendered":"Corpo de Bombeiros combate inc\u00eandios florestais em opera\u00e7\u00e3o no Oeste baiano"},"content":{"rendered":"<div>\n<div>\n<figure><img decoding=\"async\" src=\"http:\/\/noticiasbahia360.com.br\/wp-content\/uploads\/2025\/07\/operacao-florestal-oeste-cbm-1.jpg\" alt=\"Opera\u00e7\u00e3o Florestal 2025 CBMBA\"><figcaption>Foto: CBM-BA<\/figcaption><\/figure>\n<\/div>\n<p>Desde o dia 17 de julho, quando foi iniciada a Opera\u00e7\u00e3o Florestal, o Corpo de Bombeiros Militar da Bahia (CBMBA) mant\u00e9m bombeiros de prontid\u00e3o na Base Oeste. Neste domingo (27), os bombeiros atuaram no combate a um inc\u00eandio florestal \u00e0s margens do Rio Grande, em Angical. Durante a Opera\u00e7\u00e3o Florestal os militares tamb\u00e9m realizam orienta\u00e7\u00f5es preventivas junto aos moradores locais e o acompanhamento dos focos de calor em plataformas oficiais da regi\u00e3o, como a ferramenta \u201cPainel do Fogo\u201d.<\/p>\n<p>Na \u00faltima semana, os bombeiros realizaram o combate e o monitoramento de um inc\u00eandio florestal em S\u00e3o Desid\u00e9rio. N\u00e3o houve feridos. Uma frota de viaturas tipo caminhonete, com tra\u00e7\u00e3o nas quatro rodas, e equipamentos como sopradores, motosserras, ministrikers (bombas espec\u00edficas para lan\u00e7amento de \u00e1gua em a\u00e7\u00f5es de inc\u00eandios florestais), enxadas e fac\u00f5es tamb\u00e9m s\u00e3o disponibilizados. Todo o estado ser\u00e1 coberto pelas a\u00e7\u00f5es a partir das bases operacionais, para que as respostas sejam mais r\u00e1pidas.<\/p>\n<figure class=\"wp-block-image size-large\"><img fetchpriority=\"high\" fetchpriority=\"high\" decoding=\"async\" width=\"1024\" height=\"768\" src=\"http:\/\/noticiasbahia360.com.br\/wp-content\/uploads\/2025\/07\/operacao-florestal-oeste-cbm-1024x768-1.jpg\" alt=\"Opera\u00e7\u00e3o Florestal 2025 CBMBA\" class=\"wp-image-577487\" srcset=\"https:\/\/uploads.acordacidade.com.br\/2025\/07\/operacao-florestal-oeste-cbm-487x365.jpg 487w, http:\/\/noticiasbahia360.com.br\/wp-content\/uploads\/2025\/07\/operacao-florestal-oeste-cbm-1024x768-1.jpg 1024w, https:\/\/uploads.acordacidade.com.br\/2025\/07\/operacao-florestal-oeste-cbm-737x553.jpg 737w, https:\/\/uploads.acordacidade.com.br\/2025\/07\/operacao-florestal-oeste-cbm-150x113.jpg 150w, https:\/\/uploads.acordacidade.com.br\/2025\/07\/operacao-florestal-oeste-cbm.jpg 1200w\" sizes=\"(max-width: 1024px) 100vw, 1024px\"><figcaption class=\"wp-element-caption\">Foto: CBM-BA<\/figcaption><\/figure>\n<p>O CBMBA orienta as pessoas que, caso percebam algum princ\u00edpio de inc\u00eandio florestal, devem entrar em contato com o CBMBA por meio do n\u00famero 193, ou com o Inema, atrav\u00e9s dos contatos (71) 3510-0607 e 0800 071 1400. Podem ainda informar \u00e0s secretarias de meio ambiente de seus munic\u00edpios, para que estas possam acionar o CBMBA. O importante \u00e9 reportar a ocorr\u00eancia dos inc\u00eandios, para que as a\u00e7\u00f5es minimizem os impactos causados por esse desastre.<\/p>\n<p><em>Siga o Acorda Cidade no<\/em><a href=\"https:\/\/news.google.com\/search?q=acorda%20cidade&amp;hl=pt-BR&amp;gl=BR&amp;ceid=BR%3Apt-419\"><strong><em> Google Not\u00edcias<\/em><\/strong><\/a><em> e receba os principais destaques do dia. Participe tamb\u00e9m dos nossos canais no <\/em><a href=\"https:\/\/whatsapp.com\/channel\/0029Va6Rb4v3WHTNnsh8WI3N\"><strong><em>WhatsApp<\/em><\/strong><\/a><em> e <\/em><a href=\"https:\/\/www.youtube.com\/@acordacidadenoticias\/videos\"><strong>Youtube<\/strong><\/a><em> e grupo de <\/em><a href=\"https:\/\/t.me\/+sSz0khrgARA0ZmRh\"><strong><em>Telegram<\/em><\/strong><\/a><em>.<\/em><\/p>\n<\/div>\n","protected":false},"excerpt":{"rendered":"<div>\n<div>\n<figure><img decoding=\"async\" src=\"https:\/\/uploads.acordacidade.com.br\/2025\/07\/operacao-florestal-oeste-cbm-1.jpg\" alt=\"Opera\u00e7\u00e3o Florestal 2025 CBMBA\"><figcaption>Foto: CBM-BA<\/figcaption><\/figure>\n<\/div>\n<p>Inc\u00eandios foram registrados em S\u00e3o Desid\u00e9rio e \u00e0s margens do Rio Grande nos \u00faltimos dias.<\/p><\/div>\n","protected":false},"author":1,"featured_media":94857,"comment_status":"closed","ping_status":"closed","sticky":false,"template":"","format":"gallery","meta":{"footnotes":""},"categories":[8,9,6,57,56,10],"tags":[],"class_list":["post-94856","post","type-post","status-publish","format-gallery","has-post-thumbnail","hentry","category-bahia","category-brasil","category-feira-de-santana","category-mundo","category-policia","category-politica","post_format-post-format-gallery"],"featured_image_urls":{"full":["https:\/\/noticiasbahia360.com.br\/wp-content\/uploads\/2025\/07\/operacao-florestal-oeste-cbm-1.jpg",1200,900,false],"thumbnail":["https:\/\/noticiasbahia360.com.br\/wp-content\/uploads\/2025\/07\/operacao-florestal-oeste-cbm-1-150x150.jpg",150,150,true],"medium":["https:\/\/noticiasbahia360.com.br\/wp-content\/uploads\/2025\/07\/operacao-florestal-oeste-cbm-1-300x225.jpg",300,225,true],"medium_large":["https:\/\/noticiasbahia360.com.br\/wp-content\/uploads\/2025\/07\/operacao-florestal-oeste-cbm-1-768x576.jpg",640,480,true],"large":["https:\/\/noticiasbahia360.com.br\/wp-content\/uploads\/2025\/07\/operacao-florestal-oeste-cbm-1-1024x768.jpg",640,480,true],"1536x1536":["https:\/\/noticiasbahia360.com.br\/wp-content\/uploads\/2025\/07\/operacao-florestal-oeste-cbm-1.jpg",1200,900,false],"2048x2048":["https:\/\/noticiasbahia360.com.br\/wp-content\/uploads\/2025\/07\/operacao-florestal-oeste-cbm-1.jpg",1200,900,false],"chromenews-featured":["https:\/\/noticiasbahia360.com.br\/wp-content\/uploads\/2025\/07\/operacao-florestal-oeste-cbm-1-1024x768.jpg",1024,768,true],"chromenews-large":["https:\/\/noticiasbahia360.com.br\/wp-content\/uploads\/2025\/07\/operacao-florestal-oeste-cbm-1-825x575.jpg",825,575,true],"chromenews-medium":["https:\/\/noticiasbahia360.com.br\/wp-content\/uploads\/2025\/07\/operacao-florestal-oeste-cbm-1-590x410.jpg",590,410,true]},"author_info":{"display_name":"noticiasbahia360.com.br","author_link":"https:\/\/noticiasbahia360.com.br\/?author=1"},"category_info":"<a href=\"https:\/\/noticiasbahia360.com.br\/?cat=8\" rel=\"category\">Bahia<\/a> <a href=\"https:\/\/noticiasbahia360.com.br\/?cat=9\" rel=\"category\">Brasil<\/a> <a href=\"https:\/\/noticiasbahia360.com.br\/?cat=6\" rel=\"category\">Feira de Santana<\/a> <a href=\"https:\/\/noticiasbahia360.com.br\/?cat=57\" rel=\"category\">Mundo<\/a> <a href=\"https:\/\/noticiasbahia360.com.br\/?cat=56\" rel=\"category\">Pol\u00edcia<\/a> <a href=\"https:\/\/noticiasbahia360.com.br\/?cat=10\" rel=\"category\">Pol\u00edtica<\/a>","tag_info":"Pol\u00edtica","comment_count":"0","_links":{"self":[{"href":"https:\/\/noticiasbahia360.com.br\/index.php?rest_route=\/wp\/v2\/posts\/94856","targetHints":{"allow":["GET"]}}],"collection":[{"href":"https:\/\/noticiasbahia360.com.br\/index.php?rest_route=\/wp\/v2\/posts"}],"about":[{"href":"https:\/\/noticiasbahia360.com.br\/index.php?rest_route=\/wp\/v2\/types\/post"}],"author":[{"embeddable":true,"href":"https:\/\/noticiasbahia360.com.br\/index.php?rest_route=\/wp\/v2\/users\/1"}],"replies":[{"embeddable":true,"href":"https:\/\/noticiasbahia360.com.br\/index.php?rest_route=%2Fwp%2Fv2%2Fcomments&post=94856"}],"version-history":[{"count":0,"href":"https:\/\/noticiasbahia360.com.br\/index.php?rest_route=\/wp\/v2\/posts\/94856\/revisions"}],"wp:featuredmedia":[{"embeddable":true,"href":"https:\/\/noticiasbahia360.com.br\/index.php?rest_route=\/wp\/v2\/media\/94857"}],"wp:attachment":[{"href":"https:\/\/noticiasbahia360.com.br\/index.php?rest_route=%2Fwp%2Fv2%2Fmedia&parent=94856"}],"wp:term":[{"taxonomy":"category","embeddable":true,"href":"https:\/\/noticiasbahia360.com.br\/index.php?rest_route=%2Fwp%2Fv2%2Fcategories&post=94856"},{"taxonomy":"post_tag","embeddable":true,"href":"https:\/\/noticiasbahia360.com.br\/index.php?rest_route=%2Fwp%2Fv2%2Ftags&post=94856"}],"curies":[{"name":"wp","href":"https:\/\/api.w.org\/{rel}","templated":true}]}}