{"id":94859,"date":"2025-07-28T09:13:34","date_gmt":"2025-07-28T12:13:34","guid":{"rendered":"https:\/\/noticiasbahia360.com.br\/?p=94859"},"modified":"2025-07-28T09:13:34","modified_gmt":"2025-07-28T12:13:34","slug":"cuca-uefs-publica-edital-2026-para-exposicoes-na-galeria-de-arte-carlo-barbosa","status":"publish","type":"post","link":"https:\/\/noticiasbahia360.com.br\/?p=94859","title":{"rendered":"Cuca\/Uefs publica edital 2026 para exposi\u00e7\u00f5es na Galeria de Arte Carlo Barbosa"},"content":{"rendered":"<div>\n<div>\n<figure><img decoding=\"async\" src=\"http:\/\/noticiasbahia360.com.br\/wp-content\/uploads\/2025\/07\/CUCA-080725.jpg\" alt=\"Ilustrar mat\u00e9ria usti\u00e7a determina que Uefs adote medidas contra ass\u00e9dio moral ap\u00f3s a\u00e7\u00e3o do MPT\"><figcaption>Foto: Divulga\u00e7\u00e3o\/Cuca-Uefs<\/figcaption><\/figure>\n<\/div>\n<p>A Universidade Estadual de Feira de Santana (Uefs), atrav\u00e9s do <a href=\"https:\/\/www.acordacidade.com.br\/tag\/cuca\/\">Centro Universit\u00e1rio de Cultura e Arte (Cuca)<\/a>, publica edital de inscri\u00e7\u00f5es de projetos de exposi\u00e7\u00e3o para a pauta 2026 da Galeria de Arte Carlo Barbosa (GACB). As inscri\u00e7\u00f5es podem ser realizadas entre os dias 1 de setembro de 2025 e 24 de outubro de 2025 atrav\u00e9s de formul\u00e1rio eletr\u00f4nico no site do cuca.uefs.br\/.<\/p>\n<p>Criada em 1998, a Galeria de Arte Carlo Barbosa \u00e9 um equipamento cultural integrante do Cuca, que atua na pol\u00edtica cultural da Uefs, e \u00e9 destinada tanto para artistas consagrados quanto para revela\u00e7\u00f5es do cen\u00e1rio art\u00edstico. Al\u00e9m de promover exposi\u00e7\u00f5es, o espa\u00e7o disponibiliza as obras para aquisi\u00e7\u00e3o do p\u00fablico e desenvolve um trabalho educativo junto aos visitantes.<\/p>\n<p>O Edital 01\/2025 abre inscri\u00e7\u00f5es gratuitas para artistas exporem durante o ano de 2026 na Galeria. A inscri\u00e7\u00e3o \u00e9 direcionada tanto para propostas individuais quanto para exposi\u00e7\u00f5es coletivas, de artistas nacionais ou estrangeiros de qualquer idade.<\/p>\n<p>Confira o cronograma dos processos de inscri\u00e7\u00e3o e sele\u00e7\u00e3o de propostas para ocupa\u00e7\u00e3o de pauta da GACB:<\/p>\n<p>a) Per\u00edodo de recebimento das inscri\u00e7\u00f5es de 01\/09\/2025 \u00e0 24\/10\/2025<br \/>b) Data de divulga\u00e7\u00e3o da rela\u00e7\u00e3o provis\u00f3ria das inscri\u00e7\u00f5es homologadas: 31\/10\/2025<br \/>c) Per\u00edodo de interposi\u00e7\u00e3o de recursos contra o indeferimento de inscri\u00e7\u00e3o: 04\/11\/2025<br \/>d) Data de divulga\u00e7\u00e3o da rela\u00e7\u00e3o definitiva das inscri\u00e7\u00f5es homologadas: 11\/11\/2025<br \/>e) Sele\u00e7\u00e3o das propostas pela Comiss\u00e3o de Sele\u00e7\u00e3o: 24 \u00e0 28\/11\/2025<br \/>f) Resultados do processo pela Comiss\u00e3o de Sele\u00e7\u00e3o: at\u00e9 08\/12\/2025<\/p>\n<p>Para mais informa\u00e7\u00f5es, acesse https:\/\/cuca.uefs.br\/editais\/ ou entre em contato com a Galeria de Arte Carlo Barbosa atrav\u00e9s do endere\u00e7o de e-mail cgb@uefs.br.<\/p>\n<p>Fotos de exposi\u00e7\u00f5es em 2025: <a href=\"https:\/\/drive.google.com\/drive\/folders\/1NyiSIJtjRgMZOG9gEsPhR6KpQAyKNao3?usp=sharing\" target=\"_blank\" rel=\"noreferrer noopener\">https:\/\/drive.google.com\/drive\/folders\/1NyiSIJtjRgMZOG9gEsPhR6KpQAyKNao3?usp=sharing<\/a><\/p>\n<p><em>Siga o Acorda Cidade no<\/em><a href=\"https:\/\/news.google.com\/search?q=acorda%20cidade&amp;hl=pt-BR&amp;gl=BR&amp;ceid=BR%3Apt-419\"><strong><em>\u00a0Google Not\u00edcias<\/em><\/strong><\/a><em>\u00a0e receba os principais destaques do dia. Participe tamb\u00e9m dos nossos canais no\u00a0<\/em><a href=\"https:\/\/www.whatsapp.com\/channel\/0029Va6Rb4v3WHTNnsh8WI3N\"><strong><em>WhatsApp<\/em><\/strong><\/a><em>\u00a0e\u00a0<\/em><a href=\"https:\/\/www.youtube.com\/@acordacidadenoticias\/videos\"><strong>YouTube<\/strong><\/a><em>\u00a0e grupo de\u00a0<\/em><a href=\"https:\/\/t.me\/+sSz0khrgARA0ZmRh\"><strong><em>Telegram<\/em><\/strong><\/a><em>.<\/em><\/p>\n<\/div>\n","protected":false},"excerpt":{"rendered":"<div>\n<div>\n<figure><img decoding=\"async\" src=\"https:\/\/uploads.acordacidade.com.br\/2025\/07\/CUCA-080725.jpg\" alt=\"Ilustrar mat\u00e9ria usti\u00e7a determina que Uefs adote medidas contra ass\u00e9dio moral ap\u00f3s a\u00e7\u00e3o do MPT\"><figcaption>Foto: Divulga\u00e7\u00e3o\/Cuca-Uefs<\/figcaption><\/figure>\n<\/div>\n<p>As inscri\u00e7\u00f5es podem ser realizadas entre os dias 1 de setembro e 24 de outubro de 2025 atrav\u00e9s de formul\u00e1rio no site do cuca.uefs.br\/<\/p><\/div>\n","protected":false},"author":1,"featured_media":94860,"comment_status":"closed","ping_status":"closed","sticky":false,"template":"","format":"gallery","meta":{"footnotes":""},"categories":[8,9,6,57,56,10],"tags":[],"class_list":["post-94859","post","type-post","status-publish","format-gallery","has-post-thumbnail","hentry","category-bahia","category-brasil","category-feira-de-santana","category-mundo","category-policia","category-politica","post_format-post-format-gallery"],"featured_image_urls":{"full":["https:\/\/noticiasbahia360.com.br\/wp-content\/uploads\/2025\/07\/CUCA-080725.jpg",1200,675,false],"thumbnail":["https:\/\/noticiasbahia360.com.br\/wp-content\/uploads\/2025\/07\/CUCA-080725-150x150.jpg",150,150,true],"medium":["https:\/\/noticiasbahia360.com.br\/wp-content\/uploads\/2025\/07\/CUCA-080725-300x169.jpg",300,169,true],"medium_large":["https:\/\/noticiasbahia360.com.br\/wp-content\/uploads\/2025\/07\/CUCA-080725-768x432.jpg",640,360,true],"large":["https:\/\/noticiasbahia360.com.br\/wp-content\/uploads\/2025\/07\/CUCA-080725-1024x576.jpg",640,360,true],"1536x1536":["https:\/\/noticiasbahia360.com.br\/wp-content\/uploads\/2025\/07\/CUCA-080725.jpg",1200,675,false],"2048x2048":["https:\/\/noticiasbahia360.com.br\/wp-content\/uploads\/2025\/07\/CUCA-080725.jpg",1200,675,false],"chromenews-featured":["https:\/\/noticiasbahia360.com.br\/wp-content\/uploads\/2025\/07\/CUCA-080725-1024x576.jpg",1024,576,true],"chromenews-large":["https:\/\/noticiasbahia360.com.br\/wp-content\/uploads\/2025\/07\/CUCA-080725-825x575.jpg",825,575,true],"chromenews-medium":["https:\/\/noticiasbahia360.com.br\/wp-content\/uploads\/2025\/07\/CUCA-080725-590x410.jpg",590,410,true]},"author_info":{"display_name":"noticiasbahia360.com.br","author_link":"https:\/\/noticiasbahia360.com.br\/?author=1"},"category_info":"<a href=\"https:\/\/noticiasbahia360.com.br\/?cat=8\" rel=\"category\">Bahia<\/a> <a href=\"https:\/\/noticiasbahia360.com.br\/?cat=9\" rel=\"category\">Brasil<\/a> <a href=\"https:\/\/noticiasbahia360.com.br\/?cat=6\" rel=\"category\">Feira de Santana<\/a> <a href=\"https:\/\/noticiasbahia360.com.br\/?cat=57\" rel=\"category\">Mundo<\/a> <a href=\"https:\/\/noticiasbahia360.com.br\/?cat=56\" rel=\"category\">Pol\u00edcia<\/a> <a href=\"https:\/\/noticiasbahia360.com.br\/?cat=10\" rel=\"category\">Pol\u00edtica<\/a>","tag_info":"Pol\u00edtica","comment_count":"0","_links":{"self":[{"href":"https:\/\/noticiasbahia360.com.br\/index.php?rest_route=\/wp\/v2\/posts\/94859","targetHints":{"allow":["GET"]}}],"collection":[{"href":"https:\/\/noticiasbahia360.com.br\/index.php?rest_route=\/wp\/v2\/posts"}],"about":[{"href":"https:\/\/noticiasbahia360.com.br\/index.php?rest_route=\/wp\/v2\/types\/post"}],"author":[{"embeddable":true,"href":"https:\/\/noticiasbahia360.com.br\/index.php?rest_route=\/wp\/v2\/users\/1"}],"replies":[{"embeddable":true,"href":"https:\/\/noticiasbahia360.com.br\/index.php?rest_route=%2Fwp%2Fv2%2Fcomments&post=94859"}],"version-history":[{"count":0,"href":"https:\/\/noticiasbahia360.com.br\/index.php?rest_route=\/wp\/v2\/posts\/94859\/revisions"}],"wp:featuredmedia":[{"embeddable":true,"href":"https:\/\/noticiasbahia360.com.br\/index.php?rest_route=\/wp\/v2\/media\/94860"}],"wp:attachment":[{"href":"https:\/\/noticiasbahia360.com.br\/index.php?rest_route=%2Fwp%2Fv2%2Fmedia&parent=94859"}],"wp:term":[{"taxonomy":"category","embeddable":true,"href":"https:\/\/noticiasbahia360.com.br\/index.php?rest_route=%2Fwp%2Fv2%2Fcategories&post=94859"},{"taxonomy":"post_tag","embeddable":true,"href":"https:\/\/noticiasbahia360.com.br\/index.php?rest_route=%2Fwp%2Fv2%2Ftags&post=94859"}],"curies":[{"name":"wp","href":"https:\/\/api.w.org\/{rel}","templated":true}]}}