{"id":94861,"date":"2025-07-28T09:23:50","date_gmt":"2025-07-28T12:23:50","guid":{"rendered":"https:\/\/noticiasbahia360.com.br\/?p=94861"},"modified":"2025-07-28T09:23:50","modified_gmt":"2025-07-28T12:23:50","slug":"lancamento-da-antologia-mulheres-negras-vozes-olhares-e-maos-em-feira-de-santana","status":"publish","type":"post","link":"https:\/\/noticiasbahia360.com.br\/?p=94861","title":{"rendered":"Lan\u00e7amento da Antologia: \u201cMulheres Negras: Vozes, Olhares E M\u00e3os\u201d em Feira de Santana.\u00a0\u00a0\u00a0"},"content":{"rendered":"<div>\n<div>\n<figure><img decoding=\"async\" src=\"http:\/\/noticiasbahia360.com.br\/wp-content\/uploads\/2025\/07\/Antologia-Mulheres-Negras-Legenda_-Escrevivencias-e-o-ato-de-escrever-a-partir-das-experiencias-de-vida-com-um-olhar-critico-e-transformador-Conceicao-Evaristo.webp\" alt=\"Antologia Mulheres Negras - Legenda_ \u201cEscreviv\u00eancias \u00e9 o ato de escrever a partir das experi\u00eancias de vida, com um olhar cr\u00edtico e transformador\u201d. - Concei\u00e7\u00e3o Evaristo.\"><figcaption>Foto: Divulgado <\/figcaption><\/figure>\n<\/div>\n<p>Acontece lan\u00e7amento da Antologia Mulheres Negras: Vozes, Olhares e M\u00e3os, dia 3 de agosto de 2025 (domingo), a partir das 9h, no Centro Integrado de Educa\u00e7\u00e3o Municipal Professor Joselito Falc\u00e3o de Amorim, em Feira de Santana, (ao lado do F\u00f3rum Filinto Bastos), com entrada gratuita aberta ao p\u00fablico.<\/p>\n<p>De acordo com a idealizadora da obra, a professora Delma Pereira, a escrita de mulheres negras resistem, reexistem \u00e0s diversas tentativas de apagamentos \u00e9tnicos, est\u00e9ticos, culturais e epist\u00eamicos frente \u00e0s representa\u00e7\u00f5es legitimadas, ecoando nas suas narrativas, experi\u00eancias e perspectivas de proporcionar visibilidade, empoderamento no desafio de desmistificar estere\u00f3tipos e preconceitos. Essa escrita traduz o atravessamento entre ra\u00e7a, g\u00eanero e desigualdades sociais, mulheres negras da classe trabalhadora, no enfrentamento \u00e0s opress\u00f5es vividas diariamente, inclusive na produ\u00e7\u00e3o liter\u00e1ria.\u00a0<\/p>\n<p>Organizada pela escritora Delma Pereira, professora da rede municipal de ensino de Feira de Santana, Mestra em Educa\u00e7\u00e3o Cient\u00edfica Inclus\u00e3o e Diversidade pela UFRB, al\u00e9m de militante negra e das pessoas com defici\u00eancia, palestrante e coautora de outras antologias, \u00e9 idealizadora desse sonho que se materializa nesse tempo.\u00a0<\/p>\n<p>A obra \u00e9 prefaciada pela professora Maria Cristina de Jesus Sampaio, escritora, pesquisadora, doutoranda em Educa\u00e7\u00e3o pela Universidade Federal de Sergipe e ativista antirracista quilombista. A antologia \u201cMulheres negras: vozes, olhares e m\u00e3os\u201d traz a potencialidade de sessenta e quatro (64) autoras negras, de diferentes lugares, religi\u00f5es, faixa et\u00e1ria, profiss\u00f5es, uma variedade de narrativas que compartilham com os leitores suas experi\u00eancias em produ\u00e7\u00f5es liter\u00e1rias. A partir dessa perspectiva, essa Antologia, traz um coletivo de poemas, prosas po\u00e9ticas, contos, ensaios, cr\u00f4nicas, al\u00e9m das biografias de todas as coautoras desse primoroso trabalho, que amplia, oferece outros modos de ver e de representar o mundo, atrav\u00e9s de escritas de mulheres negras intelectuais.<\/p>\n<p>A publica\u00e7\u00e3o ficou a cargo da Rubi Editora, institui\u00e7\u00e3o que al\u00e9m de possibilitar a materializa\u00e7\u00e3o desse projeto grandioso, validou todo o processo sonhado a exemplo da capa que de forma equ\u00e2nime contempla todas as escritoras a partir de uma est\u00e9tica afro-referenciada e afetiva.\u00a0<\/p>\n<p>Por fim a integrante da comiss\u00e3o de divulga\u00e7\u00e3o, a professora Hely Pedreira, deixa uma mensagem em convite geral para o lan\u00e7amento:\u00a0<em>\u201cSendo assim nesse sentimento de UBUNTU, \u201cSou por que n\u00f3s somos\u201d e que cada vez mais precisamos nos aquilombar \u00e9 que temos a honra de convidar toda a sociedade para esse memor\u00e1vel momento que contar\u00e1 al\u00e9m das narrativas da escritoras, evidenciando seus momentos de constru\u00e7\u00e3o para essa antologia, momento cultural com m\u00fasicas em vozes femininas, exposi\u00e7\u00f5es, performance degusta\u00e7\u00e3o entre outros.\u201d<\/em><\/p>\n<p>E completa informando que vale salientar que al\u00e9m dos exemplares que estar\u00e3o dispon\u00edveis no lan\u00e7amento, ter\u00e3o orienta\u00e7\u00f5es de como adquirir exemplares posteriormente.\u00a0<em>\u201cPortanto aguardamos voc\u00ea para celebrar essa grande conquista e se inspirar a trilhar a caminho da escrita de si a partir de n\u00f3s!,\u201d<\/em>\u00a0enfatiza Hely.\u00a0<\/p>\n<h2 class=\"wp-block-heading\" id=\"h-servico\">Servi\u00e7o:<\/h2>\n<p><strong>O que:\u00a0<\/strong>Lan\u00e7amento da Antologia Mulheres Negras: Vozes, Olhares e M\u00e3os.<\/p>\n<p><strong>Quando:\u00a0<\/strong>03 de agosto de 2025, Domingo, a partir das 9 horas<\/p>\n<p><strong>Quem:<\/strong>\u00a0 Delma Pereira (Idealizadora e organizadora da Antologia)<\/p>\n<p><strong>Onde:<\/strong>\u00a0Centro Integrado de Educa\u00e7\u00e3o Municipal Professor Joselito Falc\u00e3o de Amorim<\/p>\n<p><strong>Endere\u00e7o:<\/strong>\u00a0Rua Coronel \u00c1lvaro Sim\u00f5es, 101, Centro- Feira de Santana-BA (Ao lado do F\u00f3rum Desembargador Filinto Bastos)\u00a0<\/p>\n<p><strong>Quanto:<\/strong>\u00a0Gratuito \u2013 Aberto ao p\u00fablico<\/p>\n<p><em>Siga o Acorda Cidade no<\/em><a href=\"https:\/\/news.google.com\/search?q=acorda%20cidade&amp;hl=pt-BR&amp;gl=BR&amp;ceid=BR%3Apt-419\"><strong><em>\u00a0Google Not\u00edcias<\/em><\/strong><\/a><em>\u00a0e receba os principais destaques do dia. Participe tamb\u00e9m dos nossos canais no\u00a0<\/em><a href=\"https:\/\/www.whatsapp.com\/channel\/0029Va6Rb4v3WHTNnsh8WI3N\"><strong><em>WhatsApp<\/em><\/strong><\/a><em>\u00a0e\u00a0<\/em><a href=\"https:\/\/www.youtube.com\/@acordacidadenoticias\/videos\"><strong>YouTube<\/strong><\/a><em>\u00a0e grupo de\u00a0<\/em><a href=\"https:\/\/t.me\/+sSz0khrgARA0ZmRh\"><strong><em>Telegram<\/em><\/strong><\/a><em>.<\/em><\/p>\n<\/div>\n","protected":false},"excerpt":{"rendered":"<div>\n<div>\n<figure><img decoding=\"async\" src=\"https:\/\/uploads.acordacidade.com.br\/2025\/07\/Antologia-Mulheres-Negras-Legenda_-Escrevivencias-e-o-ato-de-escrever-a-partir-das-experiencias-de-vida-com-um-olhar-critico-e-transformador.-Conceicao-Evaristo.webp\" alt=\"Antologia Mulheres Negras - Legenda_ \u201cEscreviv\u00eancias \u00e9 o ato de escrever a partir das experi\u00eancias de vida, com um olhar cr\u00edtico e transformador\u201d. - Concei\u00e7\u00e3o Evaristo.\"><figcaption>Foto: Divulgado <\/figcaption><\/figure>\n<\/div>\n<p>A obra \u00e9 prefaciada pela professora Maria Cristina de Jesus Sampaio, escritora, pesquisadora, doutoranda em Educa\u00e7\u00e3o.<\/p><\/div>\n","protected":false},"author":1,"featured_media":94862,"comment_status":"closed","ping_status":"closed","sticky":false,"template":"","format":"gallery","meta":{"footnotes":""},"categories":[8,9,6,57,56,10],"tags":[],"class_list":["post-94861","post","type-post","status-publish","format-gallery","has-post-thumbnail","hentry","category-bahia","category-brasil","category-feira-de-santana","category-mundo","category-policia","category-politica","post_format-post-format-gallery"],"featured_image_urls":{"full":["https:\/\/noticiasbahia360.com.br\/wp-content\/uploads\/2025\/07\/Antologia-Mulheres-Negras-Legenda_-Escrevivencias-e-o-ato-de-escrever-a-partir-das-experiencias-de-vida-com-um-olhar-critico-e-transformador-Conceicao-Evaristo.webp",1200,865,false],"thumbnail":["https:\/\/noticiasbahia360.com.br\/wp-content\/uploads\/2025\/07\/Antologia-Mulheres-Negras-Legenda_-Escrevivencias-e-o-ato-de-escrever-a-partir-das-experiencias-de-vida-com-um-olhar-critico-e-transformador-Conceicao-Evaristo-150x150.webp",150,150,true],"medium":["https:\/\/noticiasbahia360.com.br\/wp-content\/uploads\/2025\/07\/Antologia-Mulheres-Negras-Legenda_-Escrevivencias-e-o-ato-de-escrever-a-partir-das-experiencias-de-vida-com-um-olhar-critico-e-transformador-Conceicao-Evaristo-300x216.webp",300,216,true],"medium_large":["https:\/\/noticiasbahia360.com.br\/wp-content\/uploads\/2025\/07\/Antologia-Mulheres-Negras-Legenda_-Escrevivencias-e-o-ato-de-escrever-a-partir-das-experiencias-de-vida-com-um-olhar-critico-e-transformador-Conceicao-Evaristo-768x554.webp",640,462,true],"large":["https:\/\/noticiasbahia360.com.br\/wp-content\/uploads\/2025\/07\/Antologia-Mulheres-Negras-Legenda_-Escrevivencias-e-o-ato-de-escrever-a-partir-das-experiencias-de-vida-com-um-olhar-critico-e-transformador-Conceicao-Evaristo-1024x738.webp",640,461,true],"1536x1536":["https:\/\/noticiasbahia360.com.br\/wp-content\/uploads\/2025\/07\/Antologia-Mulheres-Negras-Legenda_-Escrevivencias-e-o-ato-de-escrever-a-partir-das-experiencias-de-vida-com-um-olhar-critico-e-transformador-Conceicao-Evaristo.webp",1200,865,false],"2048x2048":["https:\/\/noticiasbahia360.com.br\/wp-content\/uploads\/2025\/07\/Antologia-Mulheres-Negras-Legenda_-Escrevivencias-e-o-ato-de-escrever-a-partir-das-experiencias-de-vida-com-um-olhar-critico-e-transformador-Conceicao-Evaristo.webp",1200,865,false],"chromenews-featured":["https:\/\/noticiasbahia360.com.br\/wp-content\/uploads\/2025\/07\/Antologia-Mulheres-Negras-Legenda_-Escrevivencias-e-o-ato-de-escrever-a-partir-das-experiencias-de-vida-com-um-olhar-critico-e-transformador-Conceicao-Evaristo-1024x738.webp",1024,738,true],"chromenews-large":["https:\/\/noticiasbahia360.com.br\/wp-content\/uploads\/2025\/07\/Antologia-Mulheres-Negras-Legenda_-Escrevivencias-e-o-ato-de-escrever-a-partir-das-experiencias-de-vida-com-um-olhar-critico-e-transformador-Conceicao-Evaristo-825x575.webp",825,575,true],"chromenews-medium":["https:\/\/noticiasbahia360.com.br\/wp-content\/uploads\/2025\/07\/Antologia-Mulheres-Negras-Legenda_-Escrevivencias-e-o-ato-de-escrever-a-partir-das-experiencias-de-vida-com-um-olhar-critico-e-transformador-Conceicao-Evaristo-590x410.webp",590,410,true]},"author_info":{"display_name":"noticiasbahia360.com.br","author_link":"https:\/\/noticiasbahia360.com.br\/?author=1"},"category_info":"<a href=\"https:\/\/noticiasbahia360.com.br\/?cat=8\" rel=\"category\">Bahia<\/a> <a href=\"https:\/\/noticiasbahia360.com.br\/?cat=9\" rel=\"category\">Brasil<\/a> <a href=\"https:\/\/noticiasbahia360.com.br\/?cat=6\" rel=\"category\">Feira de Santana<\/a> <a href=\"https:\/\/noticiasbahia360.com.br\/?cat=57\" rel=\"category\">Mundo<\/a> <a href=\"https:\/\/noticiasbahia360.com.br\/?cat=56\" rel=\"category\">Pol\u00edcia<\/a> <a href=\"https:\/\/noticiasbahia360.com.br\/?cat=10\" rel=\"category\">Pol\u00edtica<\/a>","tag_info":"Pol\u00edtica","comment_count":"0","_links":{"self":[{"href":"https:\/\/noticiasbahia360.com.br\/index.php?rest_route=\/wp\/v2\/posts\/94861","targetHints":{"allow":["GET"]}}],"collection":[{"href":"https:\/\/noticiasbahia360.com.br\/index.php?rest_route=\/wp\/v2\/posts"}],"about":[{"href":"https:\/\/noticiasbahia360.com.br\/index.php?rest_route=\/wp\/v2\/types\/post"}],"author":[{"embeddable":true,"href":"https:\/\/noticiasbahia360.com.br\/index.php?rest_route=\/wp\/v2\/users\/1"}],"replies":[{"embeddable":true,"href":"https:\/\/noticiasbahia360.com.br\/index.php?rest_route=%2Fwp%2Fv2%2Fcomments&post=94861"}],"version-history":[{"count":0,"href":"https:\/\/noticiasbahia360.com.br\/index.php?rest_route=\/wp\/v2\/posts\/94861\/revisions"}],"wp:featuredmedia":[{"embeddable":true,"href":"https:\/\/noticiasbahia360.com.br\/index.php?rest_route=\/wp\/v2\/media\/94862"}],"wp:attachment":[{"href":"https:\/\/noticiasbahia360.com.br\/index.php?rest_route=%2Fwp%2Fv2%2Fmedia&parent=94861"}],"wp:term":[{"taxonomy":"category","embeddable":true,"href":"https:\/\/noticiasbahia360.com.br\/index.php?rest_route=%2Fwp%2Fv2%2Fcategories&post=94861"},{"taxonomy":"post_tag","embeddable":true,"href":"https:\/\/noticiasbahia360.com.br\/index.php?rest_route=%2Fwp%2Fv2%2Ftags&post=94861"}],"curies":[{"name":"wp","href":"https:\/\/api.w.org\/{rel}","templated":true}]}}