{"id":94866,"date":"2025-07-28T09:24:03","date_gmt":"2025-07-28T12:24:03","guid":{"rendered":"https:\/\/noticiasbahia360.com.br\/?p=94866"},"modified":"2025-07-28T09:24:03","modified_gmt":"2025-07-28T12:24:03","slug":"filmes-para-melhorar-seu-repertorio-para-o-enem","status":"publish","type":"post","link":"https:\/\/noticiasbahia360.com.br\/?p=94866","title":{"rendered":"Filmes para melhorar seu repert\u00f3rio para o Enem"},"content":{"rendered":"<div>\n<div>\n<figure><img decoding=\"async\" src=\"http:\/\/noticiasbahia360.com.br\/wp-content\/uploads\/2025\/07\/Estudante-250725.jpg\" alt=\"Estudante\"><figcaption>Imagem: Freepik<\/figcaption><\/figure>\n<\/div>\n<p>Aulas, simulados e apostilas s\u00e3o necess\u00e1rios para fazer o Enem (Exame Nacional do Ensino M\u00e9dio), principal via de acesso ao ensino superior no Brasil. No entanto, n\u00e3o significa que a prepara\u00e7\u00e3o para a prova n\u00e3o possa ser leve. O cinema tamb\u00e9m pode ajudar, isso porque obras audiovisuais refletem momentos hist\u00f3ricos do <a href=\"https:\/\/www.acordacidade.com.br\/brasil\/\">Brasil<\/a> e do mundo, al\u00e9m de contar sobre a vida de personagens que fizeram a diferen\u00e7a em sua \u00e9poca.<\/p>\n<p>Na corre\u00e7\u00e3o de uma reda\u00e7\u00e3o, a compet\u00eancia 2 avalia a capacidade do candidato em compreender a proposta do tema, relacionando-a com diferentes \u00e1reas do conhecimento e desenvolvendo dentro do formato dissertativo-argumentativo. Por isso, os filmes podem servir como repert\u00f3rio sociocultural na hora de escrever o texto, quando bem constru\u00eddos e articulados ao tema.<\/p>\n<p>O Acorda Cidade reuniu 10 filmes de diferentes g\u00eaneros e contextos para fortalecer o repert\u00f3rio e auxiliar na cita\u00e7\u00e3o em diferentes propostas de reda\u00e7\u00e3o. <strong>As provas do Enem ser\u00e3o nos dias 9 e 16 de novembro.<\/strong> At\u00e9 l\u00e1, \u00e9 tempo para maratonar todos os filmes.<\/p>\n<h2 class=\"wp-block-heading\" id=\"h-ainda-estou-aqui\">Ainda Estou Aqui<\/h2>\n<figure class=\"wp-block-image size-full\"><img fetchpriority=\"high\" fetchpriority=\"high\" decoding=\"async\" width=\"1200\" height=\"675\" src=\"http:\/\/noticiasbahia360.com.br\/wp-content\/uploads\/2025\/07\/Ainda-Estou-Aqui-250725.jpg\" alt=\"\" class=\"wp-image-577012\" srcset=\"https:\/\/uploads.acordacidade.com.br\/2025\/07\/Ainda-Estou-Aqui-250725-648x365.jpg 648w, https:\/\/uploads.acordacidade.com.br\/2025\/07\/Ainda-Estou-Aqui-250725-150x84.jpg 150w, http:\/\/noticiasbahia360.com.br\/wp-content\/uploads\/2025\/07\/Ainda-Estou-Aqui-250725.jpg 1200w\" sizes=\"(max-width: 1200px) 100vw, 1200px\"><figcaption class=\"wp-element-caption\">Imagem: Divulga\u00e7\u00e3o\/Ainda Estou Aqui<\/figcaption><\/figure>\n<p>Narra a trajet\u00f3ria real de Eunice Paiva, que enfrenta o desaparecimento do marido, Rubens Paiva, preso e morto pela ditadura militar brasileira. A partir dessa trag\u00e9dia, ela transforma dor em a\u00e7\u00e3o: cria os filhos sozinha, estuda Direito aos 48 anos e se torna uma defensora dos direitos humanos e das causas ind\u00edgenas. A produ\u00e7\u00e3o dialoga com temas como viol\u00eancia estatal, protagonismo feminino, direitos humanos, ativismo e ditadura.<\/p>\n<h2 class=\"wp-block-heading\" id=\"h-divertidamente\">Divertidamente<\/h2>\n<figure class=\"wp-block-image size-full\"><img decoding=\"async\" width=\"1200\" height=\"675\" src=\"http:\/\/noticiasbahia360.com.br\/wp-content\/uploads\/2025\/07\/Divertidamente-2-250725.jpg\" alt=\"\" class=\"wp-image-577014\" srcset=\"https:\/\/uploads.acordacidade.com.br\/2025\/07\/Divertidamente-2-250725-648x365.jpg 648w, https:\/\/uploads.acordacidade.com.br\/2025\/07\/Divertidamente-2-250725-150x84.jpg 150w, http:\/\/noticiasbahia360.com.br\/wp-content\/uploads\/2025\/07\/Divertidamente-2-250725.jpg 1200w\" sizes=\"(max-width: 1200px) 100vw, 1200px\"><figcaption class=\"wp-element-caption\">Imagem: Reprodu\u00e7\u00e3o\/X\/Pixar<\/figcaption><\/figure>\n<p>Acompanha a jovem Riley, que enfrenta uma mudan\u00e7a de cidade e, junto, uma avalanche de emo\u00e7\u00f5es. Dentro de sua mente, personagens como Alegria, Tristeza, Raiva, Medo e Nojinho disputam o controle de suas rea\u00e7\u00f5es. O filme mostra, de forma sens\u00edvel e criativa, como todas as emo\u00e7\u00f5es, at\u00e9 mesmo as negativas, s\u00e3o essenciais para o amadurecimento e o equil\u00edbrio emocional. A anima\u00e7\u00e3o pode ser mencionada em reda\u00e7\u00f5es com temas sobre sa\u00fade mental, adolesc\u00eancia, amadurecimento, ansiedade e mudan\u00e7as de comportamento para se adequar a grupos.<\/p>\n<h2 class=\"wp-block-heading\" id=\"h-bacurau\">Bacurau<\/h2>\n<figure class=\"wp-block-image size-full\"><img decoding=\"async\" width=\"1200\" height=\"675\" src=\"http:\/\/noticiasbahia360.com.br\/wp-content\/uploads\/2025\/07\/Bacurau-250725.jpg\" alt=\"\" class=\"wp-image-577017\" srcset=\"https:\/\/uploads.acordacidade.com.br\/2025\/07\/Bacurau-250725-648x365.jpg 648w, https:\/\/uploads.acordacidade.com.br\/2025\/07\/Bacurau-250725-150x84.jpg 150w, http:\/\/noticiasbahia360.com.br\/wp-content\/uploads\/2025\/07\/Bacurau-250725.jpg 1200w\" sizes=\"(max-width: 1200px) 100vw, 1200px\"><figcaption class=\"wp-element-caption\">Imagem: (Victor Juc\u00e1\/Vitrine Filmes\/Divulga\u00e7\u00e3o)<\/figcaption><\/figure>\n<p>Retrata moradores de um vilarejo fict\u00edcio do sert\u00e3o nordestino que, ap\u00f3s a morte de uma moradora centen\u00e1ria, come\u00e7a a sofrer interfer\u00eancias misteriosas. A trama ainda se intensifica quando os moradores come\u00e7am a ser atacados por estrangeiros. O filme explora temas como exclus\u00e3o social, resist\u00eancia, conflito entre comunidades locais, interesses corporativos e neocolonialismo. Al\u00e9m disso, faz uma cr\u00edtica social e pol\u00edtica, revelando as tens\u00f5es no Brasil atual.<\/p>\n<h2 class=\"wp-block-heading\" id=\"h-o-dilema-das-redes\">O dilema das Redes<\/h2>\n<p>O document\u00e1rio revela os bastidores do funcionamento das redes sociais por meio de depoimentos de executivos e ex-funcion\u00e1rios de empresas como Google, Facebook e Twitter. O document\u00e1rio exp\u00f5e os riscos e impactos desse universo digital, al\u00e9m de questionar os limites \u00e9ticos da tecnologia. A produ\u00e7\u00e3o se encaixa em temas relacionados \u00e0 tecnologia, democracia digital, manipula\u00e7\u00e3o de informa\u00e7\u00f5es e privacidade<\/p>\n<h2 class=\"wp-block-heading\" id=\"h-12-anos-de-escravidao\">12 anos de Escravid\u00e3o<\/h2>\n<figure class=\"wp-block-image size-full\"><img decoding=\"async\" width=\"1200\" height=\"675\" src=\"http:\/\/noticiasbahia360.com.br\/wp-content\/uploads\/2025\/07\/12-anos-de-Escravidao-250725.jpg\" alt=\"\" class=\"wp-image-577027\" srcset=\"https:\/\/uploads.acordacidade.com.br\/2025\/07\/12-anos-de-Escravidao-250725-648x365.jpg 648w, https:\/\/uploads.acordacidade.com.br\/2025\/07\/12-anos-de-Escravidao-250725-150x84.jpg 150w, http:\/\/noticiasbahia360.com.br\/wp-content\/uploads\/2025\/07\/12-anos-de-Escravidao-250725.jpg 1200w\" sizes=\"(max-width: 1200px) 100vw, 1200px\"><figcaption class=\"wp-element-caption\">Imagem: Divulga\u00e7\u00e3o\/Fox Searchlight<\/figcaption><\/figure>\n<p>Um drama hist\u00f3rico poderoso, baseado em fatos reais, sobre Solomon Northup, um homem negro livre que foi sequestrado e vendido como escravo. O filme funciona como um robusto repert\u00f3rio para discutir racismo, direitos humanos, viol\u00eancia e os impactos da escravid\u00e3o.<\/p>\n<h2 class=\"wp-block-heading\" id=\"h-adeus-lenin\">Adeus, Lenin<\/h2>\n<figure class=\"wp-block-image size-full\"><img loading=\"lazy\" decoding=\"async\" width=\"1200\" height=\"711\" src=\"http:\/\/noticiasbahia360.com.br\/wp-content\/uploads\/2025\/07\/Adeus-Lenin-250725.jpg\" alt=\"\" class=\"wp-image-577028\" srcset=\"https:\/\/uploads.acordacidade.com.br\/2025\/07\/Adeus-Lenin-250725-616x365.jpg 616w, https:\/\/uploads.acordacidade.com.br\/2025\/07\/Adeus-Lenin-250725-933x553.jpg 933w, https:\/\/uploads.acordacidade.com.br\/2025\/07\/Adeus-Lenin-250725-150x89.jpg 150w, http:\/\/noticiasbahia360.com.br\/wp-content\/uploads\/2025\/07\/Adeus-Lenin-250725.jpg 1200w\" sizes=\"(max-width: 1200px) 100vw, 1200px\"><figcaption class=\"wp-element-caption\">Imagem: Divulga\u00e7\u00e3o<\/figcaption><\/figure>\n<p>O filme retrata a queda do Muro de Berlim, em 1989, e as transforma\u00e7\u00f5es que marcaram a Alemanha ap\u00f3s esse marco hist\u00f3rico. A trama gira em torno de Christiane, uma comunista convicta que, ap\u00f3s um longo coma, desperta sem saber das mudan\u00e7as no pa\u00eds. Para proteg\u00ea-la de um choque que poderia agravar sua sa\u00fade, seu filho Alexander recria um cen\u00e1rio fict\u00edcio, mantendo viva a ilus\u00e3o de que nada mudou. A obra tamb\u00e9m aborda a transi\u00e7\u00e3o do socialismo para o capitalismo. Para a reda\u00e7\u00e3o, o filme funciona como refer\u00eancia para discutir ideologia, adapta\u00e7\u00e3o social, utopia e identidade pol\u00edtica.<\/p>\n<h2 class=\"wp-block-heading\" id=\"h-getulio\">Get\u00falio<\/h2>\n<p>Detalha os \u00faltimos dias do presidente Get\u00falio Vargas, dramatizando debates pol\u00edticos intensos. Uma grava\u00e7\u00e3o hist\u00f3rica dos bastidores do poder no Brasil. A produ\u00e7\u00e3o ajuda o aluno a entender como se deu o contexto hist\u00f3rico do suic\u00eddio de Vargas, relacionando temas como poder, lideran\u00e7a, crise pol\u00edtica e \u00e9tica.<\/p>\n<h2 class=\"wp-block-heading\" id=\"h-saneamento-basico-o-filme\">Saneamento B\u00e1sico \u2013 O Filme<\/h2>\n<figure class=\"wp-block-image size-large\"><img loading=\"lazy\" decoding=\"async\" width=\"1152\" height=\"768\" src=\"http:\/\/noticiasbahia360.com.br\/wp-content\/uploads\/2025\/07\/Saneamento-Basico-250725-1152x768-1.jpg\" alt=\"\" class=\"wp-image-577030\" srcset=\"https:\/\/uploads.acordacidade.com.br\/2025\/07\/Saneamento-Basico-250725-548x365.jpg 548w, http:\/\/noticiasbahia360.com.br\/wp-content\/uploads\/2025\/07\/Saneamento-Basico-250725-1152x768-1.jpg 1152w, https:\/\/uploads.acordacidade.com.br\/2025\/07\/Saneamento-Basico-250725-830x553.jpg 830w, https:\/\/uploads.acordacidade.com.br\/2025\/07\/Saneamento-Basico-250725-150x100.jpg 150w, https:\/\/uploads.acordacidade.com.br\/2025\/07\/Saneamento-Basico-250725.jpg 1200w\" sizes=\"(max-width: 1152px) 100vw, 1152px\"><figcaption class=\"wp-element-caption\">Imagem: Reprodu\u00e7\u00e3o<\/figcaption><\/figure>\n<p>Mostra moradores de uma pequena cidade que decidem criar um filme para conseguir recursos para construir uma rede de esgoto. O longa discute a falta de infraestrutura b\u00e1sica, neglig\u00eancia do poder p\u00fablico, meio ambiente e pol\u00edticos que se apropriam de iniciativas da sociedade civil, funcionando como repert\u00f3rio para temas ligados a saneamento, desigualdade social, descaso pol\u00edtico, meio ambiente e direito \u00e0 dignidade.<\/p>\n<h2 class=\"wp-block-heading\" id=\"h-a-onda\">A Onda<\/h2>\n<p>Retrata um professor que, ao conduzir um experimento com seus alunos para explicar como regimes autorit\u00e1rios se formam, acaba gerando um movimento real de autoritarismo e viol\u00eancia. O filme discute manipula\u00e7\u00e3o ideol\u00f3gica, poder coletivo e perda da individualidade, servindo como repert\u00f3rio para temas do Enem relacionados \u00e0 democracia, intoler\u00e2ncia, autoritarismo, abuso de poder e riscos do extremismo pol\u00edtico.<\/p>\n<h2 class=\"wp-block-heading\" id=\"h-que-horas-ela-volta\">Que Horas Ela Volta?<\/h2>\n<figure class=\"wp-block-image size-full\"><img loading=\"lazy\" decoding=\"async\" width=\"1200\" height=\"741\" src=\"http:\/\/noticiasbahia360.com.br\/wp-content\/uploads\/2025\/07\/Que-Horas-Ela-Volta-250725.jpg\" alt=\"\" class=\"wp-image-577034\" srcset=\"https:\/\/uploads.acordacidade.com.br\/2025\/07\/Que-Horas-Ela-Volta-250725-591x365.jpg 591w, https:\/\/uploads.acordacidade.com.br\/2025\/07\/Que-Horas-Ela-Volta-250725-896x553.jpg 896w, https:\/\/uploads.acordacidade.com.br\/2025\/07\/Que-Horas-Ela-Volta-250725-150x93.jpg 150w, http:\/\/noticiasbahia360.com.br\/wp-content\/uploads\/2025\/07\/Que-Horas-Ela-Volta-250725.jpg 1200w\" sizes=\"(max-width: 1200px) 100vw, 1200px\"><figcaption class=\"wp-element-caption\">Imagem: Divulga\u00e7\u00e3o<\/figcaption><\/figure>\n<p>Aborda a rela\u00e7\u00e3o entre Val, uma empregada dom\u00e9stica, e a fam\u00edlia para quem trabalha, trazendo \u00e0 tona quest\u00f5es de classe social, desigualdade e os limites entre classes. O filme serve de repert\u00f3rio para temas ligados \u00e0 desigualdade social, mobilidade econ\u00f4mica, meritocracia, diferen\u00e7as econ\u00f4micas, abuso de poder, rela\u00e7\u00f5es de trabalho e preconceito estrutural no Brasil.<\/p>\n<p><em>Reportagem escrita pelo estagi\u00e1rio de jornalismo Davi Cerqueira, sob supervis\u00e3o.<\/em><\/p>\n<p><em>Siga o Acorda Cidade no<\/em><a href=\"https:\/\/news.google.com\/search?q=acorda%20cidade&amp;hl=pt-BR&amp;gl=BR&amp;ceid=BR%3Apt-419\"><strong><em>\u00a0Google Not\u00edcias<\/em><\/strong><\/a><em>\u00a0e receba os principais destaques do dia. Participe tamb\u00e9m dos nossos canais no\u00a0<\/em><a href=\"https:\/\/www.whatsapp.com\/channel\/0029Va6Rb4v3WHTNnsh8WI3N\"><strong><em>WhatsApp<\/em><\/strong><\/a><em>\u00a0e\u00a0<\/em><a href=\"https:\/\/www.youtube.com\/@acordacidadenoticias\/videos\"><strong>Youtube<\/strong><\/a><em>\u00a0e grupo de\u00a0<\/em><a href=\"https:\/\/t.me\/+sSz0khrgARA0ZmRh\"><strong><em>Telegram<\/em><\/strong><\/a><em>.<\/em><\/p>\n<\/p>\n<\/div>\n","protected":false},"excerpt":{"rendered":"<div>\n<div>\n<figure><img decoding=\"async\" src=\"https:\/\/uploads.acordacidade.com.br\/2025\/07\/Estudante-250725.jpg\" alt=\"Estudante\"><figcaption>Imagem: Freepik<\/figcaption><\/figure>\n<\/div>\n<p>As provas do Enem ser\u00e3o nos dias 9 e 16 de novembro. At\u00e9 l\u00e1, \u00e9 tempo para maratonar todos os filmes.<\/p><\/div>\n","protected":false},"author":1,"featured_media":94867,"comment_status":"closed","ping_status":"closed","sticky":false,"template":"","format":"gallery","meta":{"footnotes":""},"categories":[8,9,6,57,56,10],"tags":[],"class_list":["post-94866","post","type-post","status-publish","format-gallery","has-post-thumbnail","hentry","category-bahia","category-brasil","category-feira-de-santana","category-mundo","category-policia","category-politica","post_format-post-format-gallery"],"featured_image_urls":{"full":["https:\/\/noticiasbahia360.com.br\/wp-content\/uploads\/2025\/07\/Estudante-250725.jpg",1200,800,false],"thumbnail":["https:\/\/noticiasbahia360.com.br\/wp-content\/uploads\/2025\/07\/Estudante-250725-150x150.jpg",150,150,true],"medium":["https:\/\/noticiasbahia360.com.br\/wp-content\/uploads\/2025\/07\/Estudante-250725-300x200.jpg",300,200,true],"medium_large":["https:\/\/noticiasbahia360.com.br\/wp-content\/uploads\/2025\/07\/Estudante-250725-768x512.jpg",640,427,true],"large":["https:\/\/noticiasbahia360.com.br\/wp-content\/uploads\/2025\/07\/Estudante-250725-1024x683.jpg",640,427,true],"1536x1536":["https:\/\/noticiasbahia360.com.br\/wp-content\/uploads\/2025\/07\/Estudante-250725.jpg",1200,800,false],"2048x2048":["https:\/\/noticiasbahia360.com.br\/wp-content\/uploads\/2025\/07\/Estudante-250725.jpg",1200,800,false],"chromenews-featured":["https:\/\/noticiasbahia360.com.br\/wp-content\/uploads\/2025\/07\/Estudante-250725-1024x683.jpg",1024,683,true],"chromenews-large":["https:\/\/noticiasbahia360.com.br\/wp-content\/uploads\/2025\/07\/Estudante-250725-825x575.jpg",825,575,true],"chromenews-medium":["https:\/\/noticiasbahia360.com.br\/wp-content\/uploads\/2025\/07\/Estudante-250725-590x410.jpg",590,410,true]},"author_info":{"display_name":"noticiasbahia360.com.br","author_link":"https:\/\/noticiasbahia360.com.br\/?author=1"},"category_info":"<a href=\"https:\/\/noticiasbahia360.com.br\/?cat=8\" rel=\"category\">Bahia<\/a> <a href=\"https:\/\/noticiasbahia360.com.br\/?cat=9\" rel=\"category\">Brasil<\/a> <a href=\"https:\/\/noticiasbahia360.com.br\/?cat=6\" rel=\"category\">Feira de Santana<\/a> <a href=\"https:\/\/noticiasbahia360.com.br\/?cat=57\" rel=\"category\">Mundo<\/a> <a href=\"https:\/\/noticiasbahia360.com.br\/?cat=56\" rel=\"category\">Pol\u00edcia<\/a> <a href=\"https:\/\/noticiasbahia360.com.br\/?cat=10\" rel=\"category\">Pol\u00edtica<\/a>","tag_info":"Pol\u00edtica","comment_count":"0","_links":{"self":[{"href":"https:\/\/noticiasbahia360.com.br\/index.php?rest_route=\/wp\/v2\/posts\/94866","targetHints":{"allow":["GET"]}}],"collection":[{"href":"https:\/\/noticiasbahia360.com.br\/index.php?rest_route=\/wp\/v2\/posts"}],"about":[{"href":"https:\/\/noticiasbahia360.com.br\/index.php?rest_route=\/wp\/v2\/types\/post"}],"author":[{"embeddable":true,"href":"https:\/\/noticiasbahia360.com.br\/index.php?rest_route=\/wp\/v2\/users\/1"}],"replies":[{"embeddable":true,"href":"https:\/\/noticiasbahia360.com.br\/index.php?rest_route=%2Fwp%2Fv2%2Fcomments&post=94866"}],"version-history":[{"count":0,"href":"https:\/\/noticiasbahia360.com.br\/index.php?rest_route=\/wp\/v2\/posts\/94866\/revisions"}],"wp:featuredmedia":[{"embeddable":true,"href":"https:\/\/noticiasbahia360.com.br\/index.php?rest_route=\/wp\/v2\/media\/94867"}],"wp:attachment":[{"href":"https:\/\/noticiasbahia360.com.br\/index.php?rest_route=%2Fwp%2Fv2%2Fmedia&parent=94866"}],"wp:term":[{"taxonomy":"category","embeddable":true,"href":"https:\/\/noticiasbahia360.com.br\/index.php?rest_route=%2Fwp%2Fv2%2Fcategories&post=94866"},{"taxonomy":"post_tag","embeddable":true,"href":"https:\/\/noticiasbahia360.com.br\/index.php?rest_route=%2Fwp%2Fv2%2Ftags&post=94866"}],"curies":[{"name":"wp","href":"https:\/\/api.w.org\/{rel}","templated":true}]}} 