{"id":94879,"date":"2025-07-28T11:35:51","date_gmt":"2025-07-28T14:35:51","guid":{"rendered":"https:\/\/noticiasbahia360.com.br\/?p=94879"},"modified":"2025-07-28T11:35:51","modified_gmt":"2025-07-28T14:35:51","slug":"camara-municipal-de-feira-de-santana-retoma-atividades-com-transmissoes-ao-vivo-pela-tv-camara","status":"publish","type":"post","link":"https:\/\/noticiasbahia360.com.br\/?p=94879","title":{"rendered":"C\u00e2mara Municipal de Feira de Santana retoma atividades com transmiss\u00f5es ao vivo pela TV C\u00e2mara"},"content":{"rendered":"<div>\n<div>\n<figure><img decoding=\"async\" src=\"http:\/\/noticiasbahia360.com.br\/wp-content\/uploads\/2025\/07\/Camara-Municipal-de-Feira-de-Santana-Recesso-Sao-Joao-Sao-Pedro-Foto-Ney-Silva-.jpg\" alt=\"Camara-Municipal-de-Feira-de-Santana-Recesso-Sao-Joao-Sao-Pedro-Foto-Ney-Silva\"><figcaption>C\u00e2mara Municipal de Feira de Santana | Foto: Ney Silva\/Acorda Cidade<\/figcaption><\/figure>\n<\/div>\n<p>As atividades legislativas da C\u00e2mara Municipal de Feira de Santana ser\u00e3o retomadas no pr\u00f3ximo dia 5 de agosto, marcando o in\u00edcio do segundo semestre de trabalhos. A novidade este ano \u00e9 que as sess\u00f5es passar\u00e3o a ser transmitidas ao vivo por meio da TV C\u00e2mara, canal 34, ampliando o acesso da popula\u00e7\u00e3o \u00e0s discuss\u00f5es e decis\u00f5es do Legislativo feirense.<\/p>\n<figure class=\"wp-block-image size-full\"><img fetchpriority=\"high\" fetchpriority=\"high\" decoding=\"async\" width=\"1200\" height=\"554\" src=\"http:\/\/noticiasbahia360.com.br\/wp-content\/uploads\/2025\/07\/marcos-lima-foto-pj-acorda-cidade.jpg\" alt=\"Marcos Lima\" class=\"wp-image-577558\" srcset=\"https:\/\/uploads.acordacidade.com.br\/2025\/07\/marcos-lima-foto-pj-acorda-cidade-648x299.jpg 648w, https:\/\/uploads.acordacidade.com.br\/2025\/07\/marcos-lima-foto-pj-acorda-cidade-984x454.jpg 984w, https:\/\/uploads.acordacidade.com.br\/2025\/07\/marcos-lima-foto-pj-acorda-cidade-150x69.jpg 150w, http:\/\/noticiasbahia360.com.br\/wp-content\/uploads\/2025\/07\/marcos-lima-foto-pj-acorda-cidade.jpg 1200w\" sizes=\"(max-width: 1200px) 100vw, 1200px\"><figcaption class=\"wp-element-caption\">Foto: Paulo Jos\u00e9\/Acorda Cidade | Marcos Lima<\/figcaption><\/figure>\n<p>De acordo com o presidente da Casa, vereador Marcos Lima, os preparativos para esse retorno j\u00e1 est\u00e3o em fase final. Apesar do recesso parlamentar, ele destaca que os trabalhos n\u00e3o pararam completamente: \u201cOs vereadores seguiram nas comunidades, em visitas, reuni\u00f5es e eventos com o prefeito Z\u00e9 Ronaldo. Internamente, os setores legislativo e administrativo tamb\u00e9m mantiveram suas atividades normalmente\u201d, informou ao Acorda Cidade.<\/p>\n<p>Para garantir mais conforto ao p\u00fablico e qualidade nas transmiss\u00f5es, o plen\u00e1rio passou por melhorias ac\u00fasticas. \u201cFizemos uma pequena reforma com rebaixamento de teto e instala\u00e7\u00e3o de carpetes, o que melhora a compreens\u00e3o do que \u00e9 dito em plen\u00e1rio, tanto para quem acompanha presencialmente quanto para quem assiste \u00e0s grava\u00e7\u00f5es e, em breve, \u00e0 transmiss\u00e3o ao vivo\u201d, explicou.<\/p>\n<p>A implanta\u00e7\u00e3o da TV C\u00e2mara \u00e9 um dos destaques da nova fase. O canal j\u00e1 est\u00e1 autorizado e a C\u00e2mara trabalha agora na parte t\u00e9cnica e de engenharia para viabilizar as transmiss\u00f5es. \u201cEstamos firmando parcerias com a Prefeitura e com a TV Feira, que vai compartilhar a antena. Agradecemos ao prefeito Z\u00e9 Ronaldo e aos engenheiros envolvidos nesse processo\u201d, afirmou Marcos Lima.<\/p>\n<p>Al\u00e9m da transmiss\u00e3o das sess\u00f5es, outras a\u00e7\u00f5es t\u00eam sido realizadas para fortalecer a imagem da Casa Legislativa e aproxim\u00e1-la da popula\u00e7\u00e3o. Entre elas, a busca por parcerias com a Assembleia Legislativa da Bahia para a implanta\u00e7\u00e3o da Escola do Legislativo em Feira de Santana.<\/p>\n<p>Para a sess\u00e3o de reabertura, j\u00e1 constam na pauta o projeto de or\u00e7amento enviado pelo Executivo Municipal e outras mat\u00e9rias de interesse da cidade, como a transforma\u00e7\u00e3o da Superintend\u00eancia de Opera\u00e7\u00f5es e Manuten\u00e7\u00e3o (Soma) em secretaria. Diversos projetos apresentados pelos vereadores durante o recesso tamb\u00e9m devem entrar em tramita\u00e7\u00e3o.<\/p>\n<p><em>Com informa\u00e7\u00f5es do rep\u00f3rter Paulo Jos\u00e9 do Acorda Cidade<\/em><\/p>\n<p><em>Siga o Acorda Cidade no<\/em><a href=\"https:\/\/news.google.com\/search?q=acorda%20cidade&amp;hl=pt-BR&amp;gl=BR&amp;ceid=BR%3Apt-419\"><strong><em> Google Not\u00edcias<\/em><\/strong><\/a><em> e receba os principais destaques do dia. Participe tamb\u00e9m dos nossos canais no <\/em><a href=\"https:\/\/whatsapp.com\/channel\/0029Va6Rb4v3WHTNnsh8WI3N\"><strong><em>WhatsApp<\/em><\/strong><\/a><em> e <\/em><a href=\"https:\/\/www.youtube.com\/@acordacidadenoticias\/videos\"><strong>Youtube<\/strong><\/a><em> e grupo de <\/em><a href=\"https:\/\/t.me\/+sSz0khrgARA0ZmRh\"><strong><em>Telegram<\/em><\/strong><\/a><em>.<\/em><\/p>\n<\/div>\n","protected":false},"excerpt":{"rendered":"<div>\n<div>\n<figure><img decoding=\"async\" src=\"https:\/\/uploads.acordacidade.com.br\/2025\/06\/Camara-Municipal-de-Feira-de-Santana-Recesso-Sao-Joao-Sao-Pedro-Foto-Ney-Silva-.jpg\" alt=\"Camara-Municipal-de-Feira-de-Santana-Recesso-Sao-Joao-Sao-Pedro-Foto-Ney-Silva\"><figcaption>C\u00e2mara Municipal de Feira de Santana | Foto: Ney Silva\/Acorda Cidade<\/figcaption><\/figure>\n<\/div>\n<p>A implanta\u00e7\u00e3o da TV C\u00e2mara \u00e9 um dos destaques da nova fase. O canal j\u00e1 est\u00e1 autorizado e a C\u00e2mara trabalha agora na parte t\u00e9cnica.<\/p><\/div>\n","protected":false},"author":1,"featured_media":94880,"comment_status":"closed","ping_status":"closed","sticky":false,"template":"","format":"gallery","meta":{"footnotes":""},"categories":[8,9,6,57,56,10],"tags":[],"class_list":["post-94879","post","type-post","status-publish","format-gallery","has-post-thumbnail","hentry","category-bahia","category-brasil","category-feira-de-santana","category-mundo","category-policia","category-politica","post_format-post-format-gallery"],"featured_image_urls":{"full":["https:\/\/noticiasbahia360.com.br\/wp-content\/uploads\/2025\/07\/Camara-Municipal-de-Feira-de-Santana-Recesso-Sao-Joao-Sao-Pedro-Foto-Ney-Silva-.jpg",1200,900,false],"thumbnail":["https:\/\/noticiasbahia360.com.br\/wp-content\/uploads\/2025\/07\/Camara-Municipal-de-Feira-de-Santana-Recesso-Sao-Joao-Sao-Pedro-Foto-Ney-Silva--150x150.jpg",150,150,true],"medium":["https:\/\/noticiasbahia360.com.br\/wp-content\/uploads\/2025\/07\/Camara-Municipal-de-Feira-de-Santana-Recesso-Sao-Joao-Sao-Pedro-Foto-Ney-Silva--300x225.jpg",300,225,true],"medium_large":["https:\/\/noticiasbahia360.com.br\/wp-content\/uploads\/2025\/07\/Camara-Municipal-de-Feira-de-Santana-Recesso-Sao-Joao-Sao-Pedro-Foto-Ney-Silva--768x576.jpg",640,480,true],"large":["https:\/\/noticiasbahia360.com.br\/wp-content\/uploads\/2025\/07\/Camara-Municipal-de-Feira-de-Santana-Recesso-Sao-Joao-Sao-Pedro-Foto-Ney-Silva--1024x768.jpg",640,480,true],"1536x1536":["https:\/\/noticiasbahia360.com.br\/wp-content\/uploads\/2025\/07\/Camara-Municipal-de-Feira-de-Santana-Recesso-Sao-Joao-Sao-Pedro-Foto-Ney-Silva-.jpg",1200,900,false],"2048x2048":["https:\/\/noticiasbahia360.com.br\/wp-content\/uploads\/2025\/07\/Camara-Municipal-de-Feira-de-Santana-Recesso-Sao-Joao-Sao-Pedro-Foto-Ney-Silva-.jpg",1200,900,false],"chromenews-featured":["https:\/\/noticiasbahia360.com.br\/wp-content\/uploads\/2025\/07\/Camara-Municipal-de-Feira-de-Santana-Recesso-Sao-Joao-Sao-Pedro-Foto-Ney-Silva--1024x768.jpg",1024,768,true],"chromenews-large":["https:\/\/noticiasbahia360.com.br\/wp-content\/uploads\/2025\/07\/Camara-Municipal-de-Feira-de-Santana-Recesso-Sao-Joao-Sao-Pedro-Foto-Ney-Silva--825x575.jpg",825,575,true],"chromenews-medium":["https:\/\/noticiasbahia360.com.br\/wp-content\/uploads\/2025\/07\/Camara-Municipal-de-Feira-de-Santana-Recesso-Sao-Joao-Sao-Pedro-Foto-Ney-Silva--590x410.jpg",590,410,true]},"author_info":{"display_name":"noticiasbahia360.com.br","author_link":"https:\/\/noticiasbahia360.com.br\/?author=1"},"category_info":"<a href=\"https:\/\/noticiasbahia360.com.br\/?cat=8\" rel=\"category\">Bahia<\/a> <a href=\"https:\/\/noticiasbahia360.com.br\/?cat=9\" rel=\"category\">Brasil<\/a> <a href=\"https:\/\/noticiasbahia360.com.br\/?cat=6\" rel=\"category\">Feira de Santana<\/a> <a href=\"https:\/\/noticiasbahia360.com.br\/?cat=57\" rel=\"category\">Mundo<\/a> <a href=\"https:\/\/noticiasbahia360.com.br\/?cat=56\" rel=\"category\">Pol\u00edcia<\/a> <a href=\"https:\/\/noticiasbahia360.com.br\/?cat=10\" rel=\"category\">Pol\u00edtica<\/a>","tag_info":"Pol\u00edtica","comment_count":"0","_links":{"self":[{"href":"https:\/\/noticiasbahia360.com.br\/index.php?rest_route=\/wp\/v2\/posts\/94879","targetHints":{"allow":["GET"]}}],"collection":[{"href":"https:\/\/noticiasbahia360.com.br\/index.php?rest_route=\/wp\/v2\/posts"}],"about":[{"href":"https:\/\/noticiasbahia360.com.br\/index.php?rest_route=\/wp\/v2\/types\/post"}],"author":[{"embeddable":true,"href":"https:\/\/noticiasbahia360.com.br\/index.php?rest_route=\/wp\/v2\/users\/1"}],"replies":[{"embeddable":true,"href":"https:\/\/noticiasbahia360.com.br\/index.php?rest_route=%2Fwp%2Fv2%2Fcomments&post=94879"}],"version-history":[{"count":0,"href":"https:\/\/noticiasbahia360.com.br\/index.php?rest_route=\/wp\/v2\/posts\/94879\/revisions"}],"wp:featuredmedia":[{"embeddable":true,"href":"https:\/\/noticiasbahia360.com.br\/index.php?rest_route=\/wp\/v2\/media\/94880"}],"wp:attachment":[{"href":"https:\/\/noticiasbahia360.com.br\/index.php?rest_route=%2Fwp%2Fv2%2Fmedia&parent=94879"}],"wp:term":[{"taxonomy":"category","embeddable":true,"href":"https:\/\/noticiasbahia360.com.br\/index.php?rest_route=%2Fwp%2Fv2%2Fcategories&post=94879"},{"taxonomy":"post_tag","embeddable":true,"href":"https:\/\/noticiasbahia360.com.br\/index.php?rest_route=%2Fwp%2Fv2%2Ftags&post=94879"}],"curies":[{"name":"wp","href":"https:\/\/api.w.org\/{rel}","templated":true}]}}