{"id":94882,"date":"2025-07-28T11:40:42","date_gmt":"2025-07-28T14:40:42","guid":{"rendered":"https:\/\/noticiasbahia360.com.br\/?p=94882"},"modified":"2025-07-28T11:40:42","modified_gmt":"2025-07-28T14:40:42","slug":"conceicao-do-jacuipe-recebe-io-encontro-literario-cafe-com-palavras","status":"publish","type":"post","link":"https:\/\/noticiasbahia360.com.br\/?p=94882","title":{"rendered":"Concei\u00e7\u00e3o do Jacu\u00edpe recebe I\u00ba Encontro Liter\u00e1rio Caf\u00e9 com Palavras"},"content":{"rendered":"<div>\n<div>\n<figure><img decoding=\"async\" src=\"http:\/\/noticiasbahia360.com.br\/wp-content\/uploads\/2025\/07\/primeiro-encontro-literario-cafe-com-palavras-conceicao-do-jacuipe-foto-jefferson-araujoa-corda-cidade-19.jpg\" alt=\"\"><figcaption>Foto: Jefferson Ara\u00fajo \/ Acorda Cidade <\/figcaption><\/figure>\n<\/div>\n<div class=\"wp-block-group\">\n<div class=\"wp-block-group__inner-container is-layout-constrained wp-block-group-is-layout-constrained\">\n<p>No \u00faltimo final de semana, <a href=\"https:\/\/www.acordacidade.com.br\/tag\/conceicao-do-jacuipe-2\/\">Concei\u00e7\u00e3o do Jacu\u00edpe<\/a> provou que, al\u00e9m de ser dona de uma das mais tradicionais festas de S\u00e3o Jo\u00e3o da Bahia, tem grande potencial para ser reconhecida tamb\u00e9m como a terra da literatura. O <strong>1\u00ba Encontro Liter\u00e1rio Caf\u00e9 com Palavras<\/strong>, <strong>Uma Dose de Literatura<\/strong>, reuniu diversos escritores locais, artistas, professores, alunos, autoridades e admiradores da arte de ler.<\/p>\n<figure class=\"wp-block-image size-large\"><img fetchpriority=\"high\" fetchpriority=\"high\" decoding=\"async\" width=\"1366\" height=\"768\" src=\"http:\/\/noticiasbahia360.com.br\/wp-content\/uploads\/2025\/07\/primeiro-encontro-literario-cafe-com-palavras-conceicao-do-jacuipe-foto-jefferson-araujoa-corda-cidade-20-1366x768-1.jpg\" alt=\"\" class=\"wp-image-577531\" srcset=\"https:\/\/uploads.acordacidade.com.br\/2025\/07\/primeiro-encontro-literario-cafe-com-palavras-conceicao-do-jacuipe-foto-jefferson-araujoa-corda-cidade-20-648x365.jpg 648w, https:\/\/uploads.acordacidade.com.br\/2025\/07\/primeiro-encontro-literario-cafe-com-palavras-conceicao-do-jacuipe-foto-jefferson-araujoa-corda-cidade-20-1536x864.jpg 1536w, https:\/\/uploads.acordacidade.com.br\/2025\/07\/primeiro-encontro-literario-cafe-com-palavras-conceicao-do-jacuipe-foto-jefferson-araujoa-corda-cidade-20-150x84.jpg 150w, https:\/\/uploads.acordacidade.com.br\/2025\/07\/primeiro-encontro-literario-cafe-com-palavras-conceicao-do-jacuipe-foto-jefferson-araujoa-corda-cidade-20.jpg 1920w\" sizes=\"(max-width: 1366px) 100vw, 1366px\"><figcaption class=\"wp-element-caption\">Foto: Jefferson Ara\u00fajo \/ Acorda Cidade <\/figcaption><\/figure>\n<p>O evento, que foi realizado no s\u00e1bado (26) em um restaurante da cidade conhecida como <a href=\"https:\/\/www.acordacidade.com.br\/tag\/arraia-do-berimbau\/\">Berimbau<\/a>, contou com declama\u00e7\u00e3o de poemas, apresenta\u00e7\u00f5es musicais, rodas de conversa e encena\u00e7\u00f5es teatrais. Ao Acorda Cidade, o idealizador do encontro, o professor e escritor Jos\u00e9 Ilton Gomes contou que a ideia surgiu ap\u00f3s ele observar que o munic\u00edpio \u00e9 um dos poucos da regi\u00e3o que n\u00e3o possui uma feira liter\u00e1ria.<\/p>\n<figure class=\"wp-block-image size-large\"><img decoding=\"async\" width=\"1024\" height=\"768\" src=\"http:\/\/noticiasbahia360.com.br\/wp-content\/uploads\/2025\/07\/jose-ilton-gomes-escritos-primeiro-encontro-literario-cafe-com-palavras-conceicao-do-jacuipe-foto-jefferson-araujoa-corda-cidade-1-1024x768-1.jpeg\" alt=\"Jos\u00e9 Ilton Gomes, escritor e professor\" class=\"wp-image-577553\" srcset=\"https:\/\/uploads.acordacidade.com.br\/2025\/07\/jose-ilton-gomes-escritos-primeiro-encontro-literario-cafe-com-palavras-conceicao-do-jacuipe-foto-jefferson-araujoa-corda-cidade-1-487x365.jpeg 487w, http:\/\/noticiasbahia360.com.br\/wp-content\/uploads\/2025\/07\/jose-ilton-gomes-escritos-primeiro-encontro-literario-cafe-com-palavras-conceicao-do-jacuipe-foto-jefferson-araujoa-corda-cidade-1-1024x768-1.jpeg 1024w, https:\/\/uploads.acordacidade.com.br\/2025\/07\/jose-ilton-gomes-escritos-primeiro-encontro-literario-cafe-com-palavras-conceicao-do-jacuipe-foto-jefferson-araujoa-corda-cidade-1-737x553.jpeg 737w, https:\/\/uploads.acordacidade.com.br\/2025\/07\/jose-ilton-gomes-escritos-primeiro-encontro-literario-cafe-com-palavras-conceicao-do-jacuipe-foto-jefferson-araujoa-corda-cidade-1-1536x1152.jpeg 1536w, https:\/\/uploads.acordacidade.com.br\/2025\/07\/jose-ilton-gomes-escritos-primeiro-encontro-literario-cafe-com-palavras-conceicao-do-jacuipe-foto-jefferson-araujoa-corda-cidade-1-150x113.jpeg 150w, https:\/\/uploads.acordacidade.com.br\/2025\/07\/jose-ilton-gomes-escritos-primeiro-encontro-literario-cafe-com-palavras-conceicao-do-jacuipe-foto-jefferson-araujoa-corda-cidade-1.jpeg 1600w\" sizes=\"(max-width: 1024px) 100vw, 1024px\"><figcaption class=\"wp-element-caption\">Jos\u00e9 Ilton Gomes, escritor e professor | Foto: Jefferson Ara\u00fajo \/ Acorda Cidade <\/figcaption><\/figure>\n<p>\u201cEu acredito que Concei\u00e7\u00e3o do Jacu\u00edpe tem pot\u00eancia, mas, para isso acontecer, \u00e9 preciso que todos n\u00f3s, professores, alunos, escritores e comunidade, se una para trazer a nossa feira liter\u00e1ria. Precisamos fazer esse ciclo de literatura para que a gente consiga trazer mais pessoas. Precisamos afastar os jovens dos maus caminhos e, para que isso aconte\u00e7a, \u00e9 necess\u00e1ria uma transforma\u00e7\u00e3o que s\u00f3 vem atrav\u00e9s da leitura\u201d, disse o escritor dos livros \u201cA cada vibrato um poema\u201d e \u201cSe eu fechar os meus olhos\u201d.<\/p>\n<p>A professora Adriana Reis, que \u00e9 especialista em metodologia e pr\u00e1tica do ensino de l\u00edngua portuguesa e mestre em estudos lingu\u00edsticos e an\u00e1lise do discurso, fez uma leitura dramatizada de um texto da escritora Concei\u00e7\u00e3o Evaristo durante o encontro liter\u00e1rio. A professora concordou com o colega ao afirmar que tamb\u00e9m acredita que o evento pode ser considerado um embri\u00e3o para a feira liter\u00e1ria de Concei\u00e7\u00e3o do Jacu\u00edpe.<\/p>\n<figure class=\"wp-block-image size-large\"><img decoding=\"async\" width=\"1366\" height=\"768\" src=\"http:\/\/noticiasbahia360.com.br\/wp-content\/uploads\/2025\/07\/primeiro-encontro-literario-cafe-com-palavras-conceicao-do-jacuipe-foto-jefferson-araujoa-corda-cidade-23-1366x768-1.jpg\" alt=\"\" class=\"wp-image-577528\" srcset=\"https:\/\/uploads.acordacidade.com.br\/2025\/07\/primeiro-encontro-literario-cafe-com-palavras-conceicao-do-jacuipe-foto-jefferson-araujoa-corda-cidade-23-648x365.jpg 648w, https:\/\/uploads.acordacidade.com.br\/2025\/07\/primeiro-encontro-literario-cafe-com-palavras-conceicao-do-jacuipe-foto-jefferson-araujoa-corda-cidade-23-1536x864.jpg 1536w, https:\/\/uploads.acordacidade.com.br\/2025\/07\/primeiro-encontro-literario-cafe-com-palavras-conceicao-do-jacuipe-foto-jefferson-araujoa-corda-cidade-23-150x84.jpg 150w, https:\/\/uploads.acordacidade.com.br\/2025\/07\/primeiro-encontro-literario-cafe-com-palavras-conceicao-do-jacuipe-foto-jefferson-araujoa-corda-cidade-23.jpg 1920w\" sizes=\"(max-width: 1366px) 100vw, 1366px\"><figcaption class=\"wp-element-caption\">Adriana Reis, professora | Foto: Jefferson Ara\u00fajo \/ Acorda Cidade <\/figcaption><\/figure>\n<p>\u201cConcei\u00e7\u00e3o do Jacu\u00edpe precisa urgentemente de uma feira liter\u00e1ria. Todas as cidades da regi\u00e3o j\u00e1 t\u00eam e eu acho que o desenvolvimento comercial, o desenvolvimento intelectual da cidade precisa ser comemorado atrav\u00e9s de um evento liter\u00e1rio. Ler \u00e9 uma das coisas mais importantes que a pessoa pode fazer para poder ser e estar no mundo. Com a leitura, a gente descobre o que o mundo \u00e9 para que a gente possa descobrir a n\u00f3s mesmos\u201d, disse a professora.<\/p>\n<figure class=\"wp-block-image size-large\"><img decoding=\"async\" width=\"1366\" height=\"768\" src=\"http:\/\/noticiasbahia360.com.br\/wp-content\/uploads\/2025\/07\/primeiro-encontro-literario-cafe-com-palavras-conceicao-do-jacuipe-foto-jefferson-araujoa-corda-cidade-16-1366x768-1.jpg\" alt=\"\" class=\"wp-image-577535\" srcset=\"https:\/\/uploads.acordacidade.com.br\/2025\/07\/primeiro-encontro-literario-cafe-com-palavras-conceicao-do-jacuipe-foto-jefferson-araujoa-corda-cidade-16-648x365.jpg 648w, https:\/\/uploads.acordacidade.com.br\/2025\/07\/primeiro-encontro-literario-cafe-com-palavras-conceicao-do-jacuipe-foto-jefferson-araujoa-corda-cidade-16-1536x864.jpg 1536w, https:\/\/uploads.acordacidade.com.br\/2025\/07\/primeiro-encontro-literario-cafe-com-palavras-conceicao-do-jacuipe-foto-jefferson-araujoa-corda-cidade-16-150x84.jpg 150w, https:\/\/uploads.acordacidade.com.br\/2025\/07\/primeiro-encontro-literario-cafe-com-palavras-conceicao-do-jacuipe-foto-jefferson-araujoa-corda-cidade-16.jpg 1920w\" sizes=\"(max-width: 1366px) 100vw, 1366px\"><figcaption class=\"wp-element-caption\">Foto: Jefferson Ara\u00fajo \/ Acorda Cidade <\/figcaption><\/figure>\n<p>\u201cA leitura precisa ser fomentada, precisa ser instigada. A gente quer que mais alunos e jovens venham para esses encontros para que a gente possa pensar num mundo melhor, porque a leitura faz da gente uma pessoa melhor. Berimbau precisa fomentar mais a cultura, que tem sido muito negligenciada, pelo menos a cultura mais formal. O que a gente v\u00ea de popular s\u00e3o manifesta\u00e7\u00f5es que, muitas vezes, s\u00e3o frutos de outras culturas e a nossa pr\u00f3pria cultura vai sendo jogada em segundo plano. E a nossa cultura tem leitura, tem escritor, tem gente boa. Ent\u00e3o a gente precisa incentivar isso\u201d, complementou a professora Adriana Reis.<\/p>\n<figure class=\"wp-block-image size-large\"><img loading=\"lazy\" decoding=\"async\" width=\"1366\" height=\"768\" src=\"http:\/\/noticiasbahia360.com.br\/wp-content\/uploads\/2025\/07\/professor-iranildo-primeiro-encontro-literario-cafe-com-palavras-conceicao-do-jacuipe-foto-jefferson-araujoa-corda-cidade-21-1366x768-1.jpg\" alt=\"\" class=\"wp-image-577530\" srcset=\"https:\/\/uploads.acordacidade.com.br\/2025\/07\/professor-iranildo-primeiro-encontro-literario-cafe-com-palavras-conceicao-do-jacuipe-foto-jefferson-araujoa-corda-cidade-21-648x365.jpg 648w, https:\/\/uploads.acordacidade.com.br\/2025\/07\/professor-iranildo-primeiro-encontro-literario-cafe-com-palavras-conceicao-do-jacuipe-foto-jefferson-araujoa-corda-cidade-21-1536x864.jpg 1536w, https:\/\/uploads.acordacidade.com.br\/2025\/07\/professor-iranildo-primeiro-encontro-literario-cafe-com-palavras-conceicao-do-jacuipe-foto-jefferson-araujoa-corda-cidade-21-150x84.jpg 150w, https:\/\/uploads.acordacidade.com.br\/2025\/07\/professor-iranildo-primeiro-encontro-literario-cafe-com-palavras-conceicao-do-jacuipe-foto-jefferson-araujoa-corda-cidade-21.jpg 1920w\" sizes=\"(max-width: 1366px) 100vw, 1366px\"><figcaption class=\"wp-element-caption\">Iranildo Alves, secret\u00e1rio de Educa\u00e7\u00e3o do munic\u00edpio de Teodoro Sampaio | Foto: Jefferson Ara\u00fajo \/ Acorda Cidade <\/figcaption><\/figure>\n<p>\u201cEsse evento \u00e9 de uma grandeza incompar\u00e1vel. A organiza\u00e7\u00e3o est\u00e1 de parab\u00e9ns. Eu queria dizer que fa\u00e7am um evento desses com o p\u00fablico do Ensino M\u00e9dio, com o p\u00fablico do Ensino Fundamental 2, para eles terem conhecimento do que foi produzido aqui hoje, um produto de muita qualidade e que foi um momento de aprendizado tamb\u00e9m\u201d, disse o professor Iranildo Alves, secret\u00e1rio de Educa\u00e7\u00e3o do munic\u00edpio de Teodoro Sampaio.<\/p>\n<\/div>\n<\/div>\n<div class=\"wp-block-group\">\n<div class=\"wp-block-group__inner-container is-layout-constrained wp-block-group-is-layout-constrained\">\n<h2 class=\"wp-block-heading\" id=\"h-ler-e-viver\">Ler \u00e9 viver<\/h2>\n<figure class=\"wp-block-image size-large\"><img loading=\"lazy\" decoding=\"async\" width=\"1024\" height=\"768\" src=\"http:\/\/noticiasbahia360.com.br\/wp-content\/uploads\/2025\/07\/primeiro-encontro-literario-cafe-com-palavras-conceicao-do-jacuipe-foto-jefferson-araujoa-corda-cidade-25-1024x768-1.jpg\" alt=\"\" class=\"wp-image-577526\" srcset=\"https:\/\/uploads.acordacidade.com.br\/2025\/07\/primeiro-encontro-literario-cafe-com-palavras-conceicao-do-jacuipe-foto-jefferson-araujoa-corda-cidade-25-487x365.jpg 487w, http:\/\/noticiasbahia360.com.br\/wp-content\/uploads\/2025\/07\/primeiro-encontro-literario-cafe-com-palavras-conceicao-do-jacuipe-foto-jefferson-araujoa-corda-cidade-25-1024x768-1.jpg 1024w, https:\/\/uploads.acordacidade.com.br\/2025\/07\/primeiro-encontro-literario-cafe-com-palavras-conceicao-do-jacuipe-foto-jefferson-araujoa-corda-cidade-25-737x553.jpg 737w, https:\/\/uploads.acordacidade.com.br\/2025\/07\/primeiro-encontro-literario-cafe-com-palavras-conceicao-do-jacuipe-foto-jefferson-araujoa-corda-cidade-25-1536x1152.jpg 1536w, https:\/\/uploads.acordacidade.com.br\/2025\/07\/primeiro-encontro-literario-cafe-com-palavras-conceicao-do-jacuipe-foto-jefferson-araujoa-corda-cidade-25-150x113.jpg 150w, https:\/\/uploads.acordacidade.com.br\/2025\/07\/primeiro-encontro-literario-cafe-com-palavras-conceicao-do-jacuipe-foto-jefferson-araujoa-corda-cidade-25.jpg 1600w\" sizes=\"(max-width: 1024px) 100vw, 1024px\"><figcaption class=\"wp-element-caption\">Jacira Santos, bibliotec\u00e1ria | Foto: Jefferson Ara\u00fajo \/ Acorda Cidade <\/figcaption><\/figure>\n<p>O evento tamb\u00e9m contou com a participa\u00e7\u00e3o de Jacira Santos, uma experiente bibliotec\u00e1ria, que fez a leitura de um poema presente no livro \u201cMulher Poesia\u201d, obra que foi sorteada ap\u00f3s a leitura para uma pessoa da plateia. Ao Acorda Cidade, a profissional afirmou que o encontro \u00e9 um marco para a cidade, pois se prop\u00f5e a inventar a arte de ler.<\/p>\n<figure class=\"wp-block-image size-large\"><img loading=\"lazy\" decoding=\"async\" width=\"1024\" height=\"768\" src=\"http:\/\/noticiasbahia360.com.br\/wp-content\/uploads\/2025\/07\/jaciara-santos-primeiro-encontro-literario-cafe-com-palavras-conceicao-do-jacuipe-foto-jefferson-araujoa-corda-cidade-12-1024x768-1.jpg\" alt=\"\" class=\"wp-image-577539\" srcset=\"https:\/\/uploads.acordacidade.com.br\/2025\/07\/jaciara-santos-primeiro-encontro-literario-cafe-com-palavras-conceicao-do-jacuipe-foto-jefferson-araujoa-corda-cidade-12-487x365.jpg 487w, http:\/\/noticiasbahia360.com.br\/wp-content\/uploads\/2025\/07\/jaciara-santos-primeiro-encontro-literario-cafe-com-palavras-conceicao-do-jacuipe-foto-jefferson-araujoa-corda-cidade-12-1024x768-1.jpg 1024w, https:\/\/uploads.acordacidade.com.br\/2025\/07\/jaciara-santos-primeiro-encontro-literario-cafe-com-palavras-conceicao-do-jacuipe-foto-jefferson-araujoa-corda-cidade-12-737x553.jpg 737w, https:\/\/uploads.acordacidade.com.br\/2025\/07\/jaciara-santos-primeiro-encontro-literario-cafe-com-palavras-conceicao-do-jacuipe-foto-jefferson-araujoa-corda-cidade-12-1536x1152.jpg 1536w, https:\/\/uploads.acordacidade.com.br\/2025\/07\/jaciara-santos-primeiro-encontro-literario-cafe-com-palavras-conceicao-do-jacuipe-foto-jefferson-araujoa-corda-cidade-12-150x113.jpg 150w, https:\/\/uploads.acordacidade.com.br\/2025\/07\/jaciara-santos-primeiro-encontro-literario-cafe-com-palavras-conceicao-do-jacuipe-foto-jefferson-araujoa-corda-cidade-12.jpg 1600w\" sizes=\"(max-width: 1024px) 100vw, 1024px\"><figcaption class=\"wp-element-caption\">Foto: Jefferson Ara\u00fajo \/ Acorda Cidade <\/figcaption><\/figure>\n<p>\u201cEsse evento foi de grande import\u00e2ncia, at\u00e9 porque essa proposta de trazer um caf\u00e9 liter\u00e1rio faz com que a gente pense na possibilidade de outros encontros que venham promover a cultura local, incentivar a leitura e estar sempre promovendo a escrita, n\u00e3o s\u00f3 trazendo os escritores, mas tamb\u00e9m trazendo os jovens que trazem essa escrita \u00e0 tona nesses encontros\u201d, disse Jacira.<\/p>\n<figure class=\"wp-block-image size-large\"><img loading=\"lazy\" decoding=\"async\" width=\"1024\" height=\"768\" src=\"http:\/\/noticiasbahia360.com.br\/wp-content\/uploads\/2025\/07\/viliano-poeta-primeiro-encontro-literario-cafe-com-palavras-conceicao-do-jacuipe-foto-jefferson-araujoa-corda-cidade-3-1024x768-1.jpeg\" alt=\"\" class=\"wp-image-577550\" srcset=\"https:\/\/uploads.acordacidade.com.br\/2025\/07\/viliano-poeta-primeiro-encontro-literario-cafe-com-palavras-conceicao-do-jacuipe-foto-jefferson-araujoa-corda-cidade-3-487x365.jpeg 487w, http:\/\/noticiasbahia360.com.br\/wp-content\/uploads\/2025\/07\/viliano-poeta-primeiro-encontro-literario-cafe-com-palavras-conceicao-do-jacuipe-foto-jefferson-araujoa-corda-cidade-3-1024x768-1.jpeg 1024w, https:\/\/uploads.acordacidade.com.br\/2025\/07\/viliano-poeta-primeiro-encontro-literario-cafe-com-palavras-conceicao-do-jacuipe-foto-jefferson-araujoa-corda-cidade-3-737x553.jpeg 737w, https:\/\/uploads.acordacidade.com.br\/2025\/07\/viliano-poeta-primeiro-encontro-literario-cafe-com-palavras-conceicao-do-jacuipe-foto-jefferson-araujoa-corda-cidade-3-1536x1152.jpeg 1536w, https:\/\/uploads.acordacidade.com.br\/2025\/07\/viliano-poeta-primeiro-encontro-literario-cafe-com-palavras-conceicao-do-jacuipe-foto-jefferson-araujoa-corda-cidade-3-150x113.jpeg 150w, https:\/\/uploads.acordacidade.com.br\/2025\/07\/viliano-poeta-primeiro-encontro-literario-cafe-com-palavras-conceicao-do-jacuipe-foto-jefferson-araujoa-corda-cidade-3.jpeg 1600w\" sizes=\"(max-width: 1024px) 100vw, 1024px\"><figcaption class=\"wp-element-caption\">Viliano Poeta | Foto: Jefferson Ara\u00fajo \/ Acorda Cidade <\/figcaption><\/figure>\n<p>\u201cComo eu falei no in\u00edcio, foi um pontap\u00e9. Foi boa a ideia, porque foi um pontap\u00e9 para que a gente consiga movimentar essa parte liter\u00e1ria. Al\u00e9m de n\u00f3s que estamos aqui, dos que vieram hoje, tem outras pessoas que n\u00e3o vieram. Toda planta\u00e7\u00e3o, primeiro voc\u00ea aduba a terra, planta para depois colher. Aqui foi o plantar, ent\u00e3o futuramente n\u00f3s vamos colher os frutos desse evento\u201d, disse o escritor Viliano Poeta.<\/p>\n<\/div>\n<\/div>\n<div class=\"wp-block-group\">\n<div class=\"wp-block-group__inner-container is-layout-constrained wp-block-group-is-layout-constrained\">\n<h2 class=\"wp-block-heading\" id=\"h-a-leitura-e-uma-arte\">A leitura \u00e9 uma arte<\/h2>\n<p>Quem esteve presente no primeiro encontro liter\u00e1rio de Concei\u00e7\u00e3o do Jacu\u00edpe p\u00f4de acompanhar bem de perto o talento do ator, escritor e diretor de teatro Zez\u00e3o. O artista declamou poemas, fez encena\u00e7\u00f5es e p\u00f4de compartilhar um pouco da experi\u00eancia que ele tem com a literatura, \u00e1rea fundamental para a exist\u00eancia do teatro.<\/p>\n<figure class=\"wp-block-image size-large\"><img loading=\"lazy\" decoding=\"async\" width=\"1024\" height=\"768\" src=\"http:\/\/noticiasbahia360.com.br\/wp-content\/uploads\/2025\/07\/zezao-pereira-primeiro-encontro-literario-cafe-com-palavras-conceicao-do-jacuipe-foto-jefferson-araujoa-corda-cidade-5-1024x768-1.jpeg\" alt=\"\" class=\"wp-image-577551\" srcset=\"https:\/\/uploads.acordacidade.com.br\/2025\/07\/zezao-pereira-primeiro-encontro-literario-cafe-com-palavras-conceicao-do-jacuipe-foto-jefferson-araujoa-corda-cidade-5-487x365.jpeg 487w, http:\/\/noticiasbahia360.com.br\/wp-content\/uploads\/2025\/07\/zezao-pereira-primeiro-encontro-literario-cafe-com-palavras-conceicao-do-jacuipe-foto-jefferson-araujoa-corda-cidade-5-1024x768-1.jpeg 1024w, https:\/\/uploads.acordacidade.com.br\/2025\/07\/zezao-pereira-primeiro-encontro-literario-cafe-com-palavras-conceicao-do-jacuipe-foto-jefferson-araujoa-corda-cidade-5-737x553.jpeg 737w, https:\/\/uploads.acordacidade.com.br\/2025\/07\/zezao-pereira-primeiro-encontro-literario-cafe-com-palavras-conceicao-do-jacuipe-foto-jefferson-araujoa-corda-cidade-5-1536x1152.jpeg 1536w, https:\/\/uploads.acordacidade.com.br\/2025\/07\/zezao-pereira-primeiro-encontro-literario-cafe-com-palavras-conceicao-do-jacuipe-foto-jefferson-araujoa-corda-cidade-5-150x113.jpeg 150w, https:\/\/uploads.acordacidade.com.br\/2025\/07\/zezao-pereira-primeiro-encontro-literario-cafe-com-palavras-conceicao-do-jacuipe-foto-jefferson-araujoa-corda-cidade-5.jpeg 1600w\" sizes=\"(max-width: 1024px) 100vw, 1024px\"><figcaption class=\"wp-element-caption\">Zez\u00e3o Pereira | Foto: Jefferson Ara\u00fajo \/ Acorda Cidade <\/figcaption><\/figure>\n<p>\u201cN\u00e3o existe teatro sem literatura. Todos os grandes teatr\u00f3logos escreveram seus textos para poder ir para o palco. A literatura est\u00e1 intrinsecamente ligada, n\u00e3o s\u00f3 no teatro, mas \u00e0 vida de uma forma geral. O conhecimento s\u00f3 chega atrav\u00e9s da leitura. E, para se ler, \u00e9 necess\u00e1rio que haja liter\u00e1rios e a literatura est\u00e1 a\u00ed como pe\u00e7a de grande import\u00e2ncia para a vida da gente\u201d, disse Zez\u00e3o.<\/p>\n<figure class=\"wp-block-image size-large\"><img loading=\"lazy\" decoding=\"async\" width=\"1024\" height=\"768\" src=\"http:\/\/noticiasbahia360.com.br\/wp-content\/uploads\/2025\/07\/zezao-pereira-primeiro-encontro-literario-cafe-com-palavras-conceicao-do-jacuipe-foto-jefferson-araujoa-corda-cidade-5-1024x768-1.jpg\" alt=\"\" class=\"wp-image-577546\" srcset=\"https:\/\/uploads.acordacidade.com.br\/2025\/07\/zezao-pereira-primeiro-encontro-literario-cafe-com-palavras-conceicao-do-jacuipe-foto-jefferson-araujoa-corda-cidade-5-487x365.jpg 487w, http:\/\/noticiasbahia360.com.br\/wp-content\/uploads\/2025\/07\/zezao-pereira-primeiro-encontro-literario-cafe-com-palavras-conceicao-do-jacuipe-foto-jefferson-araujoa-corda-cidade-5-1024x768-1.jpg 1024w, https:\/\/uploads.acordacidade.com.br\/2025\/07\/zezao-pereira-primeiro-encontro-literario-cafe-com-palavras-conceicao-do-jacuipe-foto-jefferson-araujoa-corda-cidade-5-737x553.jpg 737w, https:\/\/uploads.acordacidade.com.br\/2025\/07\/zezao-pereira-primeiro-encontro-literario-cafe-com-palavras-conceicao-do-jacuipe-foto-jefferson-araujoa-corda-cidade-5-1536x1152.jpg 1536w, https:\/\/uploads.acordacidade.com.br\/2025\/07\/zezao-pereira-primeiro-encontro-literario-cafe-com-palavras-conceicao-do-jacuipe-foto-jefferson-araujoa-corda-cidade-5-150x113.jpg 150w, https:\/\/uploads.acordacidade.com.br\/2025\/07\/zezao-pereira-primeiro-encontro-literario-cafe-com-palavras-conceicao-do-jacuipe-foto-jefferson-araujoa-corda-cidade-5.jpg 1600w\" sizes=\"(max-width: 1024px) 100vw, 1024px\"><figcaption class=\"wp-element-caption\">Foto: Jefferson Ara\u00fajo \/ Acorda Cidade <\/figcaption><\/figure>\n<p>O professor e radialista Quirino compartilhou com a plateia a sua rela\u00e7\u00e3o com a literatura e a import\u00e2ncia do ato de ler na constru\u00e7\u00e3o e na transforma\u00e7\u00e3o de vida. Segundo o professor, incentivar a leitura \u00e9 uma das maiores heran\u00e7as que os pais podem deixar para os filhos. Ao Acorda Cidade, o dono da voz grave mais conhecida de Berimbau compartilhou um pouco da obra que est\u00e1 escrevendo no momento.<\/p>\n<figure class=\"wp-block-image size-large\"><img loading=\"lazy\" decoding=\"async\" width=\"1366\" height=\"768\" src=\"http:\/\/noticiasbahia360.com.br\/wp-content\/uploads\/2025\/07\/quitino-primeiro-encontro-literario-cafe-com-palavras-conceicao-do-jacuipe-foto-jefferson-araujoa-corda-cidade-22-1366x768-1.jpg\" alt=\"\" class=\"wp-image-577529\" srcset=\"https:\/\/uploads.acordacidade.com.br\/2025\/07\/quitino-primeiro-encontro-literario-cafe-com-palavras-conceicao-do-jacuipe-foto-jefferson-araujoa-corda-cidade-22-648x365.jpg 648w, https:\/\/uploads.acordacidade.com.br\/2025\/07\/quitino-primeiro-encontro-literario-cafe-com-palavras-conceicao-do-jacuipe-foto-jefferson-araujoa-corda-cidade-22-1536x864.jpg 1536w, https:\/\/uploads.acordacidade.com.br\/2025\/07\/quitino-primeiro-encontro-literario-cafe-com-palavras-conceicao-do-jacuipe-foto-jefferson-araujoa-corda-cidade-22-150x84.jpg 150w, https:\/\/uploads.acordacidade.com.br\/2025\/07\/quitino-primeiro-encontro-literario-cafe-com-palavras-conceicao-do-jacuipe-foto-jefferson-araujoa-corda-cidade-22.jpg 1920w\" sizes=\"(max-width: 1366px) 100vw, 1366px\"><figcaption class=\"wp-element-caption\">Quirino, professor, radialista e escritor | Foto: Jefferson Ara\u00fajo \/ Acorda Cidade <\/figcaption><\/figure>\n<p>\u201cO livro chamado Sementes e \u00c1rvores de Berimbau, que trata de todas as \u00e1reas geneal\u00f3gicas da funda\u00e7\u00e3o da cidade. Concei\u00e7\u00e3o do Jacu\u00edpe tem hist\u00f3ria e a gente tem que fazer isso. Eu fiz uma pesquisa com quase 200 fam\u00edlias que fizeram a constru\u00e7\u00e3o de Berimbau. Esse tipo de estudo \u00e9 importante para que os netos, bisnetos e tataranetos saibam de onde vieram, porque a cidade tem mais de 60 anos e precisa ser, no futuro, lembrada como surgiu\u201d, concluiu Quirino.<\/p>\n<\/div>\n<\/div>\n<div class=\"wp-block-group\">\n<div class=\"wp-block-group__inner-container is-layout-constrained wp-block-group-is-layout-constrained\">\n<h3 class=\"wp-block-heading\" id=\"h-confira-outras-fotos-do-evento\">Confira outras fotos do evento <\/h3>\n<div id=\"gallery_68878ba422b28\" class=\"seox-gallery-block template-gallery-grid my-5\">\n<div class=\"g-col-12 grid gap-1\">\n\t\t\t\t\t<a data-fancybox=\"gallery_68878ba422b28\" data-caption=\"Foto: Jefferson Ara\u00fajo \/ Acorda Cidade \" class=\"g-col-12 d-flex w-100 h-auto no-styled position-relative seox-gallery-item gallery-image-577547\" href=\"https:\/\/uploads.acordacidade.com.br\/2025\/07\/zezao-pereira-primeiro-encontro-literario-cafe-com-palavras-conceicao-do-jacuipe-foto-jefferson-araujoa-corda-cidade-4.jpg\"><\/p>\n<figure class=\"wp-caption alignnone img-fluid\"><img loading=\"lazy\" decoding=\"async\" width=\"960\" height=\"720\" src=\"http:\/\/noticiasbahia360.com.br\/wp-content\/uploads\/2025\/07\/zezao-pereira-primeiro-encontro-literario-cafe-com-palavras-conceicao-do-jacuipe-foto-jefferson-araujoa-corda-cidade-4-1536x1152-1.jpg\" class=\"aspect-16x9 w-100 h-auto fit-cover\" alt=\"Foto: Jefferson Ara\u00fajo \/ Acorda Cidade \" title=\"Foto: Jefferson Ara\u00fajo \/ Acorda Cidade \" srcset=\"http:\/\/noticiasbahia360.com.br\/wp-content\/uploads\/2025\/07\/zezao-pereira-primeiro-encontro-literario-cafe-com-palavras-conceicao-do-jacuipe-foto-jefferson-araujoa-corda-cidade-4-1536x1152-1.jpg 1200w\" sizes=\"100vw\"><figcaption class=\"wp-caption-text\">Foto: Jefferson Ara\u00fajo \/ Acorda Cidade <\/figcaption><\/figure>\n<p>\t\t\t<\/a><br \/>\n\t\t\t\t\t\t<a data-fancybox=\"gallery_68878ba422b28\" data-caption=\"Foto: Jefferson Ara\u00fajo \/ Acorda Cidade \" class=\"g-col-6 lg:g-col-3 d-flex w-100 h-auto no-styled position-relative seox-gallery-item gallery-image-577549\" href=\"https:\/\/uploads.acordacidade.com.br\/2025\/07\/viliano-poeta-primeiro-encontro-literario-cafe-com-palavras-conceicao-do-jacuipe-foto-jefferson-araujoa-corda-cidade-1.jpg\"><br \/>\n\t\t\t<img loading=\"lazy\" decoding=\"async\" width=\"400\" height=\"300\" src=\"http:\/\/noticiasbahia360.com.br\/wp-content\/uploads\/2025\/07\/viliano-poeta-primeiro-encontro-literario-cafe-com-palavras-conceicao-do-jacuipe-foto-jefferson-araujoa-corda-cidade-1-737x553-1.jpg\" class=\"aspect-16x9 lg:aspect-1x1 w-100 h-auto fit-cover\" alt=\"Foto: Jefferson Ara\u00fajo \/ Acorda Cidade \" title=\"Foto: Jefferson Ara\u00fajo \/ Acorda Cidade \" srcset=\"http:\/\/noticiasbahia360.com.br\/wp-content\/uploads\/2025\/07\/viliano-poeta-primeiro-encontro-literario-cafe-com-palavras-conceicao-do-jacuipe-foto-jefferson-araujoa-corda-cidade-1-737x553-1.jpg 1200w\" sizes=\"100vw\">\t\t\t<\/a><br \/>\n\t\t\t\t\t\t<a data-fancybox=\"gallery_68878ba422b28\" data-caption=\"Foto: Jefferson Ara\u00fajo \/ Acorda Cidade \" class=\"g-col-6 lg:g-col-3 d-flex w-100 h-auto no-styled position-relative seox-gallery-item gallery-image-577544\" href=\"https:\/\/uploads.acordacidade.com.br\/2025\/07\/primeiro-encontro-literario-cafe-com-palavras-conceicao-do-jacuipe-foto-jefferson-araujoa-corda-cidade-7.jpg\"><br \/>\n\t\t\t<img loading=\"lazy\" decoding=\"async\" width=\"400\" height=\"300\" src=\"http:\/\/noticiasbahia360.com.br\/wp-content\/uploads\/2025\/07\/primeiro-encontro-literario-cafe-com-palavras-conceicao-do-jacuipe-foto-jefferson-araujoa-corda-cidade-7-737x553-1.jpg\" class=\"aspect-16x9 lg:aspect-1x1 w-100 h-auto fit-cover\" alt=\"Foto: Jefferson Ara\u00fajo \/ Acorda Cidade \" title=\"Foto: Jefferson Ara\u00fajo \/ Acorda Cidade \" srcset=\"http:\/\/noticiasbahia360.com.br\/wp-content\/uploads\/2025\/07\/primeiro-encontro-literario-cafe-com-palavras-conceicao-do-jacuipe-foto-jefferson-araujoa-corda-cidade-7-737x553-1.jpg 1200w\" sizes=\"100vw\">\t\t\t<\/a><br \/>\n\t\t\t\t\t\t<a data-fancybox=\"gallery_68878ba422b28\" data-caption=\"Foto: Jefferson Ara\u00fajo \/ Acorda Cidade \" class=\"g-col-6 lg:g-col-3 d-flex w-100 h-auto no-styled position-relative seox-gallery-item gallery-image-577545\" href=\"https:\/\/uploads.acordacidade.com.br\/2025\/07\/primeiro-encontro-literario-cafe-com-palavras-conceicao-do-jacuipe-foto-jefferson-araujoa-corda-cidade-6.jpg\"><br \/>\n\t\t\t<img loading=\"lazy\" decoding=\"async\" width=\"400\" height=\"300\" src=\"http:\/\/noticiasbahia360.com.br\/wp-content\/uploads\/2025\/07\/primeiro-encontro-literario-cafe-com-palavras-conceicao-do-jacuipe-foto-jefferson-araujoa-corda-cidade-6-737x553-1.jpg\" class=\"aspect-16x9 lg:aspect-1x1 w-100 h-auto fit-cover\" alt=\"Foto: Jefferson Ara\u00fajo \/ Acorda Cidade \" title=\"Foto: Jefferson Ara\u00fajo \/ Acorda Cidade \" srcset=\"http:\/\/noticiasbahia360.com.br\/wp-content\/uploads\/2025\/07\/primeiro-encontro-literario-cafe-com-palavras-conceicao-do-jacuipe-foto-jefferson-araujoa-corda-cidade-6-737x553-1.jpg 1200w\" sizes=\"100vw\">\t\t\t<\/a><br \/>\n\t\t\t\t\t\t<a data-fancybox=\"gallery_68878ba422b28\" data-caption=\"Foto: Jefferson Ara\u00fajo \/ Acorda Cidade \" class=\"g-col-6 lg:g-col-3 d-flex w-100 h-auto no-styled position-relative seox-gallery-item gallery-image-577543\" href=\"https:\/\/uploads.acordacidade.com.br\/2025\/07\/primeiro-encontro-literario-cafe-com-palavras-conceicao-do-jacuipe-foto-jefferson-araujoa-corda-cidade-8.jpg\"><br \/>\n\t\t\t\t\t\t\t<span class=\"image-count-overlay d-none fs-2 lg:fs-5\">+8 imagens<\/span><br \/>\n\t\t\t\t<img loading=\"lazy\" decoding=\"async\" width=\"400\" height=\"300\" src=\"http:\/\/noticiasbahia360.com.br\/wp-content\/uploads\/2025\/07\/primeiro-encontro-literario-cafe-com-palavras-conceicao-do-jacuipe-foto-jefferson-araujoa-corda-cidade-8-737x553-1.jpg\" class=\"aspect-16x9 lg:aspect-1x1 w-100 h-auto fit-cover\" alt=\"Foto: Jefferson Ara\u00fajo \/ Acorda Cidade \" title=\"Foto: Jefferson Ara\u00fajo \/ Acorda Cidade \" srcset=\"http:\/\/noticiasbahia360.com.br\/wp-content\/uploads\/2025\/07\/primeiro-encontro-literario-cafe-com-palavras-conceicao-do-jacuipe-foto-jefferson-araujoa-corda-cidade-8-737x553-1.jpg 1200w\" sizes=\"100vw\">\t\t\t<\/a><br \/>\n\t\t\t\t\t\t\t<a data-fancybox=\"gallery_68878ba422b28\" data-caption=\"Foto: Jefferson Ara\u00fajo \/ Acorda Cidade \" class=\"d-none seox-gallery-item gallery-image-577542\" href=\"https:\/\/uploads.acordacidade.com.br\/2025\/07\/primeiro-encontro-literario-cafe-com-palavras-conceicao-do-jacuipe-foto-jefferson-araujoa-corda-cidade-9.jpg\"><\/a><br \/>\n\t\t\t\t\t\t\t\t<a data-fancybox=\"gallery_68878ba422b28\" data-caption=\"Foto: Jefferson Ara\u00fajo \/ Acorda Cidade \" class=\"d-none seox-gallery-item gallery-image-577538\" href=\"https:\/\/uploads.acordacidade.com.br\/2025\/07\/primeiro-encontro-literario-cafe-com-palavras-conceicao-do-jacuipe-foto-jefferson-araujoa-corda-cidade-13.jpg\"><\/a><br \/>\n\t\t\t\t\t\t\t\t<a data-fancybox=\"gallery_68878ba422b28\" data-caption=\"Foto: Jefferson Ara\u00fajo \/ Acorda Cidade \" class=\"d-none seox-gallery-item gallery-image-577533\" href=\"https:\/\/uploads.acordacidade.com.br\/2025\/07\/tina-maia-primeiro-encontro-literario-cafe-com-palavras-conceicao-do-jacuipe-foto-jefferson-araujoa-corda-cidade-18.jpg\"><\/a><br \/>\n\t\t\t\t\t\t\t\t<a data-fancybox=\"gallery_68878ba422b28\" data-caption=\"Foto: Jefferson Ara\u00fajo \/ Acorda Cidade \" class=\"d-none seox-gallery-item gallery-image-577534\" href=\"https:\/\/uploads.acordacidade.com.br\/2025\/07\/primeiro-encontro-literario-cafe-com-palavras-conceicao-do-jacuipe-foto-jefferson-araujoa-corda-cidade-17.jpg\"><\/a><br \/>\n\t\t\t\t\t\t\t\t<a data-fancybox=\"gallery_68878ba422b28\" data-caption=\"Foto: Jefferson Ara\u00fajo \/ Acorda Cidade \" class=\"d-none seox-gallery-item gallery-image-577535\" href=\"https:\/\/uploads.acordacidade.com.br\/2025\/07\/primeiro-encontro-literario-cafe-com-palavras-conceicao-do-jacuipe-foto-jefferson-araujoa-corda-cidade-16.jpg\"><\/a><br \/>\n\t\t\t\t\t\t\t\t<a data-fancybox=\"gallery_68878ba422b28\" data-caption=\"Foto: Jefferson Ara\u00fajo \/ Acorda Cidade \" class=\"d-none seox-gallery-item gallery-image-577537\" href=\"https:\/\/uploads.acordacidade.com.br\/2025\/07\/primeiro-encontro-literario-cafe-com-palavras-conceicao-do-jacuipe-foto-jefferson-araujoa-corda-cidade-14.jpg\"><\/a><br \/>\n\t\t\t\t\t\t\t\t<a data-fancybox=\"gallery_68878ba422b28\" data-caption=\"Foto: Jefferson Ara\u00fajo \/ Acorda Cidade \" class=\"d-none seox-gallery-item gallery-image-577532\" href=\"http:\/\/noticiasbahia360.com.br\/wp-content\/uploads\/2025\/07\/primeiro-encontro-literario-cafe-com-palavras-conceicao-do-jacuipe-foto-jefferson-araujoa-corda-cidade-19.jpg\"><\/a>\n\t\t\t\t\t<\/div>\n<\/div>\n<\/div>\n<\/div>\n<div class=\"wp-block-group\">\n<div class=\"wp-block-group__inner-container is-layout-constrained wp-block-group-is-layout-constrained\">\n<p><em>Reportagem escrita pelo estagi\u00e1rio de jornalismo Jefferson Ara\u00fajo sob supervis\u00e3o\u00a0<\/em><\/p>\n<p><em>Siga o Acorda Cidade no<\/em><a href=\"https:\/\/news.google.com\/search?q=acorda%20cidade&amp;hl=pt-BR&amp;gl=BR&amp;ceid=BR%3Apt-419\"><strong><em>\u00a0Google Not\u00edcias<\/em><\/strong><\/a><em>\u00a0e receba os principais destaques do dia. Participe tamb\u00e9m dos nossos canais no\u00a0<\/em><a href=\"https:\/\/www.whatsapp.com\/channel\/0029Va6Rb4v3WHTNnsh8WI3N\"><strong><em>WhatsApp<\/em><\/strong><\/a><em>\u00a0e\u00a0<\/em><a href=\"https:\/\/www.youtube.com\/@acordacidadenoticias\/videos\"><strong>Youtube<\/strong><\/a><em>\u00a0e grupo de\u00a0<\/em><a href=\"https:\/\/t.me\/+sSz0khrgARA0ZmRh\"><strong><em>Telegram<\/em><\/strong><\/a><\/p>\n<\/div>\n<\/div>\n<\/div>\n","protected":false},"excerpt":{"rendered":"<div>\n<div>\n<figure><img decoding=\"async\" src=\"https:\/\/uploads.acordacidade.com.br\/2025\/07\/primeiro-encontro-literario-cafe-com-palavras-conceicao-do-jacuipe-foto-jefferson-araujoa-corda-cidade-19.jpg\" alt=\"\"><figcaption>Foto: Jefferson Ara\u00fajo \/ Acorda Cidade <\/figcaption><\/figure>\n<\/div>\n<p>O evento reuniu diversos escritores locais, artistas, professores, alunos, autoridades e admiradores da arte de ler.<\/p><\/div>\n","protected":false},"author":1,"featured_media":94883,"comment_status":"closed","ping_status":"closed","sticky":false,"template":"","format":"gallery","meta":{"footnotes":""},"categories":[8,9,6,57,56,10],"tags":[],"class_list":["post-94882","post","type-post","status-publish","format-gallery","has-post-thumbnail","hentry","category-bahia","category-brasil","category-feira-de-santana","category-mundo","category-policia","category-politica","post_format-post-format-gallery"],"featured_image_urls":{"full":["https:\/\/noticiasbahia360.com.br\/wp-content\/uploads\/2025\/07\/primeiro-encontro-literario-cafe-com-palavras-conceicao-do-jacuipe-foto-jefferson-araujoa-corda-cidade-19.jpg",1920,1080,false],"thumbnail":["https:\/\/noticiasbahia360.com.br\/wp-content\/uploads\/2025\/07\/primeiro-encontro-literario-cafe-com-palavras-conceicao-do-jacuipe-foto-jefferson-araujoa-corda-cidade-19-150x150.jpg",150,150,true],"medium":["https:\/\/noticiasbahia360.com.br\/wp-content\/uploads\/2025\/07\/primeiro-encontro-literario-cafe-com-palavras-conceicao-do-jacuipe-foto-jefferson-araujoa-corda-cidade-19-300x169.jpg",300,169,true],"medium_large":["https:\/\/noticiasbahia360.com.br\/wp-content\/uploads\/2025\/07\/primeiro-encontro-literario-cafe-com-palavras-conceicao-do-jacuipe-foto-jefferson-araujoa-corda-cidade-19-768x432.jpg",640,360,true],"large":["https:\/\/noticiasbahia360.com.br\/wp-content\/uploads\/2025\/07\/primeiro-encontro-literario-cafe-com-palavras-conceicao-do-jacuipe-foto-jefferson-araujoa-corda-cidade-19-1024x576.jpg",640,360,true],"1536x1536":["https:\/\/noticiasbahia360.com.br\/wp-content\/uploads\/2025\/07\/primeiro-encontro-literario-cafe-com-palavras-conceicao-do-jacuipe-foto-jefferson-araujoa-corda-cidade-19-1536x864.jpg",1536,864,true],"2048x2048":["https:\/\/noticiasbahia360.com.br\/wp-content\/uploads\/2025\/07\/primeiro-encontro-literario-cafe-com-palavras-conceicao-do-jacuipe-foto-jefferson-araujoa-corda-cidade-19.jpg",1920,1080,false],"chromenews-featured":["https:\/\/noticiasbahia360.com.br\/wp-content\/uploads\/2025\/07\/primeiro-encontro-literario-cafe-com-palavras-conceicao-do-jacuipe-foto-jefferson-araujoa-corda-cidade-19-1024x576.jpg",1024,576,true],"chromenews-large":["https:\/\/noticiasbahia360.com.br\/wp-content\/uploads\/2025\/07\/primeiro-encontro-literario-cafe-com-palavras-conceicao-do-jacuipe-foto-jefferson-araujoa-corda-cidade-19-825x575.jpg",825,575,true],"chromenews-medium":["https:\/\/noticiasbahia360.com.br\/wp-content\/uploads\/2025\/07\/primeiro-encontro-literario-cafe-com-palavras-conceicao-do-jacuipe-foto-jefferson-araujoa-corda-cidade-19-590x410.jpg",590,410,true]},"author_info":{"display_name":"noticiasbahia360.com.br","author_link":"https:\/\/noticiasbahia360.com.br\/?author=1"},"category_info":"<a href=\"https:\/\/noticiasbahia360.com.br\/?cat=8\" rel=\"category\">Bahia<\/a> <a href=\"https:\/\/noticiasbahia360.com.br\/?cat=9\" rel=\"category\">Brasil<\/a> <a href=\"https:\/\/noticiasbahia360.com.br\/?cat=6\" rel=\"category\">Feira de Santana<\/a> <a href=\"https:\/\/noticiasbahia360.com.br\/?cat=57\" rel=\"category\">Mundo<\/a> <a href=\"https:\/\/noticiasbahia360.com.br\/?cat=56\" rel=\"category\">Pol\u00edcia<\/a> <a href=\"https:\/\/noticiasbahia360.com.br\/?cat=10\" rel=\"category\">Pol\u00edtica<\/a>","tag_info":"Pol\u00edtica","comment_count":"0","_links":{"self":[{"href":"https:\/\/noticiasbahia360.com.br\/index.php?rest_route=\/wp\/v2\/posts\/94882","targetHints":{"allow":["GET"]}}],"collection":[{"href":"https:\/\/noticiasbahia360.com.br\/index.php?rest_route=\/wp\/v2\/posts"}],"about":[{"href":"https:\/\/noticiasbahia360.com.br\/index.php?rest_route=\/wp\/v2\/types\/post"}],"author":[{"embeddable":true,"href":"https:\/\/noticiasbahia360.com.br\/index.php?rest_route=\/wp\/v2\/users\/1"}],"replies":[{"embeddable":true,"href":"https:\/\/noticiasbahia360.com.br\/index.php?rest_route=%2Fwp%2Fv2%2Fcomments&post=94882"}],"version-history":[{"count":0,"href":"https:\/\/noticiasbahia360.com.br\/index.php?rest_route=\/wp\/v2\/posts\/94882\/revisions"}],"wp:featuredmedia":[{"embeddable":true,"href":"https:\/\/noticiasbahia360.com.br\/index.php?rest_route=\/wp\/v2\/media\/94883"}],"wp:attachment":[{"href":"https:\/\/noticiasbahia360.com.br\/index.php?rest_route=%2Fwp%2Fv2%2Fmedia&parent=94882"}],"wp:term":[{"taxonomy":"category","embeddable":true,"href":"https:\/\/noticiasbahia360.com.br\/index.php?rest_route=%2Fwp%2Fv2%2Fcategories&post=94882"},{"taxonomy":"post_tag","embeddable":true,"href":"https:\/\/noticiasbahia360.com.br\/index.php?rest_route=%2Fwp%2Fv2%2Ftags&post=94882"}],"curies":[{"name":"wp","href":"https:\/\/api.w.org\/{rel}","templated":true}]}}