{"id":94900,"date":"2025-07-28T11:55:51","date_gmt":"2025-07-28T14:55:51","guid":{"rendered":"https:\/\/noticiasbahia360.com.br\/?p=94900"},"modified":"2025-07-28T11:55:51","modified_gmt":"2025-07-28T14:55:51","slug":"requalificacao-da-praca-do-tropeiro-e-iniciada-nesta-segunda-28-com-investimento-estimado-em-r-1-milhao","status":"publish","type":"post","link":"https:\/\/noticiasbahia360.com.br\/?p=94900","title":{"rendered":"Requalifica\u00e7\u00e3o da Pra\u00e7a do Tropeiro \u00e9 iniciada nesta segunda (28) com investimento estimado em R$ 1 milh\u00e3o"},"content":{"rendered":"<div>\n<div>\n<figure><img decoding=\"async\" src=\"http:\/\/noticiasbahia360.com.br\/wp-content\/uploads\/2025\/07\/requalificacao-praca-do-tropeiro-foto-paulo-jose-acorda-cidade.jpg\" alt=\"Ordem de servi\u00e7o e inicio das obras da Pra\u00e7a do Tropeiro\"><figcaption>Foto: Paulo Jos\u00e9\/Acorda Cidade<\/figcaption><\/figure>\n<\/div>\n<p>Foi assinada na manh\u00e3 desta segunda-feira (28) a ordem de servi\u00e7o para requalifica\u00e7\u00e3o da Pra\u00e7a do Tropeiro, localizada no Centro de <a href=\"https:\/\/www.acordacidade.com.br\/tag\/feira-de-santana\/\">Feira de Santana<\/a>. A pra\u00e7a foi constru\u00edda em fevereiro de 2002, fica na rua P\u00f4rto Velho, ponto estrat\u00e9gico pr\u00f3ximo ao Centro de Abastecimento, Shopping Popular, al\u00e9m de ser um dos principais pontos de chegada dos moradores dos distritos de Feira.<\/p>\n<p><strong>Atendendo \u00e0s reivindica\u00e7\u00f5es da popula\u00e7\u00e3o e comerciantes dos arredores, a obra que j\u00e1 iniciou hoje, visa tornar o ambiente mais seguro e confort\u00e1vel.<\/strong> Durante o evento de assinatura da ordem de servi\u00e7o, o prefeito conversou com a reportagem do Acorda Cidade sobre a expectativa para a restaura\u00e7\u00e3o do local.<\/p>\n<figure class=\"wp-block-image size-full\"><img fetchpriority=\"high\" fetchpriority=\"high\" decoding=\"async\" width=\"1200\" height=\"554\" src=\"http:\/\/noticiasbahia360.com.br\/wp-content\/uploads\/2025\/07\/requalificacao-praca-do-tropeiro-foto-paulo-jose-acorda-cidade-1.jpg\" alt=\"Ordem de servi\u00e7o e inicio das obras da Pra\u00e7a do Tropeiro\" class=\"wp-image-577562\" srcset=\"https:\/\/uploads.acordacidade.com.br\/2025\/07\/requalificacao-praca-do-tropeiro-foto-paulo-jose-acorda-cidade-1-648x299.jpg 648w, https:\/\/uploads.acordacidade.com.br\/2025\/07\/requalificacao-praca-do-tropeiro-foto-paulo-jose-acorda-cidade-1-984x454.jpg 984w, https:\/\/uploads.acordacidade.com.br\/2025\/07\/requalificacao-praca-do-tropeiro-foto-paulo-jose-acorda-cidade-1-150x69.jpg 150w, http:\/\/noticiasbahia360.com.br\/wp-content\/uploads\/2025\/07\/requalificacao-praca-do-tropeiro-foto-paulo-jose-acorda-cidade-1.jpg 1200w\" sizes=\"(max-width: 1200px) 100vw, 1200px\"><figcaption class=\"wp-element-caption\">Foto: Paulo Jos\u00e9\/Acorda Cidade<\/figcaption><\/figure>\n<p>\u201cVoc\u00ea v\u00ea aqui a import\u00e2ncia desse espa\u00e7o aqui para essa imensa regi\u00e3o, carregado de empresas comerciais e esses pequenos trabalhadores\u00a0 desses pontos comerciais que fomos n\u00f3s que constru\u00edmos em fevereiro de 2002. E hoje aqui n\u00f3s estamos dando uma ordem de servi\u00e7o para a completa restaura\u00e7\u00e3o dessa pra\u00e7a com algumas novidades.\u201d<\/p>\n<p>O prefeito explicou que para chegar \u00e0 conclus\u00e3o do que precisaria ser feito para melhorar o local, foi necess\u00e1rio ouvir as pessoas, e para esta a\u00e7\u00e3o contou com a ajuda do jornalista J\u00e2nio R\u00eago que ecoou as reinvindica\u00e7\u00f5es.<\/p>\n<blockquote class=\"wp-block-quote is-layout-flow wp-block-quote-is-layout-flow\">\n<p>\u201cAs novidades foram frutos de ouvir pessoas. Eu quero aqui dizer que J\u00e2nio me ajudou neste ouvir as pessoas aqui para poder fazer isso. N\u00f3s vamos aqui ter um espa\u00e7o para aumentar o n\u00famero de carros estacionados aqui. Ent\u00e3o com essa obra que vai ser feita vai melhorar o estacionamento aqui da regi\u00e3o, vai permitir um espa\u00e7o vivo, atuante, gostoso do samba de roda, um espa\u00e7o melhor, mais moderno, a parte higi\u00eanica, sanit\u00e1rios totalmente reconstru\u00eddo, o monumento do tropeiro 100% mantido e preservado.\u201d<\/p>\n<\/blockquote>\n<p>O prefeito salientou tamb\u00e9m que a obra na pra\u00e7a do tropeiro faz parte de um conjunto de a\u00e7\u00f5es para solucionar transtornos que surgiram com o tempo.<\/p>\n<p>\u201cS\u00e3o obras que est\u00e3o chegando aqui com o objetivo de revigorar essa regi\u00e3o de Feira de Santana. Revigorar o nosso centro de abastecimento, melhorar o shopping popular, para os comerciantes da pr\u00f3pria pra\u00e7a do tropeiro e para os comerciantes ao retorno da pra\u00e7a.\u201d destacou Jos\u00e9 Ronaldo.<\/p>\n<figure class=\"wp-block-image size-full\"><img decoding=\"async\" width=\"1200\" height=\"554\" src=\"http:\/\/noticiasbahia360.com.br\/wp-content\/uploads\/2025\/07\/requalificacao-praca-do-tropeiro-foto-paulo-jose-acorda-cidade-3.jpg\" alt=\"Ordem de servi\u00e7o e inicio das obras da Pra\u00e7a do Tropeiro\" class=\"wp-image-577560\" srcset=\"https:\/\/uploads.acordacidade.com.br\/2025\/07\/requalificacao-praca-do-tropeiro-foto-paulo-jose-acorda-cidade-3-648x299.jpg 648w, https:\/\/uploads.acordacidade.com.br\/2025\/07\/requalificacao-praca-do-tropeiro-foto-paulo-jose-acorda-cidade-3-984x454.jpg 984w, https:\/\/uploads.acordacidade.com.br\/2025\/07\/requalificacao-praca-do-tropeiro-foto-paulo-jose-acorda-cidade-3-150x69.jpg 150w, http:\/\/noticiasbahia360.com.br\/wp-content\/uploads\/2025\/07\/requalificacao-praca-do-tropeiro-foto-paulo-jose-acorda-cidade-3.jpg 1200w\" sizes=\"(max-width: 1200px) 100vw, 1200px\"><figcaption class=\"wp-element-caption\">Foto: Paulo Jos\u00e9\/Acorda Cidade<\/figcaption><\/figure>\n<p>O jornalista J\u00e2nio R\u00eago esteve tamb\u00e9m na pra\u00e7a no momento da assinatura da ordem de servi\u00e7o. Em entrevista ao Acorda Cidade, ele falou sobre a relev\u00e2ncia que o local tem para quem reside nos distritos da cidade.<\/p>\n<blockquote class=\"wp-block-quote is-layout-flow wp-block-quote-is-layout-flow\">\n<p>\u201cA Pra\u00e7a do Tropeiro \u00e9 a pra\u00e7a dos distritos de feira e o poder p\u00fablico voltando a olhar para essa pra\u00e7a, est\u00e1 voltando a olhar para todos os distritos. O projeto \u00e9 muito bonito, contempla a arte, contempla o samba e contempla os comerciantes locais, o pessoal que vende nos quiosques, tamb\u00e9m o transporte p\u00fablico para os distritos que se concentram, fazem daqui um terminal espont\u00e2neo.\u201d<\/p>\n<\/blockquote>\n<p>O jornalista acrescentou que a reivindica\u00e7\u00e3o abra\u00e7ada por ele a respeito da reforma da Pra\u00e7a do Tropeiro, parte do ponto da identidade que ele sente pela cidade onde reside e residiu pela maior parte da vida.<\/p>\n<p>\u201cEu tenho mais tempo de Bahia do que do Rio Grande do Norte, onde eu nasci. Me identifico com Feira e Feira \u00e9 uma cidade rural. Tem uma escultura aqui que todo mundo devia da cidade vir e olhar, que \u00e9 o Tropeiro e a Mula Madrinha. Uma escultura bel\u00edssima, que todo mundo deve vir e conhecer.\u201d<\/p>\n<figure class=\"wp-block-image size-full\"><img decoding=\"async\" width=\"1200\" height=\"686\" src=\"http:\/\/noticiasbahia360.com.br\/wp-content\/uploads\/2025\/07\/requalificacao-praca-do-tropeiro-foto-paulo-jose-acorda-cidade-2.jpg\" alt=\"Ordem de servi\u00e7o e inicio das obras da Pra\u00e7a do Tropeiro\" class=\"wp-image-577561\" srcset=\"https:\/\/uploads.acordacidade.com.br\/2025\/07\/requalificacao-praca-do-tropeiro-foto-paulo-jose-acorda-cidade-2-638x365.jpg 638w, https:\/\/uploads.acordacidade.com.br\/2025\/07\/requalificacao-praca-do-tropeiro-foto-paulo-jose-acorda-cidade-2-967x553.jpg 967w, https:\/\/uploads.acordacidade.com.br\/2025\/07\/requalificacao-praca-do-tropeiro-foto-paulo-jose-acorda-cidade-2-150x86.jpg 150w, http:\/\/noticiasbahia360.com.br\/wp-content\/uploads\/2025\/07\/requalificacao-praca-do-tropeiro-foto-paulo-jose-acorda-cidade-2.jpg 1200w\" sizes=\"(max-width: 1200px) 100vw, 1200px\"><figcaption class=\"wp-element-caption\">Foto: Paulo Jos\u00e9\/Acorda Cidade<\/figcaption><\/figure>\n<p>Na a\u00e7\u00e3o esteve presente o superintendente municipal de opera\u00e7\u00f5es e manuten\u00e7\u00e3o, Jo\u00e3o Vianey. Ele explicou \u00e0 reportagem do Acorda Cidade que as obras come\u00e7am de imediato.<\/p>\n<p>\u201cNossas equipes j\u00e1 est\u00e3o mobilizadas. N\u00f3s temos agora uma condi\u00e7\u00e3o de tempo, a previs\u00e3o \u00e9 uma melhora e isso facilita nosso trabalho. A Seplan elaborou esse projeto, est\u00e1 sendo feita essa an\u00e1lise completa. N\u00f3s temos, al\u00e9m diretamente da pra\u00e7a, todo o entorno de interven\u00e7\u00f5es de drenagem, a parte de esgoto tamb\u00e9m, que tem uma complexidade aqui, vai ser feita.\u201d<\/p>\n<p>Segundo o superintendente as obras de interven\u00e7\u00e3o ir\u00e3o abranger n\u00e3o apenas a pra\u00e7a, mas tudo o que faz parte do seu entorno, inclusive os boxes.<\/p>\n<blockquote class=\"wp-block-quote is-layout-flow wp-block-quote-is-layout-flow\">\n<p>\u201c\u00c9 toda a interven\u00e7\u00e3o da infraestrutura da pra\u00e7a, das barracas, arena dos eventos, organizando e ordenando a parada dos \u00f4nibus, micro-\u00f4nibus, seja dos distritos, seja de outros munic\u00edpios. N\u00f3s temos algumas condi\u00e7\u00f5es estruturais bem comprometidas especialmente de \u00e1gua esgoto que ser\u00e3o totalmente recuperadas. O sanit\u00e1rio previsto na pra\u00e7a, e a\u00ed a Setdec tem acompanhado isso para como ser a gest\u00e3o posterior. Ser\u00e1 totalmente requalificado e refor\u00e7ado essas instala\u00e7\u00f5es para ter uma vida \u00fatil melhor e um cuidado maior.\u201d<\/p>\n<\/blockquote>\n<figure class=\"wp-block-image size-full\"><img decoding=\"async\" width=\"1200\" height=\"554\" src=\"http:\/\/noticiasbahia360.com.br\/wp-content\/uploads\/2025\/07\/requalificacao-praca-do-tropeiro-foto-paulo-jose-acorda-cidade-4.jpg\" alt=\"Ordem de servi\u00e7o e inicio das obras da Pra\u00e7a do Tropeiro\" class=\"wp-image-577569\" srcset=\"https:\/\/uploads.acordacidade.com.br\/2025\/07\/requalificacao-praca-do-tropeiro-foto-paulo-jose-acorda-cidade-4-648x299.jpg 648w, https:\/\/uploads.acordacidade.com.br\/2025\/07\/requalificacao-praca-do-tropeiro-foto-paulo-jose-acorda-cidade-4-984x454.jpg 984w, https:\/\/uploads.acordacidade.com.br\/2025\/07\/requalificacao-praca-do-tropeiro-foto-paulo-jose-acorda-cidade-4-150x69.jpg 150w, http:\/\/noticiasbahia360.com.br\/wp-content\/uploads\/2025\/07\/requalificacao-praca-do-tropeiro-foto-paulo-jose-acorda-cidade-4.jpg 1200w\" sizes=\"(max-width: 1200px) 100vw, 1200px\"><figcaption class=\"wp-element-caption\">Foto: Paulo Jos\u00e9\/Acorda Cidade<\/figcaption><\/figure>\n<p>Segundo Jo\u00e3o Vianney a estimativa de investimento gira em torno de 1 milh\u00e3o de reais e a previs\u00e3o \u00e9 de 6 meses para a conclus\u00e3o da obra.\u00a0 Durante este per\u00edodo algumas partes ficar\u00e3o interditadas.<\/p>\n<p>\u201cO in\u00edcio \u00e9 imediato, n\u00f3s temos uma estimativa de seis meses, contamos obviamente com a compreens\u00e3o e o cuidado de todo mundo que est\u00e1 aqui, obviamente vai exigir fechamento de alguns espa\u00e7os, obstru\u00e7\u00e3o de algumas a\u00e7\u00f5es aqui temporariamente,mas obviamente teremos um ganho para toda a comunidade de Feira\u201d, concluiu o superintendente.<\/p>\n<p>Para celebrar o in\u00edcio das interven\u00e7\u00f5es, artistas locais, sambadores, fizeram uma apresenta\u00e7\u00e3o no local, cantando m\u00fasicas que ressaltam a import\u00e2ncia hist\u00f3rica dos tropeiros para o crescimento de Feira de Santana.<\/p>\n<figure class=\"wp-block-image size-large\"><img loading=\"lazy\" decoding=\"async\" width=\"1152\" height=\"768\" src=\"http:\/\/noticiasbahia360.com.br\/wp-content\/uploads\/2025\/07\/requalificacao-praca-do-tropeiro-foto-paulo-jose-acorda-cidade-6-1152x768-1.jpg\" alt=\"Ordem de servi\u00e7o e inicio das obras da Pra\u00e7a do Tropeiro\" class=\"wp-image-577571\" srcset=\"https:\/\/uploads.acordacidade.com.br\/2025\/07\/requalificacao-praca-do-tropeiro-foto-paulo-jose-acorda-cidade-6-548x365.jpg 548w, http:\/\/noticiasbahia360.com.br\/wp-content\/uploads\/2025\/07\/requalificacao-praca-do-tropeiro-foto-paulo-jose-acorda-cidade-6-1152x768-1.jpg 1152w, https:\/\/uploads.acordacidade.com.br\/2025\/07\/requalificacao-praca-do-tropeiro-foto-paulo-jose-acorda-cidade-6-830x553.jpg 830w, https:\/\/uploads.acordacidade.com.br\/2025\/07\/requalificacao-praca-do-tropeiro-foto-paulo-jose-acorda-cidade-6-150x100.jpg 150w, https:\/\/uploads.acordacidade.com.br\/2025\/07\/requalificacao-praca-do-tropeiro-foto-paulo-jose-acorda-cidade-6.jpg 1200w\" sizes=\"(max-width: 1152px) 100vw, 1152px\"><figcaption class=\"wp-element-caption\">Foto: Paulo Jos\u00e9\/Acorda Cidade<\/figcaption><\/figure>\n<h2 class=\"wp-block-heading\" id=\"h-passarela-no-centro-de-abastecimento\">Passarela no Centro de Abastecimento<\/h2>\n<p>Na oportunidade o prefeito Jos\u00e9 Ronaldo falou tamb\u00e9m ao Acorda Cidade sobre a constru\u00e7\u00e3o de uma passarela que ir\u00e1 melhorar o acesso entre o galp\u00e3o de cereais do Centro de Abastecimento e a rua Juv\u00eancio Erudilho.<\/p>\n<p>Segundo ele, a passarela interna \u00e9 uma demanda que surgiu ap\u00f3s a constru\u00e7\u00e3o do Shopping Popular Cidade das Compras.<\/p>\n<p>\u201cCom a quest\u00e3o do Shopping Popular, o acesso ao galp\u00e3o de cereais ficou restrito. Ent\u00e3o h\u00e1 uma reivindica\u00e7\u00e3o muito desses comerciantes para melhorar o acesso ao espa\u00e7o do galp\u00e3o de cereais. Foram feitos os estudos, foi debatido isso com v\u00e1rias pessoas e t\u00e9cnicos e n\u00f3s autorizamos fazer essa passarela que liga a rua Juv\u00eancio Erudilho, \u00e9 aquela rua que desce e passa na lateral do Centro de Abastecimento ali do restaurante popular, e sai na avenida de Canal.\u201d<\/p>\n<p>A obra da passarela deve come\u00e7ar ap\u00f3s o t\u00e9rmino da obra de um dos galp\u00f5es do Centro de Abastecimento que est\u00e1 em fase de conclus\u00e3o.<\/p>\n<p><em>Com informa\u00e7\u00f5es do rep\u00f3rter Paulo Jos\u00e9 do Acorda Cidade<\/em><\/p>\n<p><em>Siga o Acorda Cidade no<\/em><a href=\"https:\/\/news.google.com\/search?q=acorda%20cidade&amp;hl=pt-BR&amp;gl=BR&amp;ceid=BR%3Apt-419\"><strong><em> Google Not\u00edcias<\/em><\/strong><\/a><em> e receba os principais destaques do dia. Participe tamb\u00e9m dos nossos canais no <\/em><a href=\"https:\/\/whatsapp.com\/channel\/0029Va6Rb4v3WHTNnsh8WI3N\"><strong><em>WhatsApp<\/em><\/strong><\/a><em> e <\/em><a href=\"https:\/\/www.youtube.com\/@acordacidadenoticias\/videos\"><strong>Youtube<\/strong><\/a><em> e grupo de <\/em><a href=\"https:\/\/t.me\/+sSz0khrgARA0ZmRh\"><strong><em>Telegram<\/em><\/strong><\/a><em>.<\/em><\/p>\n<\/div>\n","protected":false},"excerpt":{"rendered":"<div>\n<div>\n<figure><img decoding=\"async\" src=\"https:\/\/uploads.acordacidade.com.br\/2025\/07\/requalificacao-praca-do-tropeiro-foto-paulo-jose-acorda-cidade.jpg\" alt=\"Ordem de servi\u00e7o e inicio das obras da Pra\u00e7a do Tropeiro\"><figcaption>Foto: Paulo Jos\u00e9\/Acorda Cidade<\/figcaption><\/figure>\n<\/div>\n<p>O obra que objetiva restaurar a Pra\u00e7a do Tropeiro e seu entorno tem prazo de seis meses para conclus\u00e3o<\/p><\/div>\n","protected":false},"author":1,"featured_media":94901,"comment_status":"closed","ping_status":"closed","sticky":false,"template":"","format":"gallery","meta":{"footnotes":""},"categories":[8,9,6,57,56,10],"tags":[],"class_list":["post-94900","post","type-post","status-publish","format-gallery","has-post-thumbnail","hentry","category-bahia","category-brasil","category-feira-de-santana","category-mundo","category-policia","category-politica","post_format-post-format-gallery"],"featured_image_urls":{"full":["https:\/\/noticiasbahia360.com.br\/wp-content\/uploads\/2025\/07\/requalificacao-praca-do-tropeiro-foto-paulo-jose-acorda-cidade.jpg",1200,554,false],"thumbnail":["https:\/\/noticiasbahia360.com.br\/wp-content\/uploads\/2025\/07\/requalificacao-praca-do-tropeiro-foto-paulo-jose-acorda-cidade-150x150.jpg",150,150,true],"medium":["https:\/\/noticiasbahia360.com.br\/wp-content\/uploads\/2025\/07\/requalificacao-praca-do-tropeiro-foto-paulo-jose-acorda-cidade-300x139.jpg",300,139,true],"medium_large":["https:\/\/noticiasbahia360.com.br\/wp-content\/uploads\/2025\/07\/requalificacao-praca-do-tropeiro-foto-paulo-jose-acorda-cidade-768x355.jpg",640,296,true],"large":["https:\/\/noticiasbahia360.com.br\/wp-content\/uploads\/2025\/07\/requalificacao-praca-do-tropeiro-foto-paulo-jose-acorda-cidade-1024x473.jpg",640,296,true],"1536x1536":["https:\/\/noticiasbahia360.com.br\/wp-content\/uploads\/2025\/07\/requalificacao-praca-do-tropeiro-foto-paulo-jose-acorda-cidade.jpg",1200,554,false],"2048x2048":["https:\/\/noticiasbahia360.com.br\/wp-content\/uploads\/2025\/07\/requalificacao-praca-do-tropeiro-foto-paulo-jose-acorda-cidade.jpg",1200,554,false],"chromenews-featured":["https:\/\/noticiasbahia360.com.br\/wp-content\/uploads\/2025\/07\/requalificacao-praca-do-tropeiro-foto-paulo-jose-acorda-cidade-1024x473.jpg",1024,473,true],"chromenews-large":["https:\/\/noticiasbahia360.com.br\/wp-content\/uploads\/2025\/07\/requalificacao-praca-do-tropeiro-foto-paulo-jose-acorda-cidade-825x554.jpg",825,554,true],"chromenews-medium":["https:\/\/noticiasbahia360.com.br\/wp-content\/uploads\/2025\/07\/requalificacao-praca-do-tropeiro-foto-paulo-jose-acorda-cidade-590x410.jpg",590,410,true]},"author_info":{"display_name":"noticiasbahia360.com.br","author_link":"https:\/\/noticiasbahia360.com.br\/?author=1"},"category_info":"<a href=\"https:\/\/noticiasbahia360.com.br\/?cat=8\" rel=\"category\">Bahia<\/a> <a href=\"https:\/\/noticiasbahia360.com.br\/?cat=9\" rel=\"category\">Brasil<\/a> <a href=\"https:\/\/noticiasbahia360.com.br\/?cat=6\" rel=\"category\">Feira de Santana<\/a> <a href=\"https:\/\/noticiasbahia360.com.br\/?cat=57\" rel=\"category\">Mundo<\/a> <a href=\"https:\/\/noticiasbahia360.com.br\/?cat=56\" rel=\"category\">Pol\u00edcia<\/a> <a href=\"https:\/\/noticiasbahia360.com.br\/?cat=10\" rel=\"category\">Pol\u00edtica<\/a>","tag_info":"Pol\u00edtica","comment_count":"0","_links":{"self":[{"href":"https:\/\/noticiasbahia360.com.br\/index.php?rest_route=\/wp\/v2\/posts\/94900","targetHints":{"allow":["GET"]}}],"collection":[{"href":"https:\/\/noticiasbahia360.com.br\/index.php?rest_route=\/wp\/v2\/posts"}],"about":[{"href":"https:\/\/noticiasbahia360.com.br\/index.php?rest_route=\/wp\/v2\/types\/post"}],"author":[{"embeddable":true,"href":"https:\/\/noticiasbahia360.com.br\/index.php?rest_route=\/wp\/v2\/users\/1"}],"replies":[{"embeddable":true,"href":"https:\/\/noticiasbahia360.com.br\/index.php?rest_route=%2Fwp%2Fv2%2Fcomments&post=94900"}],"version-history":[{"count":0,"href":"https:\/\/noticiasbahia360.com.br\/index.php?rest_route=\/wp\/v2\/posts\/94900\/revisions"}],"wp:featuredmedia":[{"embeddable":true,"href":"https:\/\/noticiasbahia360.com.br\/index.php?rest_route=\/wp\/v2\/media\/94901"}],"wp:attachment":[{"href":"https:\/\/noticiasbahia360.com.br\/index.php?rest_route=%2Fwp%2Fv2%2Fmedia&parent=94900"}],"wp:term":[{"taxonomy":"category","embeddable":true,"href":"https:\/\/noticiasbahia360.com.br\/index.php?rest_route=%2Fwp%2Fv2%2Fcategories&post=94900"},{"taxonomy":"post_tag","embeddable":true,"href":"https:\/\/noticiasbahia360.com.br\/index.php?rest_route=%2Fwp%2Fv2%2Ftags&post=94900"}],"curies":[{"name":"wp","href":"https:\/\/api.w.org\/{rel}","templated":true}]}}