{"id":94913,"date":"2025-07-28T14:55:23","date_gmt":"2025-07-28T17:55:23","guid":{"rendered":"https:\/\/noticiasbahia360.com.br\/?p=94913"},"modified":"2025-07-28T14:55:23","modified_gmt":"2025-07-28T17:55:23","slug":"brasil-registra-mais-de-mil-mortes-por-hepatites-virais-em-2024","status":"publish","type":"post","link":"https:\/\/noticiasbahia360.com.br\/?p=94913","title":{"rendered":"Brasil registra mais de mil mortes por hepatites virais em 2024"},"content":{"rendered":"<div>\n<div>\n<figure><img decoding=\"async\" src=\"http:\/\/noticiasbahia360.com.br\/wp-content\/uploads\/2025\/07\/hepatites-virais-foto-fernando-frazao-agencia-brasil.jpg\" alt=\"Hepatites virais - imagem ilustrativa\"><figcaption>Foto: Fernando Fraz\u00e3o\/Ag\u00eancia Brasil<\/figcaption><\/figure>\n<\/div>\n<p>Ag\u00eancia Brasil \u2013 O Brasil registrou em 2024 mais de 34 mil casos diagnosticados de hepatite viral, com cerca de 1,1 mil mortes diretas. A doen\u00e7a atinge o f\u00edgado e pode ser causada por cinco sorotipos de v\u00edrus: A, B, C, D e E.<img decoding=\"async\" src=\"https:\/\/agenciabrasil.ebc.com.br\/ebc.png?id=1652266&amp;o=node\"><img decoding=\"async\" src=\"https:\/\/agenciabrasil.ebc.com.br\/ebc.gif?id=1652266&amp;o=node\"><\/p>\n<p>Os tipos mais prevalentes no Brasil s\u00e3o o B e C e a maior parte dos casos \u00e9 cr\u00f4nica: o v\u00edrus permanece silencioso dentro do organismo por d\u00e9cadas, causando danos acumulados no \u00f3rg\u00e3o, at\u00e9 provocar quadros graves como fibrose c\u00edstica, cirrose ou mesmo c\u00e2ncer, e s\u00f3 ent\u00e3o desenvolve sintomas.<\/p>\n<p>A Organiza\u00e7\u00e3o Mundial da Sa\u00fade (OMS) estabeleceu como meta a redu\u00e7\u00e3o da incid\u00eancia de hepatite B e V em 90%, com redu\u00e7\u00e3o de 65% da mortalidade at\u00e9 2030. Por isso, o dia de hoje \u2013 28 de julho \u2013 foi eleito como Dia Mundial de Luta Contra as Hepatites Virais.<\/p>\n<h2 class=\"wp-block-heading\" id=\"h-prevencao\">Preven\u00e7\u00e3o<\/h2>\n<p>\u201cA boa not\u00edcia \u00e9 que as hepatites virais podem ser prevenidas, como explica o infectologista Pedro Martins, professor da Afya Educa\u00e7\u00e3o M\u00e9dica. \u201cGeralmente dividimos as Hepatites A e E como hepatites de transmiss\u00e3o fecal-oral, ao levar \u00e1gua ou alimentos contaminados com fezes \u00e0 boca, enquanto as hepatites B, C e D s\u00e3o de transmiss\u00e3o parenteral, ocorrendo predominantemente a partir do contato com sangue contaminado, ao compartilhar objetos de uso pessoal como alicates de unha, l\u00e2minas de barbear ou escovas de dentes ou durante o sexo desprotegido. A Hepatite A pode ser transmitida no sexo oral onde h\u00e1 contato da boca com o \u00e2nus e as Hepatites B, C e D, durante a penetra\u00e7\u00e3o\u201d, afirma..<\/p>\n<blockquote class=\"wp-block-quote is-layout-flow wp-block-quote-is-layout-flow\">\n<p>Outra importante forma de preven\u00e7\u00e3o \u00e9 a vacina\u00e7\u00e3o. Atualmente, o Sistema \u00danico de Sa\u00fade disponibiliza gratuitamente as vacinas contra a hepatite A e B, mas a segunda tamb\u00e9m protege contra o v\u00edrus do tipo D, j\u00e1 que ele s\u00f3 infecta quem tem hepatite B. Os dois imunizantes fazem parte do calend\u00e1rio b\u00e1sico de vacina\u00e7\u00e3o das crian\u00e7as.<\/p>\n<\/blockquote>\n<p>A primeira dose da vacina contra a hepatite B deve ser tomada logo ap\u00f3s o nascimento, e outras tr\u00eas doses s\u00e3o administradas aos\u00a02, 4 e 6 meses de vida. Gestantes tamb\u00e9m devem se vacinar, caso n\u00e3o possam comprovar que foram devidamente imunizadas, porque a doen\u00e7a pode ser transmitida durante a gravidez, parto ou amamenta\u00e7\u00e3o.<\/p>\n<h2 class=\"wp-block-heading\" id=\"h-casos-tem-queda\">Casos t\u00eam queda<\/h2>\n<p>A vacina\u00e7\u00e3o tem contribu\u00eddo para a diminui\u00e7\u00e3o dos casos. Em 2013 a taxa de detec\u00e7\u00e3o de hepatite B a cada 100 mil habitantes era de 8,3 e caiu para 5,3 em 2024. De acordo com o vice-presidente da Sociedade Brasileira de Imuniza\u00e7\u00e3o, Renato Kfouri, a erradica\u00e7\u00e3o da doen\u00e7a \u00e9 poss\u00edvel caso o pa\u00eds consiga manter altos \u00edndices de vacina\u00e7\u00e3o.<\/p>\n<p>\u201cN\u00e3o h\u00e1 reservat\u00f3rio do v\u00edrus da hepatite B que n\u00e3o seja o ser humano. Ent\u00e3o, voc\u00ea consegue, atrav\u00e9s da vacina\u00e7\u00e3o em 100%, eliminar a cria\u00e7\u00e3o de novos portadores cr\u00f4nicos, e com isso, consequentemente n\u00e3o tem mais onde se infectar pelo v\u00edrus B. A partir da introdu\u00e7\u00e3o da vacina na pediatria, n\u00f3s estamos acumulando pessoas vacinadas ao longo do tempo, e j\u00e1 temos a\u00ed mais de 30 anos anos de vacina\u00e7\u00e3o aqui no Brasil, ent\u00e3o, a gente caminha para uma gera\u00e7\u00e3o sem v\u00edrus de hepatite B, que \u00e9 uma vacina altamente eficaz\u201d, assegura Kfouri.<\/p>\n<h2 class=\"wp-block-heading\" id=\"h-eficacia-da-vacina\">Efic\u00e1cia da vacina<\/h2>\n<p><strong>A vacina contra a hepatite A tamb\u00e9m demonstrou sua efic\u00e1cia. Em 2013, 903 crian\u00e7as menores de 5 anos foram infectadas pelo v\u00edrus no Brasil. A partir de 2014, com a entrada no imunizante no calend\u00e1rio b\u00e1sico infantil, houve redu\u00e7\u00e3o consistente de novas infec\u00e7\u00f5es, e, em 2024, apenas 16 casos foram registrados nesse p\u00fablico, uma redu\u00e7\u00e3o de mais de 98%.<\/strong><\/p>\n<p>No entanto, os casos v\u00eam subindo na faixa et\u00e1ria entre 20 e 39 anos, especialmente entre homens. Ap\u00f3s o Minist\u00e9rio da Sa\u00fade identificar surtos da doen\u00e7a entre a popula\u00e7\u00e3o de homens que fazem sexo com homens, em maio deste ano, a vacina\u00e7\u00e3o foi ampliada para os usu\u00e1rios de PrEP (profilaxia pr\u00e9-exposi\u00e7\u00e3o).<\/p>\n<p><strong>Infelizmente, ainda n\u00e3o h\u00e1 vacina para a hepatite C, tipo mais comum e com maior letalidade de hepatite viral.<\/strong>\u00a0Em 2024, o Brasil anotou 19.343 novos diagn\u00f3sticos da doen\u00e7a e 752 \u00f3bitos diretos. Mas a infec\u00e7\u00e3o pode ser confirmada por testes de laborat\u00f3rio e tratada com antivirais que tem taxa de cura superior a 95%.<\/p>\n<p>\u201cQuando o tratamento consegue ser iniciado de forma oportuna, as consequ\u00eancias s\u00e3o m\u00ednimas. Mas quando a infec\u00e7\u00e3o permanece por anos sem tratamento, pode evoluir para cirrose hep\u00e1tica e c\u00e2ncer de f\u00edgado, mesmo naquelas pessoas que n\u00e3o tem h\u00e1bito de consumir bebidas alco\u00f3licas\u201d, afirma o infectologista Pedro Martins.\u00a0<\/p>\n<p><em>Siga o Acorda Cidade no<\/em><a href=\"https:\/\/news.google.com\/search?q=acorda%20cidade&amp;hl=pt-BR&amp;gl=BR&amp;ceid=BR%3Apt-419\"><strong><em> Google Not\u00edcias<\/em><\/strong><\/a><em> e receba os principais destaques do dia. Participe tamb\u00e9m dos nossos canais no <\/em><a href=\"https:\/\/whatsapp.com\/channel\/0029Va6Rb4v3WHTNnsh8WI3N\"><strong><em>WhatsApp<\/em><\/strong><\/a><em> e <\/em><a href=\"https:\/\/www.youtube.com\/@acordacidadenoticias\/videos\"><strong>Youtube<\/strong><\/a><em> e grupo de <\/em><a href=\"https:\/\/t.me\/+sSz0khrgARA0ZmRh\"><strong><em>Telegram<\/em><\/strong><\/a><em>.<\/em><\/p>\n<\/div>\n","protected":false},"excerpt":{"rendered":"<div>\n<div>\n<figure><img decoding=\"async\" src=\"https:\/\/uploads.acordacidade.com.br\/2025\/07\/hepatites-virais-foto-fernando-frazao-agencia-brasil.jpg\" alt=\"Hepatites virais - imagem ilustrativa\"><figcaption>Foto: Fernando Fraz\u00e3o\/Ag\u00eancia Brasil<\/figcaption><\/figure>\n<\/div>\n<p>Na maior parte dos casos o v\u00edrus permanece silencioso no organismo por at\u00e9 d\u00e9cadas.<\/p><\/div>\n","protected":false},"author":1,"featured_media":94914,"comment_status":"closed","ping_status":"closed","sticky":false,"template":"","format":"gallery","meta":{"footnotes":""},"categories":[8,9,6,57,56,10],"tags":[],"class_list":["post-94913","post","type-post","status-publish","format-gallery","has-post-thumbnail","hentry","category-bahia","category-brasil","category-feira-de-santana","category-mundo","category-policia","category-politica","post_format-post-format-gallery"],"featured_image_urls":{"full":["https:\/\/noticiasbahia360.com.br\/wp-content\/uploads\/2025\/07\/hepatites-virais-foto-fernando-frazao-agencia-brasil.jpg",1200,718,false],"thumbnail":["https:\/\/noticiasbahia360.com.br\/wp-content\/uploads\/2025\/07\/hepatites-virais-foto-fernando-frazao-agencia-brasil-150x150.jpg",150,150,true],"medium":["https:\/\/noticiasbahia360.com.br\/wp-content\/uploads\/2025\/07\/hepatites-virais-foto-fernando-frazao-agencia-brasil-300x180.jpg",300,180,true],"medium_large":["https:\/\/noticiasbahia360.com.br\/wp-content\/uploads\/2025\/07\/hepatites-virais-foto-fernando-frazao-agencia-brasil-768x460.jpg",640,383,true],"large":["https:\/\/noticiasbahia360.com.br\/wp-content\/uploads\/2025\/07\/hepatites-virais-foto-fernando-frazao-agencia-brasil-1024x613.jpg",640,383,true],"1536x1536":["https:\/\/noticiasbahia360.com.br\/wp-content\/uploads\/2025\/07\/hepatites-virais-foto-fernando-frazao-agencia-brasil.jpg",1200,718,false],"2048x2048":["https:\/\/noticiasbahia360.com.br\/wp-content\/uploads\/2025\/07\/hepatites-virais-foto-fernando-frazao-agencia-brasil.jpg",1200,718,false],"chromenews-featured":["https:\/\/noticiasbahia360.com.br\/wp-content\/uploads\/2025\/07\/hepatites-virais-foto-fernando-frazao-agencia-brasil-1024x613.jpg",1024,613,true],"chromenews-large":["https:\/\/noticiasbahia360.com.br\/wp-content\/uploads\/2025\/07\/hepatites-virais-foto-fernando-frazao-agencia-brasil-825x575.jpg",825,575,true],"chromenews-medium":["https:\/\/noticiasbahia360.com.br\/wp-content\/uploads\/2025\/07\/hepatites-virais-foto-fernando-frazao-agencia-brasil-590x410.jpg",590,410,true]},"author_info":{"display_name":"noticiasbahia360.com.br","author_link":"https:\/\/noticiasbahia360.com.br\/?author=1"},"category_info":"<a href=\"https:\/\/noticiasbahia360.com.br\/?cat=8\" rel=\"category\">Bahia<\/a> <a href=\"https:\/\/noticiasbahia360.com.br\/?cat=9\" rel=\"category\">Brasil<\/a> <a href=\"https:\/\/noticiasbahia360.com.br\/?cat=6\" rel=\"category\">Feira de Santana<\/a> <a href=\"https:\/\/noticiasbahia360.com.br\/?cat=57\" rel=\"category\">Mundo<\/a> <a href=\"https:\/\/noticiasbahia360.com.br\/?cat=56\" rel=\"category\">Pol\u00edcia<\/a> <a href=\"https:\/\/noticiasbahia360.com.br\/?cat=10\" rel=\"category\">Pol\u00edtica<\/a>","tag_info":"Pol\u00edtica","comment_count":"0","_links":{"self":[{"href":"https:\/\/noticiasbahia360.com.br\/index.php?rest_route=\/wp\/v2\/posts\/94913","targetHints":{"allow":["GET"]}}],"collection":[{"href":"https:\/\/noticiasbahia360.com.br\/index.php?rest_route=\/wp\/v2\/posts"}],"about":[{"href":"https:\/\/noticiasbahia360.com.br\/index.php?rest_route=\/wp\/v2\/types\/post"}],"author":[{"embeddable":true,"href":"https:\/\/noticiasbahia360.com.br\/index.php?rest_route=\/wp\/v2\/users\/1"}],"replies":[{"embeddable":true,"href":"https:\/\/noticiasbahia360.com.br\/index.php?rest_route=%2Fwp%2Fv2%2Fcomments&post=94913"}],"version-history":[{"count":0,"href":"https:\/\/noticiasbahia360.com.br\/index.php?rest_route=\/wp\/v2\/posts\/94913\/revisions"}],"wp:featuredmedia":[{"embeddable":true,"href":"https:\/\/noticiasbahia360.com.br\/index.php?rest_route=\/wp\/v2\/media\/94914"}],"wp:attachment":[{"href":"https:\/\/noticiasbahia360.com.br\/index.php?rest_route=%2Fwp%2Fv2%2Fmedia&parent=94913"}],"wp:term":[{"taxonomy":"category","embeddable":true,"href":"https:\/\/noticiasbahia360.com.br\/index.php?rest_route=%2Fwp%2Fv2%2Fcategories&post=94913"},{"taxonomy":"post_tag","embeddable":true,"href":"https:\/\/noticiasbahia360.com.br\/index.php?rest_route=%2Fwp%2Fv2%2Ftags&post=94913"}],"curies":[{"name":"wp","href":"https:\/\/api.w.org\/{rel}","templated":true}]}}