{"id":94917,"date":"2025-07-28T15:45:04","date_gmt":"2025-07-28T18:45:04","guid":{"rendered":"https:\/\/noticiasbahia360.com.br\/?p=94917"},"modified":"2025-07-28T15:45:04","modified_gmt":"2025-07-28T18:45:04","slug":"carlinhos-maia-reaparece-no-instagram-apos-fim-do-casamento","status":"publish","type":"post","link":"https:\/\/noticiasbahia360.com.br\/?p=94917","title":{"rendered":"Carlinhos Maia reaparece no Instagram ap\u00f3s fim do casamento"},"content":{"rendered":"<div>\n<div>\n<figure><img decoding=\"async\" src=\"http:\/\/noticiasbahia360.com.br\/wp-content\/uploads\/2025\/07\/Carlinhos-Maia-e-Lucas-Guimaraes-280725.jpg\" alt=\"Carlinhos Maia reaparece no Instagram ap\u00f3s fim de casamento com Lucas Guimar\u00e3es\"><figcaption>Carlinhos Maia e Lucas Guimar\u00e3es | Foto: Reprodu\u00e7\u00e3o\/ Redes Sociais <\/figcaption><\/figure>\n<\/div>\n<p>Carlinhos Maia e Lucas Guimar\u00e3es anunciaram o fim do casamento, por meio de uma postagem no Instagram no \u00faltimo s\u00e1bado (26). Os <a href=\"https:\/\/www.acordacidade.com.br\/tag\/influenciador-digital\/\">influenciadores<\/a> estavam juntos h\u00e1 15 anos.<\/p>\n<p>Na tarde desta segunda-feira (28), Carlinhos Maia publicou um story (v\u00eddeo tempor\u00e1rio) no seu Instagram, em que fala sobre a nova temporada do seu projeto \u201cRancho do Maia\u201d.<\/p>\n<figure class=\"wp-block-image size-large\"><img fetchpriority=\"high\" fetchpriority=\"high\" decoding=\"async\" width=\"871\" height=\"768\" src=\"http:\/\/noticiasbahia360.com.br\/wp-content\/uploads\/2025\/07\/Carlinhos-Maia-280725-871x768-1.jpg\" alt=\"Carlinhos Maia reaparece no Instagram ap\u00f3s fim de casamento com Lucas Guimar\u00e3es\" class=\"wp-image-577621\" srcset=\"https:\/\/uploads.acordacidade.com.br\/2025\/07\/Carlinhos-Maia-280725-414x365.jpg 414w, http:\/\/noticiasbahia360.com.br\/wp-content\/uploads\/2025\/07\/Carlinhos-Maia-280725-871x768-1.jpg 871w, https:\/\/uploads.acordacidade.com.br\/2025\/07\/Carlinhos-Maia-280725-627x553.jpg 627w, https:\/\/uploads.acordacidade.com.br\/2025\/07\/Carlinhos-Maia-280725-150x132.jpg 150w, https:\/\/uploads.acordacidade.com.br\/2025\/07\/Carlinhos-Maia-280725.jpg 1200w\" sizes=\"(max-width: 871px) 100vw, 871px\"><figcaption class=\"wp-element-caption\">Carlinhos Maia | Foto: Reprodu\u00e7\u00e3o\/ Redes Sociais <\/figcaption><\/figure>\n<p>Em um trecho ele desabafa e diz estar tranquilo. \u201cObrigado todo mundo pelo carinho, fiquem de boa, fiquem tranquilos, certo? S\u00e3o 34 anos, muita coisa, a gente evolui, a gente muda muito os pensamentos. T\u00f4 bem, de verdade mesmo\u201d, disse.<\/p>\n<h2 class=\"wp-block-heading\" id=\"h-separacao\">Separa\u00e7\u00e3o <\/h2>\n<p>O ex-casal, Carlinhos Maia e Lucas Guimar\u00e3es contou que a decis\u00e3o pela separa\u00e7\u00e3o j\u00e1 era pensada pelos dois h\u00e1 algum tempo.<\/p>\n<figure class=\"wp-block-image size-large\"><img decoding=\"async\" width=\"968\" height=\"768\" src=\"http:\/\/noticiasbahia360.com.br\/wp-content\/uploads\/2025\/07\/Carlinhos-Maia-e-Lucas-Guimaraes-2-280725-968x768-1.jpg\" alt=\"Carlinhos Maia reaparece no Instagram ap\u00f3s fim de casamento com Lucas Guimar\u00e3es\" class=\"wp-image-577620\" srcset=\"https:\/\/uploads.acordacidade.com.br\/2025\/07\/Carlinhos-Maia-e-Lucas-Guimaraes-2-280725-460x365.jpg 460w, http:\/\/noticiasbahia360.com.br\/wp-content\/uploads\/2025\/07\/Carlinhos-Maia-e-Lucas-Guimaraes-2-280725-968x768-1.jpg 968w, https:\/\/uploads.acordacidade.com.br\/2025\/07\/Carlinhos-Maia-e-Lucas-Guimaraes-2-280725-697x553.jpg 697w, https:\/\/uploads.acordacidade.com.br\/2025\/07\/Carlinhos-Maia-e-Lucas-Guimaraes-2-280725-150x119.jpg 150w, https:\/\/uploads.acordacidade.com.br\/2025\/07\/Carlinhos-Maia-e-Lucas-Guimaraes-2-280725.jpg 1200w\" sizes=\"(max-width: 968px) 100vw, 968px\"><figcaption class=\"wp-element-caption\">Lucas Guimar\u00e3es e Carlinhos Maia | Foto: Reprodu\u00e7\u00e3o\/ Redes Sociais <\/figcaption><\/figure>\n<p>\u201cEstamos finalizando este ciclo em paz, sem brigas e sem caos. Sendo maduros, e escrevendo juntos este texto para todos que nos amam e nos apoiam\u201d, escreveram Carlinhos e Lucas.<\/p>\n<p>\u201cDesde a \u00faltima (e \u00fanica) separa\u00e7\u00e3o que tivemos, sentimos que nos precipitamos por n\u00e3o termos vivido o tempo necess\u00e1rio para reavaliar tudo o que ainda estava fora do lugar\u201d, contaram Carlinhos Maia e Lucas Guimar\u00e3es, que chegaram a se separar em 2022 por alguns meses.<\/p>\n<p>A cerim\u00f4nia de casamento de Carlinhos e Lucas aconteceu em 2019, no munic\u00edpio de Canind\u00e9 de S\u00e3o Francisco, em Sergipe. Com 637 convidados o evento foi transmitido ao vivo para mais de 2,5 milh\u00f5es de espectadores.<\/p>\n<figure class=\"wp-block-image size-large\"><img decoding=\"async\" width=\"955\" height=\"768\" src=\"http:\/\/noticiasbahia360.com.br\/wp-content\/uploads\/2025\/07\/Casamento-de-Carlinhos-Maia-e-Lucas-Guimaraes-280725-955x768-1.jpg\" alt=\"Carlinhos Maia reaparece no Instagram ap\u00f3s fim de casamento com Lucas Guimar\u00e3es\" class=\"wp-image-577623\" srcset=\"https:\/\/uploads.acordacidade.com.br\/2025\/07\/Casamento-de-Carlinhos-Maia-e-Lucas-Guimaraes-280725-454x365.jpg 454w, http:\/\/noticiasbahia360.com.br\/wp-content\/uploads\/2025\/07\/Casamento-de-Carlinhos-Maia-e-Lucas-Guimaraes-280725-955x768-1.jpg 955w, https:\/\/uploads.acordacidade.com.br\/2025\/07\/Casamento-de-Carlinhos-Maia-e-Lucas-Guimaraes-280725-688x553.jpg 688w, https:\/\/uploads.acordacidade.com.br\/2025\/07\/Casamento-de-Carlinhos-Maia-e-Lucas-Guimaraes-280725-150x121.jpg 150w, https:\/\/uploads.acordacidade.com.br\/2025\/07\/Casamento-de-Carlinhos-Maia-e-Lucas-Guimaraes-280725.jpg 1200w\" sizes=\"(max-width: 955px) 100vw, 955px\"><figcaption class=\"wp-element-caption\">Cerim\u00f4nia de casamento de Carlinhos Maia e Lucas Guimar\u00e3es, em 2019 | Foto: Reprodu\u00e7\u00e3o\/ Redes Sociais <\/figcaption><\/figure>\n<p><em>Siga o Acorda Cidade no<\/em><a href=\"https:\/\/news.google.com\/search?q=acorda%20cidade&amp;hl=pt-BR&amp;gl=BR&amp;ceid=BR%3Apt-419\"><strong><em>\u00a0Google Not\u00edcias<\/em><\/strong><\/a><em>\u00a0e receba os principais destaques do dia. Participe tamb\u00e9m dos nossos canais no\u00a0<\/em><a href=\"https:\/\/www.whatsapp.com\/channel\/0029Va6Rb4v3WHTNnsh8WI3N\"><strong><em>WhatsApp<\/em><\/strong><\/a><em>\u00a0e\u00a0<\/em><a href=\"https:\/\/www.youtube.com\/@acordacidadenoticias\/videos\"><strong>Youtube<\/strong><\/a><em>\u00a0e grupo de\u00a0<\/em><a href=\"https:\/\/t.me\/+sSz0khrgARA0ZmRh\"><strong><em>Telegram<\/em><\/strong><\/a><\/p>\n<\/div>\n","protected":false},"excerpt":{"rendered":"<div>\n<div>\n<figure><img decoding=\"async\" src=\"https:\/\/uploads.acordacidade.com.br\/2025\/07\/Carlinhos-Maia-e-Lucas-Guimaraes-280725.jpg\" alt=\"Carlinhos Maia reaparece no Instagram ap\u00f3s fim de casamento com Lucas Guimar\u00e3es\"><figcaption>Carlinhos Maia e Lucas Guimar\u00e3es | Foto: Reprodu\u00e7\u00e3o\/ Redes Sociais <\/figcaption><\/figure>\n<\/div>\n<p>O ex-casal, Carlinhos Maia e Lucas Guimar\u00e3es contou que a decis\u00e3o pela separa\u00e7\u00e3o j\u00e1 era pensada pelos dois h\u00e1 algum tempo.<\/p><\/div>\n","protected":false},"author":1,"featured_media":94918,"comment_status":"closed","ping_status":"closed","sticky":false,"template":"","format":"gallery","meta":{"footnotes":""},"categories":[8,9,6,57,56,10],"tags":[],"class_list":["post-94917","post","type-post","status-publish","format-gallery","has-post-thumbnail","hentry","category-bahia","category-brasil","category-feira-de-santana","category-mundo","category-policia","category-politica","post_format-post-format-gallery"],"featured_image_urls":{"full":["https:\/\/noticiasbahia360.com.br\/wp-content\/uploads\/2025\/07\/Carlinhos-Maia-e-Lucas-Guimaraes-280725.jpg",1200,838,false],"thumbnail":["https:\/\/noticiasbahia360.com.br\/wp-content\/uploads\/2025\/07\/Carlinhos-Maia-e-Lucas-Guimaraes-280725-150x150.jpg",150,150,true],"medium":["https:\/\/noticiasbahia360.com.br\/wp-content\/uploads\/2025\/07\/Carlinhos-Maia-e-Lucas-Guimaraes-280725-300x210.jpg",300,210,true],"medium_large":["https:\/\/noticiasbahia360.com.br\/wp-content\/uploads\/2025\/07\/Carlinhos-Maia-e-Lucas-Guimaraes-280725-768x536.jpg",640,447,true],"large":["https:\/\/noticiasbahia360.com.br\/wp-content\/uploads\/2025\/07\/Carlinhos-Maia-e-Lucas-Guimaraes-280725-1024x715.jpg",640,447,true],"1536x1536":["https:\/\/noticiasbahia360.com.br\/wp-content\/uploads\/2025\/07\/Carlinhos-Maia-e-Lucas-Guimaraes-280725.jpg",1200,838,false],"2048x2048":["https:\/\/noticiasbahia360.com.br\/wp-content\/uploads\/2025\/07\/Carlinhos-Maia-e-Lucas-Guimaraes-280725.jpg",1200,838,false],"chromenews-featured":["https:\/\/noticiasbahia360.com.br\/wp-content\/uploads\/2025\/07\/Carlinhos-Maia-e-Lucas-Guimaraes-280725-1024x715.jpg",1024,715,true],"chromenews-large":["https:\/\/noticiasbahia360.com.br\/wp-content\/uploads\/2025\/07\/Carlinhos-Maia-e-Lucas-Guimaraes-280725-825x575.jpg",825,575,true],"chromenews-medium":["https:\/\/noticiasbahia360.com.br\/wp-content\/uploads\/2025\/07\/Carlinhos-Maia-e-Lucas-Guimaraes-280725-590x410.jpg",590,410,true]},"author_info":{"display_name":"noticiasbahia360.com.br","author_link":"https:\/\/noticiasbahia360.com.br\/?author=1"},"category_info":"<a href=\"https:\/\/noticiasbahia360.com.br\/?cat=8\" rel=\"category\">Bahia<\/a> <a href=\"https:\/\/noticiasbahia360.com.br\/?cat=9\" rel=\"category\">Brasil<\/a> <a href=\"https:\/\/noticiasbahia360.com.br\/?cat=6\" rel=\"category\">Feira de Santana<\/a> <a href=\"https:\/\/noticiasbahia360.com.br\/?cat=57\" rel=\"category\">Mundo<\/a> <a href=\"https:\/\/noticiasbahia360.com.br\/?cat=56\" rel=\"category\">Pol\u00edcia<\/a> <a href=\"https:\/\/noticiasbahia360.com.br\/?cat=10\" rel=\"category\">Pol\u00edtica<\/a>","tag_info":"Pol\u00edtica","comment_count":"0","_links":{"self":[{"href":"https:\/\/noticiasbahia360.com.br\/index.php?rest_route=\/wp\/v2\/posts\/94917","targetHints":{"allow":["GET"]}}],"collection":[{"href":"https:\/\/noticiasbahia360.com.br\/index.php?rest_route=\/wp\/v2\/posts"}],"about":[{"href":"https:\/\/noticiasbahia360.com.br\/index.php?rest_route=\/wp\/v2\/types\/post"}],"author":[{"embeddable":true,"href":"https:\/\/noticiasbahia360.com.br\/index.php?rest_route=\/wp\/v2\/users\/1"}],"replies":[{"embeddable":true,"href":"https:\/\/noticiasbahia360.com.br\/index.php?rest_route=%2Fwp%2Fv2%2Fcomments&post=94917"}],"version-history":[{"count":0,"href":"https:\/\/noticiasbahia360.com.br\/index.php?rest_route=\/wp\/v2\/posts\/94917\/revisions"}],"wp:featuredmedia":[{"embeddable":true,"href":"https:\/\/noticiasbahia360.com.br\/index.php?rest_route=\/wp\/v2\/media\/94918"}],"wp:attachment":[{"href":"https:\/\/noticiasbahia360.com.br\/index.php?rest_route=%2Fwp%2Fv2%2Fmedia&parent=94917"}],"wp:term":[{"taxonomy":"category","embeddable":true,"href":"https:\/\/noticiasbahia360.com.br\/index.php?rest_route=%2Fwp%2Fv2%2Fcategories&post=94917"},{"taxonomy":"post_tag","embeddable":true,"href":"https:\/\/noticiasbahia360.com.br\/index.php?rest_route=%2Fwp%2Fv2%2Ftags&post=94917"}],"curies":[{"name":"wp","href":"https:\/\/api.w.org\/{rel}","templated":true}]}}