{"id":94922,"date":"2025-07-28T15:55:52","date_gmt":"2025-07-28T18:55:52","guid":{"rendered":"https:\/\/noticiasbahia360.com.br\/?p=94922"},"modified":"2025-07-28T15:55:52","modified_gmt":"2025-07-28T18:55:52","slug":"onibus-da-banda-do-cantor-netto-brito-e-retirado-da-pista-apos-acidente-com-3-mortes","status":"publish","type":"post","link":"https:\/\/noticiasbahia360.com.br\/?p=94922","title":{"rendered":"\u00d4nibus da banda do cantor Netto Brito \u00e9 retirado da pista ap\u00f3s acidente com 3 mortes"},"content":{"rendered":"<div>\n<div>\n<figure><img decoding=\"async\" src=\"http:\/\/noticiasbahia360.com.br\/wp-content\/uploads\/2025\/07\/acidente-onibus-netto-brito-reproducao-blog-do-valente.jpg\" alt=\"Acidente com \u00f4nibus do cantor Netto Brito\"><figcaption>Foto: Reprodu\u00e7\u00e3o\/Blog do Valente<\/figcaption><\/figure>\n<\/div>\n<p>O \u00f4nibus da banda do cantor Netto Brito foi guinchado na manh\u00e3 desta segunda-feira (28) ap\u00f3s acidente fatal na BA-046 que vitimou 3 pessoas.<\/p>\n<p>De acordo com informa\u00e7\u00f5s do Blog do Valente, parceiro do Acorda Cidade, o ve\u00edculo est\u00e1 estacionado em uma empresa de guincho \u00e0s margens da BR-101 em Santo Ant\u00f4nio de Jesus.<\/p>\n<p>Na manh\u00e3 desta segunda, os danos causados pela colis\u00e3o ficaram mais vis\u00edveis, a parte da frente do \u00f4nibus ficou quase que inteiramente danificada, principalmente do lado direito onde o impacto foi maior.<\/p>\n<p>O acidente aconteceu na noite deste domingo (27) na BA-046, no Povoado de Pedra Preta, em Santo Ant\u00f4nio de Jesus quando a banda seguia para uma apresenta\u00e7\u00e3o em Salinas da Margarida.<\/p>\n<p>Um carro de passeio colidiu de frente com o \u00f4nibus. No carro estavam Leila dos Santos Lima e Robson Carvalho Galv\u00e3o de Jesus, 33 anos, eles morreram no local.<\/p>\n<p>Carlos Boj\u00f4, t\u00e9cnico de som da banda estava no \u00f4nibus e chegou a ficar preso nas ferragens onde perdeu muito sangue. Ele foi levado para Hospital Regional de Santo Ant\u00f4nio de Jesus, mas n\u00e3o resistiu aos ferimentos.<\/p>\n<p>A suspeita \u00e9 de que o carro teria tentado uma ultrapassagem entrando na contram\u00e3o causando assim a colis\u00e3o frontal.<\/p>\n<p>Leia mais detalhes aqui: <a href=\"https:\/\/www.acordacidade.com.br\/bahia\/tecnico-de-som-da-banda-de-netto-brito-e-outras-duas-pessoas-morrem-em-grave-acidente-em-santo-antonio-de-jesus\/\">T\u00e9cnico de som da banda de Netto Brito e outras 2 pessoas morrem em grave acidente em Santo Ant\u00f4nio de Jesus<\/a><\/p>\n<p><em>Siga o Acorda Cidade no<\/em><a href=\"https:\/\/news.google.com\/search?q=acorda%20cidade&amp;hl=pt-BR&amp;gl=BR&amp;ceid=BR%3Apt-419\"><strong><em> Google Not\u00edcias<\/em><\/strong><\/a><em> e receba os principais destaques do dia. Participe tamb\u00e9m dos nossos canais no <\/em><a href=\"https:\/\/whatsapp.com\/channel\/0029Va6Rb4v3WHTNnsh8WI3N\"><strong><em>WhatsApp<\/em><\/strong><\/a><em> e <\/em><a href=\"https:\/\/www.youtube.com\/@acordacidadenoticias\/videos\"><strong>Youtube<\/strong><\/a><em> e grupo de <\/em><a href=\"https:\/\/t.me\/+sSz0khrgARA0ZmRh\"><strong><em>Telegram<\/em><\/strong><\/a><em>.<\/em><\/p>\n<\/div>\n","protected":false},"excerpt":{"rendered":"<div>\n<div>\n<figure><img decoding=\"async\" src=\"https:\/\/uploads.acordacidade.com.br\/2025\/07\/acidente-onibus-netto-brito-reproducao-blog-do-valente.jpg\" alt=\"Acidente com \u00f4nibus do cantor Netto Brito\"><figcaption>Foto: Reprodu\u00e7\u00e3o\/Blog do Valente<\/figcaption><\/figure>\n<\/div>\n<p>Com o impacto da colis\u00e3o a parte frontal do ve\u00edculo ficou bastante destru\u00edda<\/p><\/div>\n","protected":false},"author":1,"featured_media":94923,"comment_status":"closed","ping_status":"closed","sticky":false,"template":"","format":"gallery","meta":{"footnotes":""},"categories":[8,9,6,57,56,10],"tags":[],"class_list":["post-94922","post","type-post","status-publish","format-gallery","has-post-thumbnail","hentry","category-bahia","category-brasil","category-feira-de-santana","category-mundo","category-policia","category-politica","post_format-post-format-gallery"],"featured_image_urls":{"full":["https:\/\/noticiasbahia360.com.br\/wp-content\/uploads\/2025\/07\/acidente-onibus-netto-brito-reproducao-blog-do-valente.jpg",1200,800,false],"thumbnail":["https:\/\/noticiasbahia360.com.br\/wp-content\/uploads\/2025\/07\/acidente-onibus-netto-brito-reproducao-blog-do-valente-150x150.jpg",150,150,true],"medium":["https:\/\/noticiasbahia360.com.br\/wp-content\/uploads\/2025\/07\/acidente-onibus-netto-brito-reproducao-blog-do-valente-300x200.jpg",300,200,true],"medium_large":["https:\/\/noticiasbahia360.com.br\/wp-content\/uploads\/2025\/07\/acidente-onibus-netto-brito-reproducao-blog-do-valente-768x512.jpg",640,427,true],"large":["https:\/\/noticiasbahia360.com.br\/wp-content\/uploads\/2025\/07\/acidente-onibus-netto-brito-reproducao-blog-do-valente-1024x683.jpg",640,427,true],"1536x1536":["https:\/\/noticiasbahia360.com.br\/wp-content\/uploads\/2025\/07\/acidente-onibus-netto-brito-reproducao-blog-do-valente.jpg",1200,800,false],"2048x2048":["https:\/\/noticiasbahia360.com.br\/wp-content\/uploads\/2025\/07\/acidente-onibus-netto-brito-reproducao-blog-do-valente.jpg",1200,800,false],"chromenews-featured":["https:\/\/noticiasbahia360.com.br\/wp-content\/uploads\/2025\/07\/acidente-onibus-netto-brito-reproducao-blog-do-valente-1024x683.jpg",1024,683,true],"chromenews-large":["https:\/\/noticiasbahia360.com.br\/wp-content\/uploads\/2025\/07\/acidente-onibus-netto-brito-reproducao-blog-do-valente-825x575.jpg",825,575,true],"chromenews-medium":["https:\/\/noticiasbahia360.com.br\/wp-content\/uploads\/2025\/07\/acidente-onibus-netto-brito-reproducao-blog-do-valente-590x410.jpg",590,410,true]},"author_info":{"display_name":"noticiasbahia360.com.br","author_link":"https:\/\/noticiasbahia360.com.br\/?author=1"},"category_info":"<a href=\"https:\/\/noticiasbahia360.com.br\/?cat=8\" rel=\"category\">Bahia<\/a> <a href=\"https:\/\/noticiasbahia360.com.br\/?cat=9\" rel=\"category\">Brasil<\/a> <a href=\"https:\/\/noticiasbahia360.com.br\/?cat=6\" rel=\"category\">Feira de Santana<\/a> <a href=\"https:\/\/noticiasbahia360.com.br\/?cat=57\" rel=\"category\">Mundo<\/a> <a href=\"https:\/\/noticiasbahia360.com.br\/?cat=56\" rel=\"category\">Pol\u00edcia<\/a> <a href=\"https:\/\/noticiasbahia360.com.br\/?cat=10\" rel=\"category\">Pol\u00edtica<\/a>","tag_info":"Pol\u00edtica","comment_count":"0","_links":{"self":[{"href":"https:\/\/noticiasbahia360.com.br\/index.php?rest_route=\/wp\/v2\/posts\/94922","targetHints":{"allow":["GET"]}}],"collection":[{"href":"https:\/\/noticiasbahia360.com.br\/index.php?rest_route=\/wp\/v2\/posts"}],"about":[{"href":"https:\/\/noticiasbahia360.com.br\/index.php?rest_route=\/wp\/v2\/types\/post"}],"author":[{"embeddable":true,"href":"https:\/\/noticiasbahia360.com.br\/index.php?rest_route=\/wp\/v2\/users\/1"}],"replies":[{"embeddable":true,"href":"https:\/\/noticiasbahia360.com.br\/index.php?rest_route=%2Fwp%2Fv2%2Fcomments&post=94922"}],"version-history":[{"count":0,"href":"https:\/\/noticiasbahia360.com.br\/index.php?rest_route=\/wp\/v2\/posts\/94922\/revisions"}],"wp:featuredmedia":[{"embeddable":true,"href":"https:\/\/noticiasbahia360.com.br\/index.php?rest_route=\/wp\/v2\/media\/94923"}],"wp:attachment":[{"href":"https:\/\/noticiasbahia360.com.br\/index.php?rest_route=%2Fwp%2Fv2%2Fmedia&parent=94922"}],"wp:term":[{"taxonomy":"category","embeddable":true,"href":"https:\/\/noticiasbahia360.com.br\/index.php?rest_route=%2Fwp%2Fv2%2Fcategories&post=94922"},{"taxonomy":"post_tag","embeddable":true,"href":"https:\/\/noticiasbahia360.com.br\/index.php?rest_route=%2Fwp%2Fv2%2Ftags&post=94922"}],"curies":[{"name":"wp","href":"https:\/\/api.w.org\/{rel}","templated":true}]}}