{"id":94926,"date":"2025-07-28T16:15:28","date_gmt":"2025-07-28T19:15:28","guid":{"rendered":"https:\/\/noticiasbahia360.com.br\/?p=94926"},"modified":"2025-07-28T16:15:28","modified_gmt":"2025-07-28T19:15:28","slug":"suspeito-de-ameacar-ex-companheira-em-sp-e-preso-ao-comparecer-em-agencia-do-inss-em-feira-de-santana","status":"publish","type":"post","link":"https:\/\/noticiasbahia360.com.br\/?p=94926","title":{"rendered":"Suspeito de amea\u00e7ar ex-companheira em SP \u00e9 preso ao comparecer em ag\u00eancia do INSS em Feira de Santana"},"content":{"rendered":"<div>\n<div>\n<figure><img decoding=\"async\" src=\"http:\/\/noticiasbahia360.com.br\/wp-content\/uploads\/2025\/07\/jBdCDBEZ-INSS-da-Queimadinha-ft-ney-silva-acorda-cidade-1.jpg\" alt=\"INSS: pedidos de reembolso passam de 1 milh\u00e3o\"><figcaption>Foto: Ney Silva\/Acorda Cidade<\/figcaption><\/figure>\n<\/div>\n<p>Um pedreiro de 59 anos foi preso na manh\u00e3 desta segunda-feira (28), ao comparecer \u00e0 ag\u00eancia do Instituto Nacional do Seguro Social (INSS), no bairro Queimadinha, em <a href=\"https:\/\/www.acordacidade.com.br\/tag\/feira-de-santana\/\">Feira de Santana<\/a>, onde estava com per\u00edcia m\u00e9dica agendada. Contra o suspeito havia um mandado de pris\u00e3o preventiva expedido pela Vara \u00danica da Comarca de Ibat\u00e9, no estado de S\u00e3o Paulo.<\/p>\n<p>A pris\u00e3o foi realizada por equipes da Delegacia Especial de Atendimento \u00e0 Mulher (Deam\/Feira de Santana), ap\u00f3s trabalho de intelig\u00eancia que identificou o local e o hor\u00e1rio do atendimento. Os policiais monitoraram a movimenta\u00e7\u00e3o na ag\u00eancia, confirmaram a presen\u00e7a do suspeito e aguardaram o t\u00e9rmino do procedimento para dar cumprimento \u00e0 ordem judicial.<\/p>\n<p>Segundo as investiga\u00e7\u00f5es, o homem \u00e9 acusado de amea\u00e7ar a ex-companheira com uma barra de ferro, al\u00e9m de cometer atos de dano e descumprir medida protetiva de urg\u00eancia, em 2024, na cidade de Ibat\u00e9, interior paulista. Ap\u00f3s a pris\u00e3o, ele foi conduzido \u00e0 unidade policial para a ado\u00e7\u00e3o das provid\u00eancias legais e permanece custodiado, \u00e0 disposi\u00e7\u00e3o do Poder Judici\u00e1rio.<\/p>\n<p><em>Siga o Acorda Cidade no<\/em><a href=\"https:\/\/news.google.com\/search?q=acorda%20cidade&amp;hl=pt-BR&amp;gl=BR&amp;ceid=BR%3Apt-419\"><strong><em> Google Not\u00edcias<\/em><\/strong><\/a><em> e receba os principais destaques do dia. Participe tamb\u00e9m dos nossos canais no <\/em><a href=\"https:\/\/whatsapp.com\/channel\/0029Va6Rb4v3WHTNnsh8WI3N\"><strong><em>WhatsApp<\/em><\/strong><\/a><em> e <\/em><a href=\"https:\/\/www.youtube.com\/@acordacidadenoticias\/videos\"><strong>Youtube<\/strong><\/a><em> e grupo de <\/em><a href=\"https:\/\/t.me\/+sSz0khrgARA0ZmRh\"><strong><em>Telegram<\/em><\/strong><\/a><em>.<\/em><\/p>\n<\/div>\n","protected":false},"excerpt":{"rendered":"<div>\n<div>\n<figure><img decoding=\"async\" src=\"https:\/\/uploads.acordacidade.com.br\/2024\/10\/jBdCDBEZ-INSS-da-Queimadinha-ft-ney-silva-acorda-cidade-1.jpg\" alt=\"INSS: pedidos de reembolso passam de 1 milh\u00e3o\"><figcaption>Foto: Ney Silva\/Acorda Cidade<\/figcaption><\/figure>\n<\/div>\n<p>Homem tinha mandado de pris\u00e3o expedido pela Justi\u00e7a de S\u00e3o Paulo por amea\u00e7a, dano e descumprimento de medida protetiva<\/p><\/div>\n","protected":false},"author":1,"featured_media":94927,"comment_status":"closed","ping_status":"closed","sticky":false,"template":"","format":"gallery","meta":{"footnotes":""},"categories":[8,9,6,57,56,10],"tags":[],"class_list":["post-94926","post","type-post","status-publish","format-gallery","has-post-thumbnail","hentry","category-bahia","category-brasil","category-feira-de-santana","category-mundo","category-policia","category-politica","post_format-post-format-gallery"],"featured_image_urls":{"full":["https:\/\/noticiasbahia360.com.br\/wp-content\/uploads\/2025\/07\/jBdCDBEZ-INSS-da-Queimadinha-ft-ney-silva-acorda-cidade-1.jpg",640,480,false],"thumbnail":["https:\/\/noticiasbahia360.com.br\/wp-content\/uploads\/2025\/07\/jBdCDBEZ-INSS-da-Queimadinha-ft-ney-silva-acorda-cidade-1-150x150.jpg",150,150,true],"medium":["https:\/\/noticiasbahia360.com.br\/wp-content\/uploads\/2025\/07\/jBdCDBEZ-INSS-da-Queimadinha-ft-ney-silva-acorda-cidade-1-300x225.jpg",300,225,true],"medium_large":["https:\/\/noticiasbahia360.com.br\/wp-content\/uploads\/2025\/07\/jBdCDBEZ-INSS-da-Queimadinha-ft-ney-silva-acorda-cidade-1.jpg",640,480,false],"large":["https:\/\/noticiasbahia360.com.br\/wp-content\/uploads\/2025\/07\/jBdCDBEZ-INSS-da-Queimadinha-ft-ney-silva-acorda-cidade-1.jpg",640,480,false],"1536x1536":["https:\/\/noticiasbahia360.com.br\/wp-content\/uploads\/2025\/07\/jBdCDBEZ-INSS-da-Queimadinha-ft-ney-silva-acorda-cidade-1.jpg",640,480,false],"2048x2048":["https:\/\/noticiasbahia360.com.br\/wp-content\/uploads\/2025\/07\/jBdCDBEZ-INSS-da-Queimadinha-ft-ney-silva-acorda-cidade-1.jpg",640,480,false],"chromenews-featured":["https:\/\/noticiasbahia360.com.br\/wp-content\/uploads\/2025\/07\/jBdCDBEZ-INSS-da-Queimadinha-ft-ney-silva-acorda-cidade-1.jpg",640,480,false],"chromenews-large":["https:\/\/noticiasbahia360.com.br\/wp-content\/uploads\/2025\/07\/jBdCDBEZ-INSS-da-Queimadinha-ft-ney-silva-acorda-cidade-1.jpg",640,480,false],"chromenews-medium":["https:\/\/noticiasbahia360.com.br\/wp-content\/uploads\/2025\/07\/jBdCDBEZ-INSS-da-Queimadinha-ft-ney-silva-acorda-cidade-1-590x410.jpg",590,410,true]},"author_info":{"display_name":"noticiasbahia360.com.br","author_link":"https:\/\/noticiasbahia360.com.br\/?author=1"},"category_info":"<a href=\"https:\/\/noticiasbahia360.com.br\/?cat=8\" rel=\"category\">Bahia<\/a> <a href=\"https:\/\/noticiasbahia360.com.br\/?cat=9\" rel=\"category\">Brasil<\/a> <a href=\"https:\/\/noticiasbahia360.com.br\/?cat=6\" rel=\"category\">Feira de Santana<\/a> <a href=\"https:\/\/noticiasbahia360.com.br\/?cat=57\" rel=\"category\">Mundo<\/a> <a href=\"https:\/\/noticiasbahia360.com.br\/?cat=56\" rel=\"category\">Pol\u00edcia<\/a> <a href=\"https:\/\/noticiasbahia360.com.br\/?cat=10\" rel=\"category\">Pol\u00edtica<\/a>","tag_info":"Pol\u00edtica","comment_count":"0","_links":{"self":[{"href":"https:\/\/noticiasbahia360.com.br\/index.php?rest_route=\/wp\/v2\/posts\/94926","targetHints":{"allow":["GET"]}}],"collection":[{"href":"https:\/\/noticiasbahia360.com.br\/index.php?rest_route=\/wp\/v2\/posts"}],"about":[{"href":"https:\/\/noticiasbahia360.com.br\/index.php?rest_route=\/wp\/v2\/types\/post"}],"author":[{"embeddable":true,"href":"https:\/\/noticiasbahia360.com.br\/index.php?rest_route=\/wp\/v2\/users\/1"}],"replies":[{"embeddable":true,"href":"https:\/\/noticiasbahia360.com.br\/index.php?rest_route=%2Fwp%2Fv2%2Fcomments&post=94926"}],"version-history":[{"count":0,"href":"https:\/\/noticiasbahia360.com.br\/index.php?rest_route=\/wp\/v2\/posts\/94926\/revisions"}],"wp:featuredmedia":[{"embeddable":true,"href":"https:\/\/noticiasbahia360.com.br\/index.php?rest_route=\/wp\/v2\/media\/94927"}],"wp:attachment":[{"href":"https:\/\/noticiasbahia360.com.br\/index.php?rest_route=%2Fwp%2Fv2%2Fmedia&parent=94926"}],"wp:term":[{"taxonomy":"category","embeddable":true,"href":"https:\/\/noticiasbahia360.com.br\/index.php?rest_route=%2Fwp%2Fv2%2Fcategories&post=94926"},{"taxonomy":"post_tag","embeddable":true,"href":"https:\/\/noticiasbahia360.com.br\/index.php?rest_route=%2Fwp%2Fv2%2Ftags&post=94926"}],"curies":[{"name":"wp","href":"https:\/\/api.w.org\/{rel}","templated":true}]}} 