{"id":94928,"date":"2025-07-28T16:25:37","date_gmt":"2025-07-28T19:25:37","guid":{"rendered":"https:\/\/noticiasbahia360.com.br\/?p=94928"},"modified":"2025-07-28T16:25:37","modified_gmt":"2025-07-28T19:25:37","slug":"conselho-federal-de-medicina-proibe-anestesia-para-a-realizacao-de-tatuagens","status":"publish","type":"post","link":"https:\/\/noticiasbahia360.com.br\/?p=94928","title":{"rendered":"Conselho Federal de Medicina pro\u00edbe anestesia para a realiza\u00e7\u00e3o de tatuagens"},"content":{"rendered":"<div>\n<div>\n<figure><img decoding=\"async\" src=\"http:\/\/noticiasbahia360.com.br\/wp-content\/uploads\/2025\/07\/igorkannario_sessaodetatuagem_caponeclub-1.jpeg\" alt=\"Sess\u00e3o de Tatuagem\"><figcaption>Sess\u00e3o de Tatuagem do cantor Igor Kann\u00e1rio | Foto: Capone Club<\/figcaption><\/figure>\n<\/div>\n<p>Ag\u00eancia Brasil \u2013 O Conselho Federal de Medicina<strong>\u00a0proibiu a utiliza\u00e7\u00e3o de anestesia para a realiza\u00e7\u00e3o de tatuagens, \u201cindependentemente da extens\u00e3o ou localiza\u00e7\u00e3o\u201d do desenho.<\/strong>\u00a0Os m\u00e9dicos est\u00e3o vedados de fazer tanto anestesia geral como local, e tamb\u00e9m seda\u00e7\u00e3o.<img decoding=\"async\" src=\"https:\/\/agenciabrasil.ebc.com.br\/ebc.png?id=1652268&amp;o=node\"><img decoding=\"async\" src=\"https:\/\/agenciabrasil.ebc.com.br\/ebc.gif?id=1652268&amp;o=node\"><\/p>\n<p>Em julho do ano passado, o ex-deputado federal e cantor Igor Kann\u00e1rio se submeteu a uma seda\u00e7\u00e3o para \u2018fechar o corpo\u2019 com tatuagens em apenas uma sess\u00e3o. <em>(<a href=\"https:\/\/www.acordacidade.com.br\/bahia\/cantor-igor-kannario-e-sedado-para-sessao-de-tatuagem-de-oito-horas-em-salvador\/\" target=\"_blank\" rel=\"noreferrer noopener\">Relembre aqui<\/a>)<\/em><\/p>\n<p>A resolu\u00e7\u00e3o foi publicada no\u00a0Di\u00e1rio Oficial da Uni\u00e3o\u00a0desta segunda-feira (28)\u00a0e libera o\u00a0<strong>uso de anestesias apenas em \u201cprocedimentos anest\u00e9sicos destinados a viabilizar a tatuagem com indica\u00e7\u00e3o m\u00e9dica para reconstru\u00e7\u00e3o\u201d, como a pigmenta\u00e7\u00e3o da ar\u00e9ola mam\u00e1ria ap\u00f3s cirurgia de retirada das mamas, em mulheres que passaram por tratamento de c\u00e2ncer de mama.<\/strong><\/p>\n<p>Mesmo nessas situa\u00e7\u00f5es, o CFM determina que o procedimento deve ocorrer em ambiente de sa\u00fade \u201ccom infraestrutura adequada, incluindo avalia\u00e7\u00e3o pr\u00e9-anest\u00e9sica, monitoramento cont\u00ednuo, equipamentos de suporte \u00e0 vida e equipe treinada para intercorr\u00eancias.<\/p>\n<p>A resolu\u00e7\u00e3o considera o crescimento recente da participa\u00e7\u00e3o de m\u00e9dicos, em especial anestesiologistas, na administra\u00e7\u00e3o de agentes anest\u00e9sicos para facilitar a realiza\u00e7\u00e3o de tatuagens extensas ou em \u00e1reas sens\u00edveis, de acordo com o conselheiro Diogo Sampaio, relator da medida.<\/p>\n<p>\u201cA participa\u00e7\u00e3o m\u00e9dica nesses contextos, especialmente envolvendo seda\u00e7\u00e3o profunda ou anestesia geral para a realiza\u00e7\u00e3o de tatuagens, configura um cen\u00e1rio preocupante, pois n\u00e3o existe evid\u00eancia clara de seguran\u00e7a dos pacientes e \u00e0 sa\u00fade p\u00fablica. Ao viabilizar a execu\u00e7\u00e3o de tatuagens de grande extens\u00e3o corporal, que seriam intoler\u00e1veis sem suporte anest\u00e9sico, a pr\u00e1tica eleva demasiadamente o risco de absor\u00e7\u00e3o sist\u00eamica dos pigmentos, metais pesados (c\u00e1dmio, n\u00edquel, chumbo e cromo) e outros componentes das tintas\u201d, explica.<\/p>\n<p>Sampaio tamb\u00e9m argumenta que \u201ca execu\u00e7\u00e3o de qualquer ato anest\u00e9sico envolve riscos intr\u00ednsecos ao paciente\u201d e que o uso de anestesia para a realiza\u00e7\u00e3o de tatuagens, sem finalidade terap\u00eautica \u201ccolide frontalmente\u201d com a avalia\u00e7\u00e3o criteriosa da rela\u00e7\u00e3o risco benef\u00edcio. Al\u00e9m disso, diz que os est\u00fadios de tatuagem n\u00e3o cumprem os requisitos m\u00ednimos para a pr\u00e1tica anest\u00e9sica segura.<\/p>\n<p>A decis\u00e3o do CFM recebeu o apoio da Sociedade Brasileira de Anestesiologia (SBA). Em nota, a entidade destacou que \u201co uso de t\u00e9cnicas anest\u00e9sicas, mesmo em situa\u00e7\u00f5es consideradas simples ou est\u00e9ticas, envolve riscos que exigem preparo, ambiente apropriado e protocolos rigorosos de seguran\u00e7a.\u201d<\/p>\n<p>Para isso, de acordo com a SBA, \u00e9 preciso que o paciente passe por avalia\u00e7\u00e3o pr\u00e9-anest\u00e9sica detalhada e seu consentimento seja livre e esclarecido, ap\u00f3s receber informa\u00e7\u00f5es claras sobre os riscos e benef\u00edcios do procedimento. O procedimento tamb\u00e9m deve ser feito em \u201cambiente com estrutura adequada, monitoriza\u00e7\u00e3o, equipamentos de suporte \u00e0 vida e equipe preparada para eventuais complica\u00e7\u00f5es.\u201d<\/p>\n<p><strong>Leia tamb\u00e9m: <a href=\"https:\/\/www.acordacidade.com.br\/bahia\/cantor-igor-kannario-e-sedado-para-sessao-de-tatuagem-de-oito-horas-em-salvador\/\" target=\"_blank\" rel=\"noreferrer noopener\">Cantor Igor Kann\u00e1rio \u00e9 sedado para sess\u00e3o de tatuagem de oito horas em Salvador<\/a><\/strong><\/p>\n<p><em>Siga o Acorda Cidade no<\/em><a href=\"https:\/\/news.google.com\/search?q=acorda%20cidade&amp;hl=pt-BR&amp;gl=BR&amp;ceid=BR%3Apt-419\"><strong><em>\u00a0Google Not\u00edcias<\/em><\/strong><\/a><em>\u00a0e receba os principais destaques do dia. Participe tamb\u00e9m dos nossos canais no\u00a0<\/em><a href=\"https:\/\/www.whatsapp.com\/channel\/0029Va6Rb4v3WHTNnsh8WI3N\"><strong><em>WhatsApp<\/em><\/strong><\/a><em>\u00a0e\u00a0<\/em><a href=\"https:\/\/www.youtube.com\/@acordacidadenoticias\/videos\"><strong>YouTube<\/strong><\/a><em>\u00a0e grupo de\u00a0<\/em><a href=\"https:\/\/t.me\/+sSz0khrgARA0ZmRh\"><strong><em>Telegram<\/em><\/strong><\/a><em>.<\/em><\/p>\n<\/div>\n","protected":false},"excerpt":{"rendered":"<div>\n<div>\n<figure><img decoding=\"async\" src=\"https:\/\/www.acordacidade.com.br\/wp-content\/uploads\/2024\/07\/igorkannario_sessaodetatuagem_caponeclub-1.jpeg\" alt=\"Sess\u00e3o de Tatuagem\"><figcaption>Sess\u00e3o de Tatuagem do cantor Igor Kann\u00e1rio | Foto: Capone Club<\/figcaption><\/figure>\n<\/div>\n<p>A decis\u00e3o do CFM recebeu o apoio da SBA. Em nota, a entidade destacou que o uso de t\u00e9cnicas anest\u00e9sicas envolve riscos.<\/p><\/div>\n","protected":false},"author":1,"featured_media":94929,"comment_status":"closed","ping_status":"closed","sticky":false,"template":"","format":"gallery","meta":{"footnotes":""},"categories":[8,9,6,57,56,10],"tags":[],"class_list":["post-94928","post","type-post","status-publish","format-gallery","has-post-thumbnail","hentry","category-bahia","category-brasil","category-feira-de-santana","category-mundo","category-policia","category-politica","post_format-post-format-gallery"],"featured_image_urls":{"full":["https:\/\/noticiasbahia360.com.br\/wp-content\/uploads\/2025\/07\/igorkannario_sessaodetatuagem_caponeclub-1.jpeg",640,613,false],"thumbnail":["https:\/\/noticiasbahia360.com.br\/wp-content\/uploads\/2025\/07\/igorkannario_sessaodetatuagem_caponeclub-1-150x150.jpeg",150,150,true],"medium":["https:\/\/noticiasbahia360.com.br\/wp-content\/uploads\/2025\/07\/igorkannario_sessaodetatuagem_caponeclub-1-300x287.jpeg",300,287,true],"medium_large":["https:\/\/noticiasbahia360.com.br\/wp-content\/uploads\/2025\/07\/igorkannario_sessaodetatuagem_caponeclub-1.jpeg",640,613,false],"large":["https:\/\/noticiasbahia360.com.br\/wp-content\/uploads\/2025\/07\/igorkannario_sessaodetatuagem_caponeclub-1.jpeg",640,613,false],"1536x1536":["https:\/\/noticiasbahia360.com.br\/wp-content\/uploads\/2025\/07\/igorkannario_sessaodetatuagem_caponeclub-1.jpeg",640,613,false],"2048x2048":["https:\/\/noticiasbahia360.com.br\/wp-content\/uploads\/2025\/07\/igorkannario_sessaodetatuagem_caponeclub-1.jpeg",640,613,false],"chromenews-featured":["https:\/\/noticiasbahia360.com.br\/wp-content\/uploads\/2025\/07\/igorkannario_sessaodetatuagem_caponeclub-1.jpeg",640,613,false],"chromenews-large":["https:\/\/noticiasbahia360.com.br\/wp-content\/uploads\/2025\/07\/igorkannario_sessaodetatuagem_caponeclub-1-640x575.jpeg",640,575,true],"chromenews-medium":["https:\/\/noticiasbahia360.com.br\/wp-content\/uploads\/2025\/07\/igorkannario_sessaodetatuagem_caponeclub-1-590x410.jpeg",590,410,true]},"author_info":{"display_name":"noticiasbahia360.com.br","author_link":"https:\/\/noticiasbahia360.com.br\/?author=1"},"category_info":"<a href=\"https:\/\/noticiasbahia360.com.br\/?cat=8\" rel=\"category\">Bahia<\/a> <a href=\"https:\/\/noticiasbahia360.com.br\/?cat=9\" rel=\"category\">Brasil<\/a> <a href=\"https:\/\/noticiasbahia360.com.br\/?cat=6\" rel=\"category\">Feira de Santana<\/a> <a href=\"https:\/\/noticiasbahia360.com.br\/?cat=57\" rel=\"category\">Mundo<\/a> <a href=\"https:\/\/noticiasbahia360.com.br\/?cat=56\" rel=\"category\">Pol\u00edcia<\/a> <a href=\"https:\/\/noticiasbahia360.com.br\/?cat=10\" rel=\"category\">Pol\u00edtica<\/a>","tag_info":"Pol\u00edtica","comment_count":"0","_links":{"self":[{"href":"https:\/\/noticiasbahia360.com.br\/index.php?rest_route=\/wp\/v2\/posts\/94928","targetHints":{"allow":["GET"]}}],"collection":[{"href":"https:\/\/noticiasbahia360.com.br\/index.php?rest_route=\/wp\/v2\/posts"}],"about":[{"href":"https:\/\/noticiasbahia360.com.br\/index.php?rest_route=\/wp\/v2\/types\/post"}],"author":[{"embeddable":true,"href":"https:\/\/noticiasbahia360.com.br\/index.php?rest_route=\/wp\/v2\/users\/1"}],"replies":[{"embeddable":true,"href":"https:\/\/noticiasbahia360.com.br\/index.php?rest_route=%2Fwp%2Fv2%2Fcomments&post=94928"}],"version-history":[{"count":0,"href":"https:\/\/noticiasbahia360.com.br\/index.php?rest_route=\/wp\/v2\/posts\/94928\/revisions"}],"wp:featuredmedia":[{"embeddable":true,"href":"https:\/\/noticiasbahia360.com.br\/index.php?rest_route=\/wp\/v2\/media\/94929"}],"wp:attachment":[{"href":"https:\/\/noticiasbahia360.com.br\/index.php?rest_route=%2Fwp%2Fv2%2Fmedia&parent=94928"}],"wp:term":[{"taxonomy":"category","embeddable":true,"href":"https:\/\/noticiasbahia360.com.br\/index.php?rest_route=%2Fwp%2Fv2%2Fcategories&post=94928"},{"taxonomy":"post_tag","embeddable":true,"href":"https:\/\/noticiasbahia360.com.br\/index.php?rest_route=%2Fwp%2Fv2%2Ftags&post=94928"}],"curies":[{"name":"wp","href":"https:\/\/api.w.org\/{rel}","templated":true}]}}