{"id":94930,"date":"2025-07-28T16:30:21","date_gmt":"2025-07-28T19:30:21","guid":{"rendered":"https:\/\/noticiasbahia360.com.br\/?p=94930"},"modified":"2025-07-28T16:30:21","modified_gmt":"2025-07-28T19:30:21","slug":"cnu-2025-2a-edicao-do-concurso-registra-mais-de-760-mil-inscricoes-mulheres-representam-60","status":"publish","type":"post","link":"https:\/\/noticiasbahia360.com.br\/?p=94930","title":{"rendered":"CNU 2025: 2\u00aa edi\u00e7\u00e3o do concurso registra mais de 760 mil inscri\u00e7\u00f5es; mulheres representam 60%"},"content":{"rendered":"<div>\n<div>\n<figure><img decoding=\"async\" src=\"http:\/\/noticiasbahia360.com.br\/wp-content\/uploads\/2025\/07\/afrocientista_mcamgo_abr_28102023-7estudantes-pos-graduacao-1.webp\" alt=\"estudantes - p\u00f3s-gradua\u00e7\u00e3o\"><figcaption>Foto: Marcelo Camargo\/Ag\u00eancia Brasil<\/figcaption><\/figure>\n<\/div>\n<p>Ag\u00eancia Brasil \u2013 A segunda edi\u00e7\u00e3o do\u00a0Concurso P\u00fablico Nacional Unificado (CPNU 2)\u00a0registrou 761.528 inscri\u00e7\u00f5es confirmadas. A primeira edi\u00e7\u00e3o do concurso unificado, realizada em agosto de 2024, registrou um total de 2.114.145 candidatos inscritos confirmados.<img decoding=\"async\" src=\"https:\/\/agenciabrasil.ebc.com.br\/ebc.png?id=1652285&amp;o=node\"><img decoding=\"async\" src=\"https:\/\/agenciabrasil.ebc.com.br\/ebc.gif?id=1652285&amp;o=node\"><\/p>\n<p><strong>O CPNU 2 oferece 3.652 vagas em 32 \u00f3rg\u00e3os do governo federal. As vagas s\u00e3o para cargos distintos da primeira edi\u00e7\u00e3o do CNU.<\/strong><\/p>\n<h2 class=\"wp-block-heading\" id=\"h-abrangencia-nacional\">Abrang\u00eancia nacional<\/h2>\n<p>As provas ser\u00e3o aplicadas em 228 cidades de todas as unidades da federa\u00e7\u00e3o. As regi\u00f5es Sudeste (247.838) e Nordeste (229.436) tiveram o maior n\u00famero de inscritos, seguidas por Centro-Oeste (150.870), Norte (84.651) e Sul (48.733).<\/p>\n<p><strong>De acordo com o Minist\u00e9rio da Gest\u00e3o e da Inova\u00e7\u00e3o em Servi\u00e7os P\u00fablicos (MGI), o panorama \u201creflete a abrang\u00eancia do modelo unificado, que busca garantir igualdade de acesso ao servi\u00e7o p\u00fablico federal em todo o territ\u00f3rio nacional, valorizando a diversidade regional\u201d.<\/strong><\/p>\n<p>O estado do Rio de Janeiro lidera o n\u00famero de inscri\u00e7\u00f5es homologadas, com 108.838 candidatos, seguido pelo Distrito Federal, com 102.940 inscri\u00e7\u00f5es. Em terceiro lugar, S\u00e3o Paulo registrou 77.682 inscritos. Bahia e Minas Gerais se destacam com 65.602 e 51.142 inscri\u00e7\u00f5es homologadas, respectivamente.<\/p>\n<h2 class=\"wp-block-heading\" id=\"h-mulheres\">Mulheres<\/h2>\n<p>No chamado Enem dos concursos, as mulheres representam 60% dos inscritos. Um aumento de 3,8%, em rela\u00e7\u00e3o \u00e0 edi\u00e7\u00e3o anterior, quando correspondiam a 56,2% do total de candidatos.<\/p>\n<p><strong>Para esta edi\u00e7\u00e3o, o governo federal anunciou a implementa\u00e7\u00e3o de medidas espec\u00edficas para incentivar a participa\u00e7\u00e3o feminina no certame.<\/strong><\/p>\n<p>A primeira prev\u00ea que, caso haja uma despropor\u00e7\u00e3o de mulheres classificadas na primeira fase, de provas objetivas, ser\u00e1 feita a equipara\u00e7\u00e3o de g\u00eanero. Na pr\u00e1tica, o\u00a0<a href=\"https:\/\/www.in.gov.br\/en\/web\/dou\/-\/edital-enap-n-114-de-30-de-junho-de-2025-638911305\" target=\"_blank\" rel=\"noreferrer noopener\">edital do certame<\/a>\u00a0garante que, no m\u00ednimo, 50% das vagas da segunda etapa, de provas discursivas, sejam preenchidas por mulheres, desde que haja candidatas aprovadas nessa fase, com as notas m\u00ednimas necess\u00e1rias nas provas objetivas.<\/p>\n<p>Como em outros concursos do governo federal, o CPNU 2 tamb\u00e9m assegura condi\u00e7\u00f5es apropriadas para a participa\u00e7\u00e3o de gestantes e lactantes, incluindo tempo adicional para amamenta\u00e7\u00e3o. Para ter direito, a candidata interessada deve ter solicitado atendimentos especializados, no prazo correto \u00e0 Funda\u00e7\u00e3o Getulio Vargas (FGV), banca examinadora do concurso.<\/p>\n<p><strong>Tem o direito, a m\u00e3e de filho que tiver at\u00e9 6 meses de idade nas datas das provas.<\/strong><\/p>\n<h2 class=\"wp-block-heading\" id=\"h-inscritos-por-bloco\">Inscritos por bloco<\/h2>\n<p>As vagas est\u00e3o organizadas em nove blocos tem\u00e1ticos, com oportunidades para os n\u00edveis superior e intermedi\u00e1rio.<\/p>\n<p><strong>Como na primeira edi\u00e7\u00e3o, o modelo unificado permitiu que, no momento da inscri\u00e7\u00e3o, o candidato optasse por um bloco e indicasse diferentes cargos e \u00f3rg\u00e3os, listados em ordem de prefer\u00eancia entre cargos, com base em seu desempenho.<\/strong><\/p>\n<p>Entre os blocos tem\u00e1ticos, o nono, com cargos de n\u00edvel intermedi\u00e1rio de escolaridade, registrou o maior n\u00famero de inscri\u00e7\u00f5es, com 177.598 homologadas.<\/p>\n<p><strong>Confira o total de inscritos por bloco:<\/strong><\/p>\n<ul class=\"wp-block-list\">\n<li>bloco 1 \u2013 seguridade social: sa\u00fade e assist\u00eancia: 127.970;<\/li>\n<li>bloco 2 \u2013 cultura e educa\u00e7\u00e3o: 69.507;\u00a0<\/li>\n<li>bloco 3 \u2013 ci\u00eancias, dados e tecnologia: 35.834;<\/li>\n<li>bloco 4 \u2013 engenharia e arquitetura: 41.245;<\/li>\n<li>bloco 5 \u2013 administra\u00e7\u00e3o: 173.829\u00a0<\/li>\n<li>bloco 6 \u2013 desenvolvimento socioecon\u00f4mico: 44.441;<\/li>\n<li>bloco 7 \u2013 justi\u00e7a e defesa 54.029;<\/li>\n<li>bloco 8 \u2013 intermedi\u00e1rio \u2013 sa\u00fade 37.075;<\/li>\n<li>bloco 9 \u2013 intermedi\u00e1rio \u2013 regula\u00e7\u00e3o 177.598.<\/li>\n<\/ul>\n<h2 class=\"wp-block-heading\" id=\"h-vagas\">Vagas<\/h2>\n<p>Do total de vagas do CNU 2025, 3.144 s\u00e3o de n\u00edvel superior e 508 de n\u00edvel intermedi\u00e1rio. O MGI prev\u00ea a convoca\u00e7\u00e3o imediata dos aprovados em 2.480 vagas e outras 1.172 vagas s\u00e3o para preenchimento no curto prazo, ap\u00f3s a homologa\u00e7\u00e3o dos resultados\u200b.<\/p>\n<p><strong>O processo seletivo tamb\u00e9m reservou 25% das vagas para pessoas negras; 5% para pessoas com defici\u00eancia; 3% para ind\u00edgenas e 2% para pessoas quilombolas.<\/strong><\/p>\n<p>A edi\u00e7\u00e3o de 2025 do concurso unificado ter\u00e1 dois dias de aplica\u00e7\u00e3o de provas. A primeira fase ocorrer\u00e1 em 5 de outubro. Os candidatos habilitados nessa primeira etapa e convocados para fazer as discursivas far\u00e3o a segunda fase em 7 de dezembro.<\/p>\n<p><strong>A validade do concurso \u00e9 de 12 meses, contados da data de publica\u00e7\u00e3o da homologa\u00e7\u00e3o de seu resultado final, podendo ser prorrogado, uma \u00fanica vez, por igual per\u00edodo.<\/strong><\/p>\n<p>Em caso de d\u00favidas, os interessados devem acessar a\u00a0<a href=\"https:\/\/www.gov.br\/gestao\/pt-br\/concursonacional\" target=\"_blank\" rel=\"noreferrer noopener\">p\u00e1gina oficial<\/a>\u00a0do certame, criada pelo Minist\u00e9rio da Gest\u00e3o.<\/p>\n<p><em>Siga o Acorda Cidade no<\/em><a href=\"https:\/\/news.google.com\/search?q=acorda%20cidade&amp;hl=pt-BR&amp;gl=BR&amp;ceid=BR%3Apt-419\"><strong><em>\u00a0Google Not\u00edcias<\/em><\/strong><\/a><em>\u00a0e receba os principais destaques do dia. Participe tamb\u00e9m dos nossos canais no\u00a0<\/em><a href=\"https:\/\/www.whatsapp.com\/channel\/0029Va6Rb4v3WHTNnsh8WI3N\"><strong><em>WhatsApp<\/em><\/strong><\/a><em>\u00a0e\u00a0<\/em><a href=\"https:\/\/www.youtube.com\/@acordacidadenoticias\/videos\"><strong>YouTube<\/strong><\/a><em>\u00a0e grupo de\u00a0<\/em><a href=\"https:\/\/t.me\/+sSz0khrgARA0ZmRh\"><strong><em>Telegram<\/em><\/strong><\/a><em>.<\/em><\/p>\n<\/div>\n","protected":false},"excerpt":{"rendered":"<div>\n<div>\n<figure><img decoding=\"async\" src=\"https:\/\/uploads.acordacidade.com.br\/2025\/07\/afrocientista_mcamgo_abr_28102023-7estudantes-pos-graduacao.webp\" alt=\"estudantes - p\u00f3s-gradua\u00e7\u00e3o\"><figcaption>Foto: Marcelo Camargo\/Ag\u00eancia Brasil<\/figcaption><\/figure>\n<\/div>\n<p>O CPNU 2 oferece 3.652 vagas em 32 \u00f3rg\u00e3os do governo federal. As vagas s\u00e3o para cargos distintos da primeira edi\u00e7\u00e3o do CNU.<\/p><\/div>\n","protected":false},"author":1,"featured_media":94931,"comment_status":"closed","ping_status":"closed","sticky":false,"template":"","format":"gallery","meta":{"footnotes":""},"categories":[8,9,6,57,56,10],"tags":[],"class_list":["post-94930","post","type-post","status-publish","format-gallery","has-post-thumbnail","hentry","category-bahia","category-brasil","category-feira-de-santana","category-mundo","category-policia","category-politica","post_format-post-format-gallery"],"featured_image_urls":{"full":["https:\/\/noticiasbahia360.com.br\/wp-content\/uploads\/2025\/07\/afrocientista_mcamgo_abr_28102023-7estudantes-pos-graduacao-1.webp",1200,718,false],"thumbnail":["https:\/\/noticiasbahia360.com.br\/wp-content\/uploads\/2025\/07\/afrocientista_mcamgo_abr_28102023-7estudantes-pos-graduacao-1-150x150.webp",150,150,true],"medium":["https:\/\/noticiasbahia360.com.br\/wp-content\/uploads\/2025\/07\/afrocientista_mcamgo_abr_28102023-7estudantes-pos-graduacao-1-300x180.webp",300,180,true],"medium_large":["https:\/\/noticiasbahia360.com.br\/wp-content\/uploads\/2025\/07\/afrocientista_mcamgo_abr_28102023-7estudantes-pos-graduacao-1-768x460.webp",640,383,true],"large":["https:\/\/noticiasbahia360.com.br\/wp-content\/uploads\/2025\/07\/afrocientista_mcamgo_abr_28102023-7estudantes-pos-graduacao-1-1024x613.webp",640,383,true],"1536x1536":["https:\/\/noticiasbahia360.com.br\/wp-content\/uploads\/2025\/07\/afrocientista_mcamgo_abr_28102023-7estudantes-pos-graduacao-1.webp",1200,718,false],"2048x2048":["https:\/\/noticiasbahia360.com.br\/wp-content\/uploads\/2025\/07\/afrocientista_mcamgo_abr_28102023-7estudantes-pos-graduacao-1.webp",1200,718,false],"chromenews-featured":["https:\/\/noticiasbahia360.com.br\/wp-content\/uploads\/2025\/07\/afrocientista_mcamgo_abr_28102023-7estudantes-pos-graduacao-1-1024x613.webp",1024,613,true],"chromenews-large":["https:\/\/noticiasbahia360.com.br\/wp-content\/uploads\/2025\/07\/afrocientista_mcamgo_abr_28102023-7estudantes-pos-graduacao-1-825x575.webp",825,575,true],"chromenews-medium":["https:\/\/noticiasbahia360.com.br\/wp-content\/uploads\/2025\/07\/afrocientista_mcamgo_abr_28102023-7estudantes-pos-graduacao-1-590x410.webp",590,410,true]},"author_info":{"display_name":"noticiasbahia360.com.br","author_link":"https:\/\/noticiasbahia360.com.br\/?author=1"},"category_info":"<a href=\"https:\/\/noticiasbahia360.com.br\/?cat=8\" rel=\"category\">Bahia<\/a> <a href=\"https:\/\/noticiasbahia360.com.br\/?cat=9\" rel=\"category\">Brasil<\/a> <a href=\"https:\/\/noticiasbahia360.com.br\/?cat=6\" rel=\"category\">Feira de Santana<\/a> <a href=\"https:\/\/noticiasbahia360.com.br\/?cat=57\" rel=\"category\">Mundo<\/a> <a href=\"https:\/\/noticiasbahia360.com.br\/?cat=56\" rel=\"category\">Pol\u00edcia<\/a> <a href=\"https:\/\/noticiasbahia360.com.br\/?cat=10\" rel=\"category\">Pol\u00edtica<\/a>","tag_info":"Pol\u00edtica","comment_count":"0","_links":{"self":[{"href":"https:\/\/noticiasbahia360.com.br\/index.php?rest_route=\/wp\/v2\/posts\/94930","targetHints":{"allow":["GET"]}}],"collection":[{"href":"https:\/\/noticiasbahia360.com.br\/index.php?rest_route=\/wp\/v2\/posts"}],"about":[{"href":"https:\/\/noticiasbahia360.com.br\/index.php?rest_route=\/wp\/v2\/types\/post"}],"author":[{"embeddable":true,"href":"https:\/\/noticiasbahia360.com.br\/index.php?rest_route=\/wp\/v2\/users\/1"}],"replies":[{"embeddable":true,"href":"https:\/\/noticiasbahia360.com.br\/index.php?rest_route=%2Fwp%2Fv2%2Fcomments&post=94930"}],"version-history":[{"count":0,"href":"https:\/\/noticiasbahia360.com.br\/index.php?rest_route=\/wp\/v2\/posts\/94930\/revisions"}],"wp:featuredmedia":[{"embeddable":true,"href":"https:\/\/noticiasbahia360.com.br\/index.php?rest_route=\/wp\/v2\/media\/94931"}],"wp:attachment":[{"href":"https:\/\/noticiasbahia360.com.br\/index.php?rest_route=%2Fwp%2Fv2%2Fmedia&parent=94930"}],"wp:term":[{"taxonomy":"category","embeddable":true,"href":"https:\/\/noticiasbahia360.com.br\/index.php?rest_route=%2Fwp%2Fv2%2Fcategories&post=94930"},{"taxonomy":"post_tag","embeddable":true,"href":"https:\/\/noticiasbahia360.com.br\/index.php?rest_route=%2Fwp%2Fv2%2Ftags&post=94930"}],"curies":[{"name":"wp","href":"https:\/\/api.w.org\/{rel}","templated":true}]}} 