{"id":94932,"date":"2025-07-28T16:46:02","date_gmt":"2025-07-28T19:46:02","guid":{"rendered":"https:\/\/noticiasbahia360.com.br\/?p=94932"},"modified":"2025-07-28T16:46:02","modified_gmt":"2025-07-28T19:46:02","slug":"brasil-sai-do-mapa-da-fome-apoio-a-agricultura-familiar-e-alimentacao-escolar-reduziram-o-indice-diz-governo","status":"publish","type":"post","link":"https:\/\/noticiasbahia360.com.br\/?p=94932","title":{"rendered":"Brasil sai do Mapa da Fome; apoio \u00e0 agricultura familiar e alimenta\u00e7\u00e3o escolar reduziram o \u00edndice, diz governo"},"content":{"rendered":"<div>\n<div>\n<figure><img decoding=\"async\" src=\"http:\/\/noticiasbahia360.com.br\/wp-content\/uploads\/2025\/07\/alimentacao-nas-escolas-ft-secom-cmfs.jpg\" alt=\"alimenta\u00e7\u00e3o nas escolas ft secom cmfs\"><figcaption>Foto: Secom\/CMFS<\/figcaption><\/figure>\n<\/div>\n<p>Ag\u00eancia Brasil \u2013 Relat\u00f3rio apresentado nesta segunda-feira (28)\u00a0durante a 2\u00aa C\u00fapula de Sistemas Alimentares da Organiza\u00e7\u00e3o das Na\u00e7\u00f5es Unidas (ONU) (UNFSS+4), na Eti\u00f3pia, revela que o Brasil est\u00e1 novamente fora do Mapa da Fome.\u00a0<strong>O pa\u00eds est\u00e1\u00a0abaixo do patamar de\u00a02,5% da popula\u00e7\u00e3o em risco de subnutri\u00e7\u00e3o ou de falta de acesso \u00e0 alimenta\u00e7\u00e3o suficiente.<img decoding=\"async\" src=\"https:\/\/agenciabrasil.ebc.com.br\/ebc.png?id=1652299&amp;o=node\"><img decoding=\"async\" src=\"https:\/\/agenciabrasil.ebc.com.br\/ebc.gif?id=1652299&amp;o=node\"><\/strong><\/p>\n<p>Os\u00a0dados constam do estudo\u00a0<em>O Estado da Seguran\u00e7a Alimentar e Nutricional no Mundo 2025<\/em>\u00a0(SOFI 2025), produzido pela Organiza\u00e7\u00e3o das Na\u00e7\u00f5es Unidas para a Alimenta\u00e7\u00e3o e a Agricultura (FAO\/ONU). \u00a0<\/p>\n<p><strong>O Mapa da Fome \u00e9 um indicador global da FAO que identifica pa\u00edses em que mais de 2,5% da popula\u00e7\u00e3o sofrem de subalimenta\u00e7\u00e3o grave (inseguran\u00e7a alimentar cr\u00f4nica).\u00a0<\/strong><\/p>\n<p>Estar no Mapa da Fome significa que uma parcela significativa da popula\u00e7\u00e3o do pa\u00eds n\u00e3o tem acesso regular a alimentos suficientes para uma vida saud\u00e1vel. O relat\u00f3rio Sofi divulga esse indicador sempre na forma de m\u00e9dias trienais, considerando as informa\u00e7\u00f5es dos \u00faltimos tr\u00eas anos. \u00a0<\/p>\n<p><strong>O Brasil alcan\u00e7ou\u00a0esse patamar em 2014, mas tinha retornado\u00a0ao Mapa da Fome no tri\u00eanio 2018\/2020. Agora, no tri\u00eanio 2022\/2024, voltou a ficar abaixo de 2,5%.<\/strong><\/p>\n<p>Nota divulgada, em Bras\u00edlia, pelo Minist\u00e9rio do Desenvolvimento e Assist\u00eancia Social, Fam\u00edlia e Combate \u00e0 Fome\u00a0destaca que \u201ca conquista foi alcan\u00e7ada em apenas dois anos, tendo em vista que 2022 foi um per\u00edodo considerado cr\u00edtico para a fome no Brasil\u201d. \u00a0<\/p>\n<blockquote class=\"wp-block-quote is-layout-flow wp-block-quote-is-layout-flow\">\n<p>\u201cA sa\u00edda do Brasil do Mapa da Fome \u00e9 resultado de decis\u00f5es pol\u00edticas do governo brasileiro que priorizaram a redu\u00e7\u00e3o da pobreza, o est\u00edmulo \u00e0 gera\u00e7\u00e3o de emprego e renda, o apoio \u00e0 agricultura familiar, o fortalecimento da alimenta\u00e7\u00e3o escolar e o acesso \u00e0 alimenta\u00e7\u00e3o saud\u00e1vel\u201d, explica a nota.\u00a0<\/p>\n<\/blockquote>\n<h2 class=\"wp-block-heading\" id=\"h-como-e-calculado-o-mapa-da-fome\">Como \u00e9 calculado o Mapa da Fome<\/h2>\n<p>A FAO adota alguns indicadores para monitorar a situa\u00e7\u00e3o alimentar nos pa\u00edses. O principal deles \u00e9 a Preval\u00eancia de Subnutri\u00e7\u00e3o (<em>Prevalence of undernourishment\u00a0\u2013 PoU<\/em>), utilizado\u00a0na constru\u00e7\u00e3o do Mapa da Fome. Esse indicador identifica, em cada pa\u00eds, o percentual da popula\u00e7\u00e3o em risco de subnutri\u00e7\u00e3o.\u00a0<\/p>\n<p>O PoU\u00a0\u00e9\u00a0<strong>calculado a partir de tr\u00eas vari\u00e1veis<\/strong>:<\/p>\n<ul class=\"wp-block-list\">\n<li>quantidade de alimentos dispon\u00edveis no pa\u00eds, considerando produ\u00e7\u00e3o interna, importa\u00e7\u00e3o e exporta\u00e7\u00e3o;<\/li>\n<li>o consumo de alimentos pela popula\u00e7\u00e3o, considerando as diferen\u00e7as de capacidade de aquisi\u00e7\u00e3o (a renda);<\/li>\n<li>a quantidade adequada de calorias\/dia, definida para um indiv\u00edduo m\u00e9dio representativo da popula\u00e7\u00e3o.\u00a0<\/li>\n<\/ul>\n<p><em>Siga o Acorda Cidade no<\/em><a href=\"https:\/\/news.google.com\/search?q=acorda%20cidade&amp;hl=pt-BR&amp;gl=BR&amp;ceid=BR%3Apt-419\"><strong><em>\u00a0Google Not\u00edcias<\/em><\/strong><\/a><em>\u00a0e receba os principais destaques do dia. Participe tamb\u00e9m dos nossos canais no\u00a0<\/em><a href=\"https:\/\/www.whatsapp.com\/channel\/0029Va6Rb4v3WHTNnsh8WI3N\"><strong><em>WhatsApp<\/em><\/strong><\/a><em>\u00a0e\u00a0<\/em><a href=\"https:\/\/www.youtube.com\/@acordacidadenoticias\/videos\"><strong>YouTube<\/strong><\/a><em>\u00a0e grupo de\u00a0<\/em><a href=\"https:\/\/t.me\/+sSz0khrgARA0ZmRh\"><strong><em>Telegram<\/em><\/strong><\/a><em>.<\/em><\/p>\n<\/div>\n","protected":false},"excerpt":{"rendered":"<div>\n<div>\n<figure><img decoding=\"async\" src=\"https:\/\/uploads.acordacidade.com.br\/wp-content\/uploads\/2023\/11\/08164316\/alimentacao-nas-escolas-ft-secom-cmfs.jpg\" alt=\"alimenta\u00e7\u00e3o nas escolas ft secom cmfs\"><figcaption>Foto: Secom\/CMFS<\/figcaption><\/figure>\n<\/div>\n<p>O Brasil tinha retornado\u00a0ao Mapa da Fome no tri\u00eanio 2018\/2020. Agora, no tri\u00eanio 2022\/2024, voltou a ficar abaixo de 2,5%.<\/p><\/div>\n","protected":false},"author":1,"featured_media":94933,"comment_status":"closed","ping_status":"closed","sticky":false,"template":"","format":"gallery","meta":{"footnotes":""},"categories":[8,9,6,57,56,10],"tags":[],"class_list":["post-94932","post","type-post","status-publish","format-gallery","has-post-thumbnail","hentry","category-bahia","category-brasil","category-feira-de-santana","category-mundo","category-policia","category-politica","post_format-post-format-gallery"],"featured_image_urls":{"full":["https:\/\/noticiasbahia360.com.br\/wp-content\/uploads\/2025\/07\/alimentacao-nas-escolas-ft-secom-cmfs.jpg",640,380,false],"thumbnail":["https:\/\/noticiasbahia360.com.br\/wp-content\/uploads\/2025\/07\/alimentacao-nas-escolas-ft-secom-cmfs-150x150.jpg",150,150,true],"medium":["https:\/\/noticiasbahia360.com.br\/wp-content\/uploads\/2025\/07\/alimentacao-nas-escolas-ft-secom-cmfs-300x178.jpg",300,178,true],"medium_large":["https:\/\/noticiasbahia360.com.br\/wp-content\/uploads\/2025\/07\/alimentacao-nas-escolas-ft-secom-cmfs.jpg",640,380,false],"large":["https:\/\/noticiasbahia360.com.br\/wp-content\/uploads\/2025\/07\/alimentacao-nas-escolas-ft-secom-cmfs.jpg",640,380,false],"1536x1536":["https:\/\/noticiasbahia360.com.br\/wp-content\/uploads\/2025\/07\/alimentacao-nas-escolas-ft-secom-cmfs.jpg",640,380,false],"2048x2048":["https:\/\/noticiasbahia360.com.br\/wp-content\/uploads\/2025\/07\/alimentacao-nas-escolas-ft-secom-cmfs.jpg",640,380,false],"chromenews-featured":["https:\/\/noticiasbahia360.com.br\/wp-content\/uploads\/2025\/07\/alimentacao-nas-escolas-ft-secom-cmfs.jpg",640,380,false],"chromenews-large":["https:\/\/noticiasbahia360.com.br\/wp-content\/uploads\/2025\/07\/alimentacao-nas-escolas-ft-secom-cmfs.jpg",640,380,false],"chromenews-medium":["https:\/\/noticiasbahia360.com.br\/wp-content\/uploads\/2025\/07\/alimentacao-nas-escolas-ft-secom-cmfs-590x380.jpg",590,380,true]},"author_info":{"display_name":"noticiasbahia360.com.br","author_link":"https:\/\/noticiasbahia360.com.br\/?author=1"},"category_info":"<a href=\"https:\/\/noticiasbahia360.com.br\/?cat=8\" rel=\"category\">Bahia<\/a> <a href=\"https:\/\/noticiasbahia360.com.br\/?cat=9\" rel=\"category\">Brasil<\/a> <a href=\"https:\/\/noticiasbahia360.com.br\/?cat=6\" rel=\"category\">Feira de Santana<\/a> <a href=\"https:\/\/noticiasbahia360.com.br\/?cat=57\" rel=\"category\">Mundo<\/a> <a href=\"https:\/\/noticiasbahia360.com.br\/?cat=56\" rel=\"category\">Pol\u00edcia<\/a> <a href=\"https:\/\/noticiasbahia360.com.br\/?cat=10\" rel=\"category\">Pol\u00edtica<\/a>","tag_info":"Pol\u00edtica","comment_count":"0","_links":{"self":[{"href":"https:\/\/noticiasbahia360.com.br\/index.php?rest_route=\/wp\/v2\/posts\/94932","targetHints":{"allow":["GET"]}}],"collection":[{"href":"https:\/\/noticiasbahia360.com.br\/index.php?rest_route=\/wp\/v2\/posts"}],"about":[{"href":"https:\/\/noticiasbahia360.com.br\/index.php?rest_route=\/wp\/v2\/types\/post"}],"author":[{"embeddable":true,"href":"https:\/\/noticiasbahia360.com.br\/index.php?rest_route=\/wp\/v2\/users\/1"}],"replies":[{"embeddable":true,"href":"https:\/\/noticiasbahia360.com.br\/index.php?rest_route=%2Fwp%2Fv2%2Fcomments&post=94932"}],"version-history":[{"count":0,"href":"https:\/\/noticiasbahia360.com.br\/index.php?rest_route=\/wp\/v2\/posts\/94932\/revisions"}],"wp:featuredmedia":[{"embeddable":true,"href":"https:\/\/noticiasbahia360.com.br\/index.php?rest_route=\/wp\/v2\/media\/94933"}],"wp:attachment":[{"href":"https:\/\/noticiasbahia360.com.br\/index.php?rest_route=%2Fwp%2Fv2%2Fmedia&parent=94932"}],"wp:term":[{"taxonomy":"category","embeddable":true,"href":"https:\/\/noticiasbahia360.com.br\/index.php?rest_route=%2Fwp%2Fv2%2Fcategories&post=94932"},{"taxonomy":"post_tag","embeddable":true,"href":"https:\/\/noticiasbahia360.com.br\/index.php?rest_route=%2Fwp%2Fv2%2Ftags&post=94932"}],"curies":[{"name":"wp","href":"https:\/\/api.w.org\/{rel}","templated":true}]}}