{"id":94934,"date":"2025-07-28T16:55:03","date_gmt":"2025-07-28T19:55:03","guid":{"rendered":"https:\/\/noticiasbahia360.com.br\/?p=94934"},"modified":"2025-07-28T16:55:03","modified_gmt":"2025-07-28T19:55:03","slug":"missao-brasilia-2025-mobiliza-comitiva-em-busca-de-investimentos-para-feira-de-santana-na-capital-federal","status":"publish","type":"post","link":"https:\/\/noticiasbahia360.com.br\/?p=94934","title":{"rendered":"Miss\u00e3o Bras\u00edlia 2025 mobiliza comitiva em busca de investimentos para Feira de Santana na capital federal"},"content":{"rendered":"<div>\n<div>\n<figure><img decoding=\"async\" src=\"http:\/\/noticiasbahia360.com.br\/wp-content\/uploads\/2025\/07\/missao-brasilia-2025-reproducao.jpg\" alt=\"Miss\u00e3o Bras\u00edlia 2025 mobiliza comitiva em busca de investimentos para Feira de Santana na capital federal\"><figcaption>Foto: Reprodu\u00e7\u00e3o<\/figcaption><\/figure>\n<\/div>\n<p>Entre os dias 16 e 18 de setembro, Feira de Santana viver\u00e1 um novo cap\u00edtulo de sua hist\u00f3ria de articula\u00e7\u00e3o pol\u00edtica e empresarial com a realiza\u00e7\u00e3o da Miss\u00e3o Bras\u00edlia 2025. A iniciativa reunir\u00e1 empres\u00e1rios e lideran\u00e7as pol\u00edticas em uma mobiliza\u00e7\u00e3o suprapartid\u00e1ria que busca defender os interesses da cidade junto ao Congresso Nacional, aos minist\u00e9rios e ao Governo Federal.<\/p>\n<p>Entre os participantes, a terceira edi\u00e7\u00e3o da Miss\u00e3o j\u00e1 tem confirmada a presen\u00e7a do prefeito Jos\u00e9 Ronaldo de Carvalho, que se comprometeu a indicar os representantes da Prefeitura para atuar na constru\u00e7\u00e3o da pauta conjunta de demandas priorit\u00e1rias do munic\u00edpio. Os secret\u00e1rios de Governo, Neto Bahia, e de Trabalho, Turismo e Desenvolvimento Econ\u00f4mico, M\u00e1rcia Ferreira, participar\u00e3o ativamente do processo.<\/p>\n<p>Com expectativa de alcan\u00e7ar at\u00e9 R$ 1 bilh\u00e3o em novos investimentos, a miss\u00e3o \u00e9 articulada pela C\u00e2mara de Dirigentes Lojistas de Feira de Santana (CDL), com o apoio da Associa\u00e7\u00e3o Comercial e Empresarial (Acefs), Sindicato do Com\u00e9rcio (Sicom\u00e9rcio), Centro das Ind\u00fastrias (Cifs), Sindicato de Hot\u00e9is, Restaurantes, Bares e Similares de Feira de Santana (SindFeira de Santana), Convention Bureau, Instituto Pensar, Associa\u00e7\u00e3o dos Vendedores Ambulantes (Avamfs), Cooperativa Pecu\u00e1ria (Cooperfeira) e Sindicato das Ag\u00eancias de Propaganda do Estado da Bahia (Sinapro Bahia).<\/p>\n<p>\u201cO que estamos construindo \u00e9 um momento hist\u00f3rico para Feira de Santana. A Miss\u00e3o Bras\u00edlia se consolida como uma das maiores iniciativas pol\u00edticas e empresariais da nossa cidade, com potencial transformador em diversas \u00e1reas\u201d, destaca o presidente da CDL, Juscelino Brito.<\/p>\n<p>Idealizador da Miss\u00e3o Bras\u00edlia, o ex-presidente da CDL e atual vice-presidente da entidade, Lu\u00eds Merc\u00eas, ressalta a import\u00e2ncia da continuidade: \u201cA ideia surgiu da necessidade de ocupar Bras\u00edlia com protagonismo e levar as verdadeiras demandas de Feira ao centro do poder. Hoje, ver essa mobiliza\u00e7\u00e3o crescer e ganhar for\u00e7a \u00e9 motivo de grande orgulho\u201d. Tamb\u00e9m comp\u00f5e a organiza\u00e7\u00e3o desta edi\u00e7\u00e3o o presidente da CDL Jovem, Lu\u00eds Merc\u00eas J\u00fanior.<\/p>\n<p>Entre os momentos mais aguardados da programa\u00e7\u00e3o est\u00e1 a sess\u00e3o solene da C\u00e2mara Municipal no Congresso Nacional, no dia 17, que homenagear\u00e1 o munic\u00edpio e abrir\u00e1 espa\u00e7o para apresenta\u00e7\u00e3o de suas principais pautas. Tamb\u00e9m est\u00e3o previstas visitas institucionais, inclusive ao Pal\u00e1cio do Planalto, e pain\u00e9is tem\u00e1ticos com os minist\u00e9rios, onde ser\u00e3o debatidos temas estruturantes como mobilidade, sa\u00fade, educa\u00e7\u00e3o, seguran\u00e7a e desenvolvimento social.<\/p>\n<h2 class=\"wp-block-heading\" id=\"h-como-participar\">Como participar:<\/h2>\n<p>Empres\u00e1rios e lideran\u00e7as interessados em integrar a comitiva devem entrar em contato com a CDL Feira de Santana, atrav\u00e9s do telefone (75) 3623-6363. Em breve, as informa\u00e7\u00f5es estar\u00e3o dispon\u00edveis tamb\u00e9m nas redes sociais da institui\u00e7\u00e3o.<\/p>\n<p><em>Siga o Acorda Cidade no<\/em><a href=\"https:\/\/news.google.com\/search?q=acorda%20cidade&amp;hl=pt-BR&amp;gl=BR&amp;ceid=BR%3Apt-419\"><strong><em> Google Not\u00edcias<\/em><\/strong><\/a><em> e receba os principais destaques do dia. Participe tamb\u00e9m dos nossos canais no <\/em><a href=\"https:\/\/whatsapp.com\/channel\/0029Va6Rb4v3WHTNnsh8WI3N\"><strong><em>WhatsApp<\/em><\/strong><\/a><em> e <\/em><a href=\"https:\/\/www.youtube.com\/@acordacidadenoticias\/videos\"><strong>Youtube<\/strong><\/a><em> e grupo de <\/em><a href=\"https:\/\/t.me\/+sSz0khrgARA0ZmRh\"><strong><em>Telegram<\/em><\/strong><\/a><em>.<\/em><\/p>\n<\/div>\n","protected":false},"excerpt":{"rendered":"<div>\n<div>\n<figure><img decoding=\"async\" src=\"https:\/\/uploads.acordacidade.com.br\/2025\/07\/missao-brasilia-2025-reproducao.jpg\" alt=\"Miss\u00e3o Bras\u00edlia 2025 mobiliza comitiva em busca de investimentos para Feira de Santana na capital federal\"><figcaption>Foto: Reprodu\u00e7\u00e3o<\/figcaption><\/figure>\n<\/div>\n<p>Iniciativa reunir\u00e1 empres\u00e1rios e lideran\u00e7as pol\u00edticas em uma mobiliza\u00e7\u00e3o que busca defender os interesses de Feira de Santana.<\/p><\/div>\n","protected":false},"author":1,"featured_media":94935,"comment_status":"closed","ping_status":"closed","sticky":false,"template":"","format":"gallery","meta":{"footnotes":""},"categories":[8,9,6,57,56,10],"tags":[],"class_list":["post-94934","post","type-post","status-publish","format-gallery","has-post-thumbnail","hentry","category-bahia","category-brasil","category-feira-de-santana","category-mundo","category-policia","category-politica","post_format-post-format-gallery"],"featured_image_urls":{"full":["https:\/\/noticiasbahia360.com.br\/wp-content\/uploads\/2025\/07\/missao-brasilia-2025-reproducao.jpg",1200,800,false],"thumbnail":["https:\/\/noticiasbahia360.com.br\/wp-content\/uploads\/2025\/07\/missao-brasilia-2025-reproducao-150x150.jpg",150,150,true],"medium":["https:\/\/noticiasbahia360.com.br\/wp-content\/uploads\/2025\/07\/missao-brasilia-2025-reproducao-300x200.jpg",300,200,true],"medium_large":["https:\/\/noticiasbahia360.com.br\/wp-content\/uploads\/2025\/07\/missao-brasilia-2025-reproducao-768x512.jpg",640,427,true],"large":["https:\/\/noticiasbahia360.com.br\/wp-content\/uploads\/2025\/07\/missao-brasilia-2025-reproducao-1024x683.jpg",640,427,true],"1536x1536":["https:\/\/noticiasbahia360.com.br\/wp-content\/uploads\/2025\/07\/missao-brasilia-2025-reproducao.jpg",1200,800,false],"2048x2048":["https:\/\/noticiasbahia360.com.br\/wp-content\/uploads\/2025\/07\/missao-brasilia-2025-reproducao.jpg",1200,800,false],"chromenews-featured":["https:\/\/noticiasbahia360.com.br\/wp-content\/uploads\/2025\/07\/missao-brasilia-2025-reproducao-1024x683.jpg",1024,683,true],"chromenews-large":["https:\/\/noticiasbahia360.com.br\/wp-content\/uploads\/2025\/07\/missao-brasilia-2025-reproducao-825x575.jpg",825,575,true],"chromenews-medium":["https:\/\/noticiasbahia360.com.br\/wp-content\/uploads\/2025\/07\/missao-brasilia-2025-reproducao-590x410.jpg",590,410,true]},"author_info":{"display_name":"noticiasbahia360.com.br","author_link":"https:\/\/noticiasbahia360.com.br\/?author=1"},"category_info":"<a href=\"https:\/\/noticiasbahia360.com.br\/?cat=8\" rel=\"category\">Bahia<\/a> <a href=\"https:\/\/noticiasbahia360.com.br\/?cat=9\" rel=\"category\">Brasil<\/a> <a href=\"https:\/\/noticiasbahia360.com.br\/?cat=6\" rel=\"category\">Feira de Santana<\/a> <a href=\"https:\/\/noticiasbahia360.com.br\/?cat=57\" rel=\"category\">Mundo<\/a> <a href=\"https:\/\/noticiasbahia360.com.br\/?cat=56\" rel=\"category\">Pol\u00edcia<\/a> <a href=\"https:\/\/noticiasbahia360.com.br\/?cat=10\" rel=\"category\">Pol\u00edtica<\/a>","tag_info":"Pol\u00edtica","comment_count":"0","_links":{"self":[{"href":"https:\/\/noticiasbahia360.com.br\/index.php?rest_route=\/wp\/v2\/posts\/94934","targetHints":{"allow":["GET"]}}],"collection":[{"href":"https:\/\/noticiasbahia360.com.br\/index.php?rest_route=\/wp\/v2\/posts"}],"about":[{"href":"https:\/\/noticiasbahia360.com.br\/index.php?rest_route=\/wp\/v2\/types\/post"}],"author":[{"embeddable":true,"href":"https:\/\/noticiasbahia360.com.br\/index.php?rest_route=\/wp\/v2\/users\/1"}],"replies":[{"embeddable":true,"href":"https:\/\/noticiasbahia360.com.br\/index.php?rest_route=%2Fwp%2Fv2%2Fcomments&post=94934"}],"version-history":[{"count":0,"href":"https:\/\/noticiasbahia360.com.br\/index.php?rest_route=\/wp\/v2\/posts\/94934\/revisions"}],"wp:featuredmedia":[{"embeddable":true,"href":"https:\/\/noticiasbahia360.com.br\/index.php?rest_route=\/wp\/v2\/media\/94935"}],"wp:attachment":[{"href":"https:\/\/noticiasbahia360.com.br\/index.php?rest_route=%2Fwp%2Fv2%2Fmedia&parent=94934"}],"wp:term":[{"taxonomy":"category","embeddable":true,"href":"https:\/\/noticiasbahia360.com.br\/index.php?rest_route=%2Fwp%2Fv2%2Fcategories&post=94934"},{"taxonomy":"post_tag","embeddable":true,"href":"https:\/\/noticiasbahia360.com.br\/index.php?rest_route=%2Fwp%2Fv2%2Ftags&post=94934"}],"curies":[{"name":"wp","href":"https:\/\/api.w.org\/{rel}","templated":true}]}}