{"id":94936,"date":"2025-07-28T17:05:06","date_gmt":"2025-07-28T20:05:06","guid":{"rendered":"https:\/\/noticiasbahia360.com.br\/?p=94936"},"modified":"2025-07-28T17:05:06","modified_gmt":"2025-07-28T20:05:06","slug":"dia-dos-pais-2025-sicomercio-espera-superar-vendas-do-varejo-em-relacao-a-2024","status":"publish","type":"post","link":"https:\/\/noticiasbahia360.com.br\/?p=94936","title":{"rendered":"Dia dos Pais 2025: Sicom\u00e9rcio espera superar vendas do varejo em rela\u00e7\u00e3o a 2024"},"content":{"rendered":"<div>\n<div>\n<figure><img decoding=\"async\" src=\"http:\/\/noticiasbahia360.com.br\/wp-content\/uploads\/2025\/07\/comercio_pj_acordacidade.jpeg\" alt=\"Com\u00e9rcio de Feira de Santana\"><figcaption>Foto: Paulo Jos\u00e9\/Acorda Cidade<\/figcaption><\/figure>\n<\/div>\n<p>O Sindicato do Com\u00e9rcio de Feira de Santana (Sicom\u00e9rcio Feira) projeta um bom desempenho para o varejo local com a chegada do Dia dos Pais, uma das datas mais relevantes do segundo semestre para o com\u00e9rcio. Com a movimenta\u00e7\u00e3o crescente nas lojas da cidade, a expectativa \u00e9 de que as vendas superem as do ano passado.<\/p>\n<p>Segundo o Sicom\u00e9rcio Feira, os setores de vestu\u00e1rio, cal\u00e7ados, eletr\u00f4nicos, perfumaria e acess\u00f3rios j\u00e1 apresentam aumento na procura por parte dos consumidores. Lojistas apostam em promo\u00e7\u00f5es, vitrines personalizadas e condi\u00e7\u00f5es facilitadas de pagamento para atrair os clientes e impulsionar os resultados.<\/p>\n<p>\u201cO Dia dos Pais tem se consolidado como uma data estrat\u00e9gica para o com\u00e9rcio de Feira de Santana. Observamos, ano ap\u00f3s ano, um aumento no interesse do consumidor e um esfor\u00e7o maior por parte dos lojistas em preparar a\u00e7\u00f5es espec\u00edficas para esse per\u00edodo\u201d, afirma Marco Silva, presidente do Sicom\u00e9rcio Feira. \u201cNeste ano, estamos otimistas com os resultados, especialmente considerando o pagamento recente de sal\u00e1rios e benef\u00edcios, que tendem a impulsionar o desejo de presentear os pais.\u201d<\/p>\n<p>O Sicom\u00e9rcio Feira tamb\u00e9m destaca o papel crescente das vendas online de empresas locais, que se fortalecem como complemento \u00e0s lojas f\u00edsicas. Estrat\u00e9gias como retirada em loja, atendimento por aplicativos de mensagem e promo\u00e7\u00f5es digitais t\u00eam ampliado o alcance das campanhas e oferecido mais conveni\u00eancia aos consumidores.<\/p>\n<p><em>Siga o Acorda Cidade no<\/em><a href=\"https:\/\/news.google.com\/search?q=acorda%20cidade&amp;hl=pt-BR&amp;gl=BR&amp;ceid=BR%3Apt-419\"><strong><em> Google Not\u00edcias<\/em><\/strong><\/a><em> e receba os principais destaques do dia. Participe tamb\u00e9m dos nossos canais no <\/em><a href=\"https:\/\/whatsapp.com\/channel\/0029Va6Rb4v3WHTNnsh8WI3N\"><strong><em>WhatsApp<\/em><\/strong><\/a><em> e <\/em><a href=\"https:\/\/www.youtube.com\/@acordacidadenoticias\/videos\"><strong>Youtube<\/strong><\/a><em> e grupo de <\/em><a href=\"https:\/\/t.me\/+sSz0khrgARA0ZmRh\"><strong><em>Telegram<\/em><\/strong><\/a><em>.<\/em><\/p>\n<\/div>\n","protected":false},"excerpt":{"rendered":"<div>\n<div>\n<figure><img decoding=\"async\" src=\"https:\/\/uploads.acordacidade.com.br\/2024\/12\/comercio_pj_acordacidade.jpeg\" alt=\"Com\u00e9rcio de Feira de Santana\"><figcaption>Foto: Paulo Jos\u00e9\/Acorda Cidade<\/figcaption><\/figure>\n<\/div>\n<p>O Sindicato destaca tamb\u00e9m a import\u00e2ncia das vendas online para fortalecimento das unidades f\u00edsicas<\/p><\/div>\n","protected":false},"author":1,"featured_media":94937,"comment_status":"closed","ping_status":"closed","sticky":false,"template":"","format":"gallery","meta":{"footnotes":""},"categories":[8,9,6,57,56,10],"tags":[],"class_list":["post-94936","post","type-post","status-publish","format-gallery","has-post-thumbnail","hentry","category-bahia","category-brasil","category-feira-de-santana","category-mundo","category-policia","category-politica","post_format-post-format-gallery"],"featured_image_urls":{"full":["https:\/\/noticiasbahia360.com.br\/wp-content\/uploads\/2025\/07\/comercio_pj_acordacidade.jpeg",640,296,false],"thumbnail":["https:\/\/noticiasbahia360.com.br\/wp-content\/uploads\/2025\/07\/comercio_pj_acordacidade-150x150.jpeg",150,150,true],"medium":["https:\/\/noticiasbahia360.com.br\/wp-content\/uploads\/2025\/07\/comercio_pj_acordacidade-300x139.jpeg",300,139,true],"medium_large":["https:\/\/noticiasbahia360.com.br\/wp-content\/uploads\/2025\/07\/comercio_pj_acordacidade.jpeg",640,296,false],"large":["https:\/\/noticiasbahia360.com.br\/wp-content\/uploads\/2025\/07\/comercio_pj_acordacidade.jpeg",640,296,false],"1536x1536":["https:\/\/noticiasbahia360.com.br\/wp-content\/uploads\/2025\/07\/comercio_pj_acordacidade.jpeg",640,296,false],"2048x2048":["https:\/\/noticiasbahia360.com.br\/wp-content\/uploads\/2025\/07\/comercio_pj_acordacidade.jpeg",640,296,false],"chromenews-featured":["https:\/\/noticiasbahia360.com.br\/wp-content\/uploads\/2025\/07\/comercio_pj_acordacidade.jpeg",640,296,false],"chromenews-large":["https:\/\/noticiasbahia360.com.br\/wp-content\/uploads\/2025\/07\/comercio_pj_acordacidade.jpeg",640,296,false],"chromenews-medium":["https:\/\/noticiasbahia360.com.br\/wp-content\/uploads\/2025\/07\/comercio_pj_acordacidade-590x296.jpeg",590,296,true]},"author_info":{"display_name":"noticiasbahia360.com.br","author_link":"https:\/\/noticiasbahia360.com.br\/?author=1"},"category_info":"<a href=\"https:\/\/noticiasbahia360.com.br\/?cat=8\" rel=\"category\">Bahia<\/a> <a href=\"https:\/\/noticiasbahia360.com.br\/?cat=9\" rel=\"category\">Brasil<\/a> <a href=\"https:\/\/noticiasbahia360.com.br\/?cat=6\" rel=\"category\">Feira de Santana<\/a> <a href=\"https:\/\/noticiasbahia360.com.br\/?cat=57\" rel=\"category\">Mundo<\/a> <a href=\"https:\/\/noticiasbahia360.com.br\/?cat=56\" rel=\"category\">Pol\u00edcia<\/a> <a href=\"https:\/\/noticiasbahia360.com.br\/?cat=10\" rel=\"category\">Pol\u00edtica<\/a>","tag_info":"Pol\u00edtica","comment_count":"0","_links":{"self":[{"href":"https:\/\/noticiasbahia360.com.br\/index.php?rest_route=\/wp\/v2\/posts\/94936","targetHints":{"allow":["GET"]}}],"collection":[{"href":"https:\/\/noticiasbahia360.com.br\/index.php?rest_route=\/wp\/v2\/posts"}],"about":[{"href":"https:\/\/noticiasbahia360.com.br\/index.php?rest_route=\/wp\/v2\/types\/post"}],"author":[{"embeddable":true,"href":"https:\/\/noticiasbahia360.com.br\/index.php?rest_route=\/wp\/v2\/users\/1"}],"replies":[{"embeddable":true,"href":"https:\/\/noticiasbahia360.com.br\/index.php?rest_route=%2Fwp%2Fv2%2Fcomments&post=94936"}],"version-history":[{"count":0,"href":"https:\/\/noticiasbahia360.com.br\/index.php?rest_route=\/wp\/v2\/posts\/94936\/revisions"}],"wp:featuredmedia":[{"embeddable":true,"href":"https:\/\/noticiasbahia360.com.br\/index.php?rest_route=\/wp\/v2\/media\/94937"}],"wp:attachment":[{"href":"https:\/\/noticiasbahia360.com.br\/index.php?rest_route=%2Fwp%2Fv2%2Fmedia&parent=94936"}],"wp:term":[{"taxonomy":"category","embeddable":true,"href":"https:\/\/noticiasbahia360.com.br\/index.php?rest_route=%2Fwp%2Fv2%2Fcategories&post=94936"},{"taxonomy":"post_tag","embeddable":true,"href":"https:\/\/noticiasbahia360.com.br\/index.php?rest_route=%2Fwp%2Fv2%2Ftags&post=94936"}],"curies":[{"name":"wp","href":"https:\/\/api.w.org\/{rel}","templated":true}]}}