{"id":94938,"date":"2025-07-28T17:23:08","date_gmt":"2025-07-28T20:23:08","guid":{"rendered":"https:\/\/noticiasbahia360.com.br\/?p=94938"},"modified":"2025-07-28T17:23:08","modified_gmt":"2025-07-28T20:23:08","slug":"vereador-jurandy-carvalho-aposta-em-dobradinha-com-pablo-para-garantir-cadeira-na-alba","status":"publish","type":"post","link":"https:\/\/noticiasbahia360.com.br\/?p=94938","title":{"rendered":"Vereador Jurandy Carvalho aposta em dobradinha com Pablo para garantir cadeira na Alba"},"content":{"rendered":"<div>\n<div>\n<figure><img decoding=\"async\" src=\"http:\/\/noticiasbahia360.com.br\/wp-content\/uploads\/2025\/07\/jurandycarvalho_pj_acordacidade.jpeg\" alt=\"Vereador Jurandy Carvalho\"><figcaption>Foto: Paulo Jos\u00e9\/Acorda Cidade | Vereador Jurandy Carvalho<\/figcaption><\/figure>\n<\/div>\n<p>O vereador de Feira de Santana, <a href=\"https:\/\/www.acordacidade.com.br\/tag\/jurandy-carvalho\/\">Jurandy Carvalho (PSDB<\/a>), confirmou que \u00e9 pr\u00e9-candidato ao cargo de deputado estadual para as elei\u00e7\u00f5es de 2026. A fala foi feita na manh\u00e3 desta segunda-feira (28) durante um <a href=\"https:\/\/www.acordacidade.com.br\/feira-de-santana\/requalificacao-da-praca-do-tropeiro-e-iniciada-nesta-segunda-28-com-investimento-estimado-em-r-1-milhao\/\" target=\"_blank\" rel=\"noreferrer noopener\">evento que marcou a assinatura da ordem de servi\u00e7o<\/a> para a reforma da Pra\u00e7a dos Tropeiros, no centro da cidade.<\/p>\n<p>Ao Acorda Cidade, o parlamentar revelou que pretende atuar diretamente ao lado de Pablo Roberto (PSDB), que acumula os cargos de vice-prefeito e secret\u00e1rio de Educa\u00e7\u00e3o da cidade conhecida como Princesa do Sert\u00e3o. <strong>A dobradinha dos tucanos \u00e9 considerado um movimento necess\u00e1rio para aumentar a base feirense na Assembleia Legislativa da Bahia (Alba).<\/strong><\/p>\n<p>\u201cFeira deve ter uns 4 a 5 candidatos genuinamente filhos da terra. Da C\u00e2mara Municipal, acredito que ter\u00e1 eu e os colegas <a href=\"https:\/\/uploads.acordacidade.com.br\/2025\/06\/unRO0Ecv-Silvio-Dias.webp\">Silvio Dias<\/a>, <a href=\"https:\/\/www.acordacidade.com.br\/tag\/pedro-americo\/\">Pedro Am\u00e9rico<\/a>, e deve aparecer mais algum, o que \u00e9 bom para a cidade. Feira de Santana tem cerca de 400 mil votos e a gente tem que abarcar e trazer esses votos para trazer as coisas pra Feira. O candidato de fora n\u00e3o vai trazer o tanto de recurso que o candidato da terra vai trazer\u201d, disse Jurandy.<\/p>\n<p>O parlamentar afirmou que acredita que um n\u00famero maior de representantes de Feira de Santana na Alba significa, naturalmente, a possibilidade de maiores investimentos para a cidade. Carvalho espera que, pelo menos, a partir de 2027, a Assembleia Legislativa tenha quatro cadeiras dedicadas \u00e0 segunda maior cidade do estado, configura\u00e7\u00e3o que, segundo ele, j\u00e1 ocorreu em outro momento.<\/p>\n<p>\u201cEu acho que a gente precisa se organizar, as lideran\u00e7as locais precisam se organizar, porque com certeza podemos fazer um grande n\u00famero de deputados e isso permitir\u00e1 trazer mais recursos para Feira. <strong>Hoje, o or\u00e7amento de Feira de Santana est\u00e1 em torno de R$ 2,5 bilh\u00f5es e esse or\u00e7amento pode ser passado para cinco ou seis bilh\u00f5es se a gente conseguir eleger uma bancada<\/strong>, tanto de estadual como de federal, boa aqui na cidade\u201d, disse.<\/p>\n<p>Mas ser dona do segundo maior col\u00e9gio eleitoral do estado, ficando atr\u00e1s apenas da capital, n\u00e3o \u00e9 garantia de que Feira de Santana conseguir\u00e1 \u00eaxito na a\u00e7\u00e3o de ampliar sua influ\u00eancia na Alba. Sabendo disso, Jurandy afirmou que j\u00e1 est\u00e1 \u201cbatendo boca de cal\u00e7a\u201d para provar que pode chegar at\u00e9 l\u00e1. Tarefa que n\u00e3o \u00e9 t\u00e3o f\u00e1cil, uma vez que as campanhas eleitorais est\u00e3o cada vez mais caras.<\/p>\n<p>\u201cEleger uma bancada maior precisa de recursos, uma campanha para deputado n\u00e3o \u00e9 barata, \u00e9 uma campanha cara. Eu n\u00e3o tenho esse c\u00e1lculo agora, mas \u00e9 uma campanha extremamente cara, porque o cara vai ter que rodar a Bahia pedir voto\u201d, concluiu o vereador.<\/p>\n<div class=\"wp-block-group\">\n<div class=\"wp-block-group__inner-container is-layout-constrained wp-block-group-is-layout-constrained\">\n<p><em>Com informa\u00e7\u00f5es do rep\u00f3rter Paulo Jos\u00e9 do Acorda Cidade<\/em><\/p>\n<p><em>Reportagem escrita pelo estagi\u00e1rio de jornalismo Jefferson Ara\u00fajo sob supervis\u00e3o\u00a0<\/em><\/p>\n<p><em>Siga o Acorda Cidade no<\/em><a href=\"https:\/\/news.google.com\/search?q=acorda%20cidade&amp;hl=pt-BR&amp;gl=BR&amp;ceid=BR%3Apt-419\"><strong><em>\u00a0Google Not\u00edcias<\/em><\/strong><\/a><em>\u00a0e receba os principais destaques do dia. Participe tamb\u00e9m dos nossos canais no\u00a0<\/em><a href=\"https:\/\/www.whatsapp.com\/channel\/0029Va6Rb4v3WHTNnsh8WI3N\"><strong><em>WhatsApp<\/em><\/strong><\/a><em>\u00a0e\u00a0<\/em><a href=\"https:\/\/www.youtube.com\/@acordacidadenoticias\/videos\"><strong>Youtube<\/strong><\/a><em>\u00a0e grupo de\u00a0<\/em><a href=\"https:\/\/t.me\/+sSz0khrgARA0ZmRh\"><strong><em>Telegram<\/em><\/strong><\/a><em>.<\/em><\/p>\n<\/p>\n<\/div>\n<\/div>\n<\/div>\n","protected":false},"excerpt":{"rendered":"<div>\n<div>\n<figure><img decoding=\"async\" src=\"https:\/\/uploads.acordacidade.com.br\/2024\/12\/jurandycarvalho_pj_acordacidade.jpeg\" alt=\"Vereador Jurandy Carvalho\"><figcaption>Foto: Paulo Jos\u00e9\/Acorda Cidade | Vereador Jurandy Carvalho<\/figcaption><\/figure>\n<\/div>\n<p>A dobradinha dos tucanos \u00e9 considerada um movimento para aumentar a base feirense na Assembleia Legislativa da Bahia.<\/p><\/div>\n","protected":false},"author":1,"featured_media":94939,"comment_status":"closed","ping_status":"closed","sticky":false,"template":"","format":"gallery","meta":{"footnotes":""},"categories":[8,9,6,57,56,10],"tags":[],"class_list":["post-94938","post","type-post","status-publish","format-gallery","has-post-thumbnail","hentry","category-bahia","category-brasil","category-feira-de-santana","category-mundo","category-policia","category-politica","post_format-post-format-gallery"],"featured_image_urls":{"full":["https:\/\/noticiasbahia360.com.br\/wp-content\/uploads\/2025\/07\/jurandycarvalho_pj_acordacidade.jpeg",640,480,false],"thumbnail":["https:\/\/noticiasbahia360.com.br\/wp-content\/uploads\/2025\/07\/jurandycarvalho_pj_acordacidade-150x150.jpeg",150,150,true],"medium":["https:\/\/noticiasbahia360.com.br\/wp-content\/uploads\/2025\/07\/jurandycarvalho_pj_acordacidade-300x225.jpeg",300,225,true],"medium_large":["https:\/\/noticiasbahia360.com.br\/wp-content\/uploads\/2025\/07\/jurandycarvalho_pj_acordacidade.jpeg",640,480,false],"large":["https:\/\/noticiasbahia360.com.br\/wp-content\/uploads\/2025\/07\/jurandycarvalho_pj_acordacidade.jpeg",640,480,false],"1536x1536":["https:\/\/noticiasbahia360.com.br\/wp-content\/uploads\/2025\/07\/jurandycarvalho_pj_acordacidade.jpeg",640,480,false],"2048x2048":["https:\/\/noticiasbahia360.com.br\/wp-content\/uploads\/2025\/07\/jurandycarvalho_pj_acordacidade.jpeg",640,480,false],"chromenews-featured":["https:\/\/noticiasbahia360.com.br\/wp-content\/uploads\/2025\/07\/jurandycarvalho_pj_acordacidade.jpeg",640,480,false],"chromenews-large":["https:\/\/noticiasbahia360.com.br\/wp-content\/uploads\/2025\/07\/jurandycarvalho_pj_acordacidade.jpeg",640,480,false],"chromenews-medium":["https:\/\/noticiasbahia360.com.br\/wp-content\/uploads\/2025\/07\/jurandycarvalho_pj_acordacidade-590x410.jpeg",590,410,true]},"author_info":{"display_name":"noticiasbahia360.com.br","author_link":"https:\/\/noticiasbahia360.com.br\/?author=1"},"category_info":"<a href=\"https:\/\/noticiasbahia360.com.br\/?cat=8\" rel=\"category\">Bahia<\/a> <a href=\"https:\/\/noticiasbahia360.com.br\/?cat=9\" rel=\"category\">Brasil<\/a> <a href=\"https:\/\/noticiasbahia360.com.br\/?cat=6\" rel=\"category\">Feira de Santana<\/a> <a href=\"https:\/\/noticiasbahia360.com.br\/?cat=57\" rel=\"category\">Mundo<\/a> <a href=\"https:\/\/noticiasbahia360.com.br\/?cat=56\" rel=\"category\">Pol\u00edcia<\/a> <a href=\"https:\/\/noticiasbahia360.com.br\/?cat=10\" rel=\"category\">Pol\u00edtica<\/a>","tag_info":"Pol\u00edtica","comment_count":"0","_links":{"self":[{"href":"https:\/\/noticiasbahia360.com.br\/index.php?rest_route=\/wp\/v2\/posts\/94938","targetHints":{"allow":["GET"]}}],"collection":[{"href":"https:\/\/noticiasbahia360.com.br\/index.php?rest_route=\/wp\/v2\/posts"}],"about":[{"href":"https:\/\/noticiasbahia360.com.br\/index.php?rest_route=\/wp\/v2\/types\/post"}],"author":[{"embeddable":true,"href":"https:\/\/noticiasbahia360.com.br\/index.php?rest_route=\/wp\/v2\/users\/1"}],"replies":[{"embeddable":true,"href":"https:\/\/noticiasbahia360.com.br\/index.php?rest_route=%2Fwp%2Fv2%2Fcomments&post=94938"}],"version-history":[{"count":0,"href":"https:\/\/noticiasbahia360.com.br\/index.php?rest_route=\/wp\/v2\/posts\/94938\/revisions"}],"wp:featuredmedia":[{"embeddable":true,"href":"https:\/\/noticiasbahia360.com.br\/index.php?rest_route=\/wp\/v2\/media\/94939"}],"wp:attachment":[{"href":"https:\/\/noticiasbahia360.com.br\/index.php?rest_route=%2Fwp%2Fv2%2Fmedia&parent=94938"}],"wp:term":[{"taxonomy":"category","embeddable":true,"href":"https:\/\/noticiasbahia360.com.br\/index.php?rest_route=%2Fwp%2Fv2%2Fcategories&post=94938"},{"taxonomy":"post_tag","embeddable":true,"href":"https:\/\/noticiasbahia360.com.br\/index.php?rest_route=%2Fwp%2Fv2%2Ftags&post=94938"}],"curies":[{"name":"wp","href":"https:\/\/api.w.org\/{rel}","templated":true}]}}