{"id":94940,"date":"2025-07-28T17:23:10","date_gmt":"2025-07-28T20:23:10","guid":{"rendered":"https:\/\/noticiasbahia360.com.br\/?p=94940"},"modified":"2025-07-28T17:23:10","modified_gmt":"2025-07-28T20:23:10","slug":"caminhos-para-servir","status":"publish","type":"post","link":"https:\/\/noticiasbahia360.com.br\/?p=94940","title":{"rendered":"Caminhos para servir"},"content":{"rendered":"<div>\n<div>\n<figure><img decoding=\"async\" src=\"http:\/\/noticiasbahia360.com.br\/wp-content\/uploads\/2025\/07\/vocacao-foto-freepik.jpg\" alt=\"Voca\u00e7\u00e3o Cr\u00f4nica Dom Itamar Vian - imagem ilustrativa\"><figcaption>Foto: Freepik<\/figcaption><\/figure>\n<\/div>\n<p><strong>O m\u00eas de agosto, nas comunidades crist\u00e3s, \u00e9 dedicado \u00e0 reflex\u00e3o sobre as diversas voca\u00e7\u00f5es. A palavra voca\u00e7\u00e3o tem origem no verbo latino \u201cvocare\u201d, que significa chamar. A voca\u00e7\u00e3o \u00e9 sempre um chamado de Deus e um caminho para servir \u00e0s pessoas e \u00e0 comunidade. Procuremos conhecer a beleza desse chamado de Deus. Qual \u00e9 sua voca\u00e7\u00e3o?<\/strong><\/p>\n<p><strong>NENHUM <\/strong>de n\u00f3s nasce por acaso e \u00e9 descart\u00e1vel. A primeira voca\u00e7\u00e3o, o primeiro chamado e dom concedido por Deus \u00e9 a vida. Esse chamado precede todos os demais! O ser humano, ao ter consci\u00eancia de que a vida \u00e9 um dom de Deus, torna-se correspons\u00e1vel na promo\u00e7\u00e3o e defesa dela. Por isso, ele deve cuidar da sua vida, da vida dos outros e da Casa Comum, isto \u00e9, a Cria\u00e7\u00e3o.<\/p>\n<p><strong>PELO BATISMO<\/strong>, recebemos o segundo chamado: ser crist\u00e3o. \u00c0 medida que crescemos, tomamos conhecimento da nossa f\u00e9 e, aos poucos, assumimos a identidade que nos caracteriza como seguidores do pr\u00f3prio Cristo. Consequentemente, somos chamados a aderir \u00e0 miss\u00e3o de Jesus, anunciando o Evangelho pela vida, Palavra de Deus, trabalho e testemunho de vida. A voca\u00e7\u00e3o crist\u00e3 exige, de todos os que recebem o batismo, o compromisso de serem sinais vis\u00edveis de Jesus no mundo.<\/p>\n<p><strong>SEGUINDO<\/strong> caminhos diferentes, todos n\u00f3s somos chamados a servir: uns assumem o matrim\u00f4nio, outros (as) a consagra\u00e7\u00e3o na vida religiosa, outros o minist\u00e9rio diaconal, ou, presbiteral. Existem aqueles que n\u00e3o se sentem chamados a nenhum desses caminhos e d\u00e3o sentido \u00e0 sua vida, como leigos (as) consagrados, vivendo na fam\u00edlia ou em comunidades, dedicando-se a uma profiss\u00e3o, a servi\u00e7o da Igreja e da solidariedade humana.<\/p>\n<p><strong>TODA <\/strong>e qualquer voca\u00e7\u00e3o \u00e9 sempre para o servi\u00e7o aos outros. Por isso, ningu\u00e9m \u00e9 bispo, padre, di\u00e1cono, religioso (a) para si mesmo. Foi o pr\u00f3prio Jesus que nos ensinou: \u201cEstou no meio de voc\u00eas como aquele que serve\u201d. (Lc 22-27). E o ap\u00f3stolo Paulo recomenda: \u201cA cada um, Deus confere dons para que possa coloc\u00e1-los a servi\u00e7o da comunidade\u201d (1Cor 12-4). A alegria de servir ao pr\u00f3ximo \u00e9 nossa melhor recompensa!<\/p>\n<p><strong>A PALAVRA<\/strong> de Deus nos diz: \u201cAntes que voc\u00ea fosse dado \u00e0 luz, eu o consagrei\u201d (Jr 1,5). Consagrar significa separar e escolher. Desde o princ\u00edpio Deus nos escolheu para uma miss\u00e3o. Cada um, escolhendo entre os mais variados caminhos e vivendo sua voca\u00e7\u00e3o, tem como meta principal a sua santidade e a salva\u00e7\u00e3o eterna: \u201cSede, pois santos, porque eu sou Santo\u201d (Lv 11,45).<\/p>\n<p class=\"has-text-align-center\"><strong>Dom Itamar Vian<\/strong><\/p>\n<p class=\"has-text-align-center\"><strong>Arcebispo <\/strong><\/p>\n<p class=\"has-text-align-center\"><strong>Em\u00e9ritodi.vianfs@ig.com.br<\/strong><\/p>\n<\/div>\n","protected":false},"excerpt":{"rendered":"<div>\n<div>\n<figure><img decoding=\"async\" src=\"https:\/\/uploads.acordacidade.com.br\/2025\/07\/vocacao-foto-freepik.jpg\" alt=\"Voca\u00e7\u00e3o Cr\u00f4nica Dom Itamar Vian - imagem ilustrativa\"><figcaption>Foto: Freepik<\/figcaption><\/figure>\n<\/div>\n<p>O ser humano, ao ter consci\u00eancia de que a vida \u00e9 um dom de Deus, torna-se correspons\u00e1vel na promo\u00e7\u00e3o e defesa dela.<\/p><\/div>\n","protected":false},"author":1,"featured_media":94941,"comment_status":"closed","ping_status":"closed","sticky":false,"template":"","format":"gallery","meta":{"footnotes":""},"categories":[8,9,6,57,56,10],"tags":[],"class_list":["post-94940","post","type-post","status-publish","format-gallery","has-post-thumbnail","hentry","category-bahia","category-brasil","category-feira-de-santana","category-mundo","category-policia","category-politica","post_format-post-format-gallery"],"featured_image_urls":{"full":["https:\/\/noticiasbahia360.com.br\/wp-content\/uploads\/2025\/07\/vocacao-foto-freepik.jpg",1200,801,false],"thumbnail":["https:\/\/noticiasbahia360.com.br\/wp-content\/uploads\/2025\/07\/vocacao-foto-freepik-150x150.jpg",150,150,true],"medium":["https:\/\/noticiasbahia360.com.br\/wp-content\/uploads\/2025\/07\/vocacao-foto-freepik-300x200.jpg",300,200,true],"medium_large":["https:\/\/noticiasbahia360.com.br\/wp-content\/uploads\/2025\/07\/vocacao-foto-freepik-768x513.jpg",640,428,true],"large":["https:\/\/noticiasbahia360.com.br\/wp-content\/uploads\/2025\/07\/vocacao-foto-freepik-1024x684.jpg",640,428,true],"1536x1536":["https:\/\/noticiasbahia360.com.br\/wp-content\/uploads\/2025\/07\/vocacao-foto-freepik.jpg",1200,801,false],"2048x2048":["https:\/\/noticiasbahia360.com.br\/wp-content\/uploads\/2025\/07\/vocacao-foto-freepik.jpg",1200,801,false],"chromenews-featured":["https:\/\/noticiasbahia360.com.br\/wp-content\/uploads\/2025\/07\/vocacao-foto-freepik-1024x684.jpg",1024,684,true],"chromenews-large":["https:\/\/noticiasbahia360.com.br\/wp-content\/uploads\/2025\/07\/vocacao-foto-freepik-825x575.jpg",825,575,true],"chromenews-medium":["https:\/\/noticiasbahia360.com.br\/wp-content\/uploads\/2025\/07\/vocacao-foto-freepik-590x410.jpg",590,410,true]},"author_info":{"display_name":"noticiasbahia360.com.br","author_link":"https:\/\/noticiasbahia360.com.br\/?author=1"},"category_info":"<a href=\"https:\/\/noticiasbahia360.com.br\/?cat=8\" rel=\"category\">Bahia<\/a> <a href=\"https:\/\/noticiasbahia360.com.br\/?cat=9\" rel=\"category\">Brasil<\/a> <a href=\"https:\/\/noticiasbahia360.com.br\/?cat=6\" rel=\"category\">Feira de Santana<\/a> <a href=\"https:\/\/noticiasbahia360.com.br\/?cat=57\" rel=\"category\">Mundo<\/a> <a href=\"https:\/\/noticiasbahia360.com.br\/?cat=56\" rel=\"category\">Pol\u00edcia<\/a> <a href=\"https:\/\/noticiasbahia360.com.br\/?cat=10\" rel=\"category\">Pol\u00edtica<\/a>","tag_info":"Pol\u00edtica","comment_count":"0","_links":{"self":[{"href":"https:\/\/noticiasbahia360.com.br\/index.php?rest_route=\/wp\/v2\/posts\/94940","targetHints":{"allow":["GET"]}}],"collection":[{"href":"https:\/\/noticiasbahia360.com.br\/index.php?rest_route=\/wp\/v2\/posts"}],"about":[{"href":"https:\/\/noticiasbahia360.com.br\/index.php?rest_route=\/wp\/v2\/types\/post"}],"author":[{"embeddable":true,"href":"https:\/\/noticiasbahia360.com.br\/index.php?rest_route=\/wp\/v2\/users\/1"}],"replies":[{"embeddable":true,"href":"https:\/\/noticiasbahia360.com.br\/index.php?rest_route=%2Fwp%2Fv2%2Fcomments&post=94940"}],"version-history":[{"count":0,"href":"https:\/\/noticiasbahia360.com.br\/index.php?rest_route=\/wp\/v2\/posts\/94940\/revisions"}],"wp:featuredmedia":[{"embeddable":true,"href":"https:\/\/noticiasbahia360.com.br\/index.php?rest_route=\/wp\/v2\/media\/94941"}],"wp:attachment":[{"href":"https:\/\/noticiasbahia360.com.br\/index.php?rest_route=%2Fwp%2Fv2%2Fmedia&parent=94940"}],"wp:term":[{"taxonomy":"category","embeddable":true,"href":"https:\/\/noticiasbahia360.com.br\/index.php?rest_route=%2Fwp%2Fv2%2Fcategories&post=94940"},{"taxonomy":"post_tag","embeddable":true,"href":"https:\/\/noticiasbahia360.com.br\/index.php?rest_route=%2Fwp%2Fv2%2Ftags&post=94940"}],"curies":[{"name":"wp","href":"https:\/\/api.w.org\/{rel}","templated":true}]}}