{"id":94947,"date":"2025-07-28T18:01:19","date_gmt":"2025-07-28T21:01:19","guid":{"rendered":"https:\/\/noticiasbahia360.com.br\/?p=94947"},"modified":"2025-07-28T18:01:19","modified_gmt":"2025-07-28T21:01:19","slug":"artista-plastico-de-capim-grosso-e-premiado-pela-academia-internacional-de-arte-moderna-de-roma","status":"publish","type":"post","link":"https:\/\/noticiasbahia360.com.br\/?p=94947","title":{"rendered":"Artista pl\u00e1stico de Capim Grosso \u00e9 premiado pela Academia Internacional de Arte Moderna de Roma"},"content":{"rendered":"<div>\n<div>\n<figure><img decoding=\"async\" src=\"http:\/\/noticiasbahia360.com.br\/wp-content\/uploads\/2025\/07\/Artista-de-Capim-Grosso.webp\" alt=\"Artista de Capim Grosso\"><figcaption>Eduardo Lima | Foto: Divulga\u00e7\u00e3o<\/figcaption><\/figure>\n<\/div>\n<p>O artista pl\u00e1stico baiano Eduardo Lima, natural de Capim Grosso, foi condecorado com a medalha de prata pela Academia Internacional de Arte Moderna de Roma, na It\u00e1lia. Reconhecido por retratar o Sert\u00e3o baiano e o Nordeste brasileiro com cores vibrantes e uma est\u00e9tica marcada pela alegria, simplicidade e verdade, Eduardo v\u00ea sua trajet\u00f3ria ganhar destaque internacional. <\/p>\n<p>\u201cRepresentar minha cidade, minha regi\u00e3o e minhas ra\u00edzes em um evento internacional \u00e9 uma conquista imensa. \u00c9 uma alegria levar a arte do Sert\u00e3o para o mundo\u201d, comemorou.<\/p>\n<p>A premia\u00e7\u00e3o aconteceu na Bas\u00edlica Santa Maria in Montesantoum durante a XIV Mostra Internacional \u2013 Jubileu de Roma 2025,\u00a0cerim\u00f4nia de um\u00a0dos eventos mais prestigiados do circuito art\u00edstico europeu. Para a ocasi\u00e3o, o artista criou uma obra in\u00e9dita, intitulada \u201cPiedade\u201d, inspirada na c\u00e9lebre escultura Piet\u00e0, de Michel\u00e2ngelo. Na releitura, Eduardo transporta o sentimento de dor e f\u00e9 da obra renascentista para a realidade do povo sertanejo, retratando com sensibilidade a resist\u00eancia, a esperan\u00e7a e a for\u00e7a do homem nordestino. \u201cFoi uma forma de homenagear a f\u00e9 do nosso povo, que mesmo diante das dificuldades, nunca perde a esperan\u00e7a\u201d, afirmou o artista.<\/p>\n<figure class=\"wp-block-image size-large\"><img fetchpriority=\"high\" fetchpriority=\"high\" decoding=\"async\" width=\"1057\" height=\"768\" src=\"http:\/\/noticiasbahia360.com.br\/wp-content\/uploads\/2025\/07\/Artista-de-CCapim-Grosso-1057x768-1.webp\" alt=\"Artista de Capim Grosso\" class=\"wp-image-577703\" srcset=\"https:\/\/uploads.acordacidade.com.br\/2025\/07\/Artista-de-CCapim-Grosso--502x365.webp 502w, http:\/\/noticiasbahia360.com.br\/wp-content\/uploads\/2025\/07\/Artista-de-CCapim-Grosso-1057x768-1.webp 1057w, https:\/\/uploads.acordacidade.com.br\/2025\/07\/Artista-de-CCapim-Grosso--761x553.webp 761w, https:\/\/uploads.acordacidade.com.br\/2025\/07\/Artista-de-CCapim-Grosso--150x109.webp 150w, https:\/\/uploads.acordacidade.com.br\/2025\/07\/Artista-de-CCapim-Grosso-.webp 1200w\" sizes=\"(max-width: 1057px) 100vw, 1057px\"><figcaption class=\"wp-element-caption\">Foto: Divulga\u00e7\u00e3o<\/figcaption><\/figure>\n<p>Eduardo Lima tem uma trajet\u00f3ria marcada pela supera\u00e7\u00e3o. Antes de se dedicar exclusivamente \u00e0s artes, trabalhou como frentista. Foi com esfor\u00e7o e persist\u00eancia que transformou o sonho de menino do Sert\u00e3o em uma carreira s\u00f3lida, conquistando admiradores dentro e fora do Brasil. Com mais esse reconhecimento internacional, Eduardo Lima reafirma seu papel como um dos expoentes da arte nordestina contempor\u00e2nea, sendo porta-voz visual das cores, f\u00e9 e beleza do povo do Sert\u00e3o.<\/p>\n<p><em>Siga o Acorda Cidade no<\/em><a href=\"https:\/\/news.google.com\/search?q=acorda%20cidade&amp;hl=pt-BR&amp;gl=BR&amp;ceid=BR%3Apt-419\"><strong><em>\u00a0Google Not\u00edcias<\/em><\/strong><\/a><em>\u00a0e receba os principais destaques do dia. Participe tamb\u00e9m dos nossos canais no\u00a0<\/em><a href=\"https:\/\/www.whatsapp.com\/channel\/0029Va6Rb4v3WHTNnsh8WI3N\"><strong><em>WhatsApp<\/em><\/strong><\/a><em>\u00a0e\u00a0<\/em><a href=\"https:\/\/www.youtube.com\/@acordacidadenoticias\/videos\"><strong>Youtube<\/strong><\/a><em>\u00a0e grupo de\u00a0<\/em><a href=\"https:\/\/t.me\/+sSz0khrgARA0ZmRh\"><strong><em>Telegram<\/em><\/strong><\/a><em>.<\/em><\/p>\n<\/div>\n","protected":false},"excerpt":{"rendered":"<div>\n<div>\n<figure><img decoding=\"async\" src=\"https:\/\/uploads.acordacidade.com.br\/2025\/07\/Artista-de-Capim-Grosso.webp\" alt=\"Artista de Capim Grosso\"><figcaption>Eduardo Lima | Foto: Divulga\u00e7\u00e3o<\/figcaption><\/figure>\n<\/div>\n<p>A premia\u00e7\u00e3o aconteceu na Bas\u00edlica Santa Maria in Montesantoum durante a XIV Mostra Internacional \u2013 Jubileu de Roma 2025.<\/p><\/div>\n","protected":false},"author":1,"featured_media":94948,"comment_status":"closed","ping_status":"closed","sticky":false,"template":"","format":"gallery","meta":{"footnotes":""},"categories":[8,9,6,57,56,10],"tags":[],"class_list":["post-94947","post","type-post","status-publish","format-gallery","has-post-thumbnail","hentry","category-bahia","category-brasil","category-feira-de-santana","category-mundo","category-policia","category-politica","post_format-post-format-gallery"],"featured_image_urls":{"full":["https:\/\/noticiasbahia360.com.br\/wp-content\/uploads\/2025\/07\/Artista-de-Capim-Grosso.webp",1200,900,false],"thumbnail":["https:\/\/noticiasbahia360.com.br\/wp-content\/uploads\/2025\/07\/Artista-de-Capim-Grosso-150x150.webp",150,150,true],"medium":["https:\/\/noticiasbahia360.com.br\/wp-content\/uploads\/2025\/07\/Artista-de-Capim-Grosso-300x225.webp",300,225,true],"medium_large":["https:\/\/noticiasbahia360.com.br\/wp-content\/uploads\/2025\/07\/Artista-de-Capim-Grosso-768x576.webp",640,480,true],"large":["https:\/\/noticiasbahia360.com.br\/wp-content\/uploads\/2025\/07\/Artista-de-Capim-Grosso-1024x768.webp",640,480,true],"1536x1536":["https:\/\/noticiasbahia360.com.br\/wp-content\/uploads\/2025\/07\/Artista-de-Capim-Grosso.webp",1200,900,false],"2048x2048":["https:\/\/noticiasbahia360.com.br\/wp-content\/uploads\/2025\/07\/Artista-de-Capim-Grosso.webp",1200,900,false],"chromenews-featured":["https:\/\/noticiasbahia360.com.br\/wp-content\/uploads\/2025\/07\/Artista-de-Capim-Grosso-1024x768.webp",1024,768,true],"chromenews-large":["https:\/\/noticiasbahia360.com.br\/wp-content\/uploads\/2025\/07\/Artista-de-Capim-Grosso-825x575.webp",825,575,true],"chromenews-medium":["https:\/\/noticiasbahia360.com.br\/wp-content\/uploads\/2025\/07\/Artista-de-Capim-Grosso-590x410.webp",590,410,true]},"author_info":{"display_name":"noticiasbahia360.com.br","author_link":"https:\/\/noticiasbahia360.com.br\/?author=1"},"category_info":"<a href=\"https:\/\/noticiasbahia360.com.br\/?cat=8\" rel=\"category\">Bahia<\/a> <a href=\"https:\/\/noticiasbahia360.com.br\/?cat=9\" rel=\"category\">Brasil<\/a> <a href=\"https:\/\/noticiasbahia360.com.br\/?cat=6\" rel=\"category\">Feira de Santana<\/a> <a href=\"https:\/\/noticiasbahia360.com.br\/?cat=57\" rel=\"category\">Mundo<\/a> <a href=\"https:\/\/noticiasbahia360.com.br\/?cat=56\" rel=\"category\">Pol\u00edcia<\/a> <a href=\"https:\/\/noticiasbahia360.com.br\/?cat=10\" rel=\"category\">Pol\u00edtica<\/a>","tag_info":"Pol\u00edtica","comment_count":"0","_links":{"self":[{"href":"https:\/\/noticiasbahia360.com.br\/index.php?rest_route=\/wp\/v2\/posts\/94947","targetHints":{"allow":["GET"]}}],"collection":[{"href":"https:\/\/noticiasbahia360.com.br\/index.php?rest_route=\/wp\/v2\/posts"}],"about":[{"href":"https:\/\/noticiasbahia360.com.br\/index.php?rest_route=\/wp\/v2\/types\/post"}],"author":[{"embeddable":true,"href":"https:\/\/noticiasbahia360.com.br\/index.php?rest_route=\/wp\/v2\/users\/1"}],"replies":[{"embeddable":true,"href":"https:\/\/noticiasbahia360.com.br\/index.php?rest_route=%2Fwp%2Fv2%2Fcomments&post=94947"}],"version-history":[{"count":0,"href":"https:\/\/noticiasbahia360.com.br\/index.php?rest_route=\/wp\/v2\/posts\/94947\/revisions"}],"wp:featuredmedia":[{"embeddable":true,"href":"https:\/\/noticiasbahia360.com.br\/index.php?rest_route=\/wp\/v2\/media\/94948"}],"wp:attachment":[{"href":"https:\/\/noticiasbahia360.com.br\/index.php?rest_route=%2Fwp%2Fv2%2Fmedia&parent=94947"}],"wp:term":[{"taxonomy":"category","embeddable":true,"href":"https:\/\/noticiasbahia360.com.br\/index.php?rest_route=%2Fwp%2Fv2%2Fcategories&post=94947"},{"taxonomy":"post_tag","embeddable":true,"href":"https:\/\/noticiasbahia360.com.br\/index.php?rest_route=%2Fwp%2Fv2%2Ftags&post=94947"}],"curies":[{"name":"wp","href":"https:\/\/api.w.org\/{rel}","templated":true}]}}