{"id":94950,"date":"2025-07-28T18:07:45","date_gmt":"2025-07-28T21:07:45","guid":{"rendered":"https:\/\/noticiasbahia360.com.br\/?p=94950"},"modified":"2025-07-28T18:07:45","modified_gmt":"2025-07-28T21:07:45","slug":"bahia-ja-emitiu-103-milhao-de-carteiras-de-identidade-nacional-cin","status":"publish","type":"post","link":"https:\/\/noticiasbahia360.com.br\/?p=94950","title":{"rendered":"Bahia j\u00e1 emitiu 1,03 milh\u00e3o de Carteiras de Identidade Nacional (CIN)"},"content":{"rendered":"<div>\n<div>\n<figure><img decoding=\"async\" src=\"http:\/\/noticiasbahia360.com.br\/wp-content\/uploads\/2025\/07\/W4rvNcB9-carteiradeidentidadenacional_detran_rj.png\" alt=\"Carteira Nacional de Identidade\"><figcaption>Foto: Divulga\u00e7\u00e3o\/Detran-RJ<\/figcaption><\/figure>\n<\/div>\n<p>At\u00e9 o dia 23 de julho, a Bahia j\u00e1 havia emitido 1,03 milh\u00e3o de novas Carteiras de Identidade Nacional (CIN), o equivalente a 6,99% da popula\u00e7\u00e3o do estado.\u00a0<a href=\"https:\/\/www.gov.br\/secom\/pt-br\/assuntos\/noticias\/2025\/07\/brasil-supera-30-milhoes-de-emissoes-da-nova-carteira-de-identidade-nacional\" target=\"_blank\" rel=\"noreferrer noopener\">Em todo o pa\u00eds, mais de 30 milh\u00f5es de brasileiros j\u00e1 emitiram o documento<\/a>. Os n\u00fameros est\u00e3o consolidados\u00a0<a href=\"https:\/\/app.powerbi.com\/view?r=eyJrIjoiMGFjMjdhYzYtODQ4My00Njg0LWJmNGMtZWZmMTJmYTk5YjAxIiwidCI6ImViMDkwNDIwLTQ0NGMtNDNmNy05MWYyLTRiOGRhNmJmZThlMSJ9\" target=\"_blank\" rel=\"noreferrer noopener\">em base de dados divulgada pelo Minist\u00e9rio da Justi\u00e7a e Seguran\u00e7a P\u00fablica<\/a>.<\/p>\n<p>No estado, foram 572,2 mil registros de pessoas do sexo feminino (55,11%) e 466 mil do sexo masculino (44,88%). A m\u00e9dia di\u00e1ria de emiss\u00f5es \u00e9 de 924. S\u00f3 no m\u00eas de julho de 2025, foram registrados mais de 25,9 mil documentos.<\/p>\n<p><strong>Como fazer \u2013<\/strong>\u00a0A primeira via \u00e9 gratuita. A CIN \u00e9 emitida em todos os estados (<a href=\"https:\/\/gov.br\/identidade\" target=\"_blank\" rel=\"noreferrer noopener\">confira como fazer na sua Unidade Federativa<\/a>). \u00c9 necess\u00e1rio levar certid\u00e3o de nascimento ou de casamento.<\/p>\n<p><strong>Idade \u2013<\/strong>\u00a0A faixa et\u00e1ria que mais tem se beneficiado do servi\u00e7o \u00e9 a parcela da popula\u00e7\u00e3o de 15 a 19 anos. S\u00e3o 123 mil pessoas dessa idade (11,85% do total na Bahia). A segunda faixa com maior n\u00famero de registros \u00e9 a entre 40 e 44 anos, com 86,4 mil emiss\u00f5es no estado (8,32% do total).<\/p>\n<p><strong>Pessoas com defici\u00eancia \u2013<\/strong>\u00a0Dos 30 milh\u00f5es de documentos emitidos at\u00e9 23 de julho no Brasil, 493 mil foram registrados por pessoas com defici\u00eancia. Na Bahia, s\u00e3o 18.669 pessoas. Desse universo, 7,9 mil s\u00e3o de pessoas com Transtorno do Espectro Autista (37,87%), 4,7 mil pessoas com defici\u00eancia intelectual (22,46%), 4,3 mil com defici\u00eancia f\u00edsica (20,83%), 2,2 mil com defici\u00eancia visual (10,95%) e 1,6 mil com defici\u00eancia auditiva (7,89%).<\/p>\n<p><strong>Seguran\u00e7a \u2013\u00a0<\/strong>A CIN \u00e9 importante para o governo brasileiro reduzir fraudes, melhorar cadastros administrativos e ofertar melhores servi\u00e7os. O documento estabelece um padr\u00e3o nacional e \u00fanico em torno do CPF. Conta com recursos avan\u00e7ados de seguran\u00e7a, como o QR Code, tanto na vers\u00e3o f\u00edsica quanto na digital. O c\u00f3digo cont\u00e9m uma assinatura digital que garante autenticidade e dificulta tentativas de falsifica\u00e7\u00e3o. O documento tamb\u00e9m possibilita acesso mais seguro (conta Ouro) aos milhares de servi\u00e7os digitais dispon\u00edveis no\u00a0<a href=\"https:\/\/gov.br\/\" target=\"_blank\" rel=\"noreferrer noopener\">portal GOV.BR<\/a>.<\/p>\n<p><strong>Biometria \u2013<\/strong>\u00a0A CIN permite o uso da biometria, o que fortalece a seguran\u00e7a do cidad\u00e3o e do governo e, a partir de agora, o acesso a benef\u00edcios sociais. O\u00a0<a href=\"https:\/\/www.gov.br\/planalto\/pt-br\/acompanhe-o-planalto\/noticias\/2025\/07\/presidente-assina-decreto-que-regula-uso-de-biometria-para-acesso-a-beneficios\" target=\"_blank\" rel=\"noreferrer noopener\">presidente Luiz In\u00e1cio Lula da Silva assinou decreto que regulamenta o uso da biometria na concess\u00e3o, renova\u00e7\u00e3o e manuten\u00e7\u00e3o de benef\u00edcios da seguridade social<\/a>. A implementa\u00e7\u00e3o ser\u00e1 gradual. Quem j\u00e1 possui benef\u00edcio ter\u00e1 mais tempo para se adequar. O texto indica que a CIN ser\u00e1 a base de refer\u00eancia para o cadastro.\u00a0<a href=\"https:\/\/x.com\/LulaOficial\/status\/1948102960829051299\" target=\"_blank\" rel=\"noreferrer noopener\">\u201cQueremos um Estado mais moderno, eficiente e pr\u00f3ximo de cada cidad\u00e3o. Um governo para cada pessoa\u201d, afirmou o presidente em postagem na rede social X<\/a>.<\/p>\n<p><strong>Aplicativo \u2013<\/strong>\u00a0<a href=\"https:\/\/www.gov.br\/planalto\/pt-br\/acompanhe-o-planalto\/noticias\/2025\/07\/lula-assina-decretos-que-asseguram-mais-eficiencia-na-transformacao-digital-em-curso-no-pais\" target=\"_blank\" rel=\"noreferrer noopener\">No evento tamb\u00e9m foi lan\u00e7ado o aplicativo da CIN, para valida\u00e7\u00e3o oficial e gratuita dos dados do documento<\/a>. O aplicativo foi desenvolvido justamente para oferecer uma forma r\u00e1pida, p\u00fablica e gratuita de conferir se o QR Code do documento foi de fato emitido pelo minist\u00e9rio. A ferramenta opera em dois modos: o detalhado, que apresenta todas as informa\u00e7\u00f5es da base nacional quando h\u00e1 conex\u00e3o com a internet, e o modo parcial que, mesmo off-line, permite verificar o CPF e a data de nascimento da pessoa.<\/p>\n<p><em>Siga o Acorda Cidade no<\/em><a href=\"https:\/\/news.google.com\/search?q=acorda%20cidade&amp;hl=pt-BR&amp;gl=BR&amp;ceid=BR%3Apt-419\"><strong><em>\u00a0Google Not\u00edcias<\/em><\/strong><\/a><em>\u00a0e receba os principais destaques do dia. Participe tamb\u00e9m dos nossos canais no\u00a0<\/em><a href=\"https:\/\/www.whatsapp.com\/channel\/0029Va6Rb4v3WHTNnsh8WI3N\"><strong><em>WhatsApp<\/em><\/strong><\/a><em>\u00a0e\u00a0<\/em><a href=\"https:\/\/www.youtube.com\/@acordacidadenoticias\/videos\"><strong>Youtube<\/strong><\/a><em>\u00a0e grupo de\u00a0<\/em><a href=\"https:\/\/t.me\/+sSz0khrgARA0ZmRh\"><strong><em>Telegram<\/em><\/strong><\/a><em>.<\/em><\/p>\n<\/div>\n","protected":false},"excerpt":{"rendered":"<div>\n<div>\n<figure><img decoding=\"async\" src=\"https:\/\/uploads.acordacidade.com.br\/2024\/12\/W4rvNcB9-carteiradeidentidadenacional_detran_rj.png\" alt=\"Carteira Nacional de Identidade\"><figcaption>Foto: Divulga\u00e7\u00e3o\/Detran-RJ<\/figcaption><\/figure>\n<\/div>\n<p>A CIN \u00e9 importante para o governo brasileiro reduzir fraudes, melhorar cadastros administrativos e ofertar melhores servi\u00e7os.<\/p><\/div>\n","protected":false},"author":1,"featured_media":94951,"comment_status":"closed","ping_status":"closed","sticky":false,"template":"","format":"gallery","meta":{"footnotes":""},"categories":[8,9,6,57,56,10],"tags":[],"class_list":["post-94950","post","type-post","status-publish","format-gallery","has-post-thumbnail","hentry","category-bahia","category-brasil","category-feira-de-santana","category-mundo","category-policia","category-politica","post_format-post-format-gallery"],"featured_image_urls":{"full":["https:\/\/noticiasbahia360.com.br\/wp-content\/uploads\/2025\/07\/W4rvNcB9-carteiradeidentidadenacional_detran_rj.png",640,383,false],"thumbnail":["https:\/\/noticiasbahia360.com.br\/wp-content\/uploads\/2025\/07\/W4rvNcB9-carteiradeidentidadenacional_detran_rj-150x150.png",150,150,true],"medium":["https:\/\/noticiasbahia360.com.br\/wp-content\/uploads\/2025\/07\/W4rvNcB9-carteiradeidentidadenacional_detran_rj-300x180.png",300,180,true],"medium_large":["https:\/\/noticiasbahia360.com.br\/wp-content\/uploads\/2025\/07\/W4rvNcB9-carteiradeidentidadenacional_detran_rj.png",640,383,false],"large":["https:\/\/noticiasbahia360.com.br\/wp-content\/uploads\/2025\/07\/W4rvNcB9-carteiradeidentidadenacional_detran_rj.png",640,383,false],"1536x1536":["https:\/\/noticiasbahia360.com.br\/wp-content\/uploads\/2025\/07\/W4rvNcB9-carteiradeidentidadenacional_detran_rj.png",640,383,false],"2048x2048":["https:\/\/noticiasbahia360.com.br\/wp-content\/uploads\/2025\/07\/W4rvNcB9-carteiradeidentidadenacional_detran_rj.png",640,383,false],"chromenews-featured":["https:\/\/noticiasbahia360.com.br\/wp-content\/uploads\/2025\/07\/W4rvNcB9-carteiradeidentidadenacional_detran_rj.png",640,383,false],"chromenews-large":["https:\/\/noticiasbahia360.com.br\/wp-content\/uploads\/2025\/07\/W4rvNcB9-carteiradeidentidadenacional_detran_rj.png",640,383,false],"chromenews-medium":["https:\/\/noticiasbahia360.com.br\/wp-content\/uploads\/2025\/07\/W4rvNcB9-carteiradeidentidadenacional_detran_rj-590x383.png",590,383,true]},"author_info":{"display_name":"noticiasbahia360.com.br","author_link":"https:\/\/noticiasbahia360.com.br\/?author=1"},"category_info":"<a href=\"https:\/\/noticiasbahia360.com.br\/?cat=8\" rel=\"category\">Bahia<\/a> <a href=\"https:\/\/noticiasbahia360.com.br\/?cat=9\" rel=\"category\">Brasil<\/a> <a href=\"https:\/\/noticiasbahia360.com.br\/?cat=6\" rel=\"category\">Feira de Santana<\/a> <a href=\"https:\/\/noticiasbahia360.com.br\/?cat=57\" rel=\"category\">Mundo<\/a> <a href=\"https:\/\/noticiasbahia360.com.br\/?cat=56\" rel=\"category\">Pol\u00edcia<\/a> <a href=\"https:\/\/noticiasbahia360.com.br\/?cat=10\" rel=\"category\">Pol\u00edtica<\/a>","tag_info":"Pol\u00edtica","comment_count":"0","_links":{"self":[{"href":"https:\/\/noticiasbahia360.com.br\/index.php?rest_route=\/wp\/v2\/posts\/94950","targetHints":{"allow":["GET"]}}],"collection":[{"href":"https:\/\/noticiasbahia360.com.br\/index.php?rest_route=\/wp\/v2\/posts"}],"about":[{"href":"https:\/\/noticiasbahia360.com.br\/index.php?rest_route=\/wp\/v2\/types\/post"}],"author":[{"embeddable":true,"href":"https:\/\/noticiasbahia360.com.br\/index.php?rest_route=\/wp\/v2\/users\/1"}],"replies":[{"embeddable":true,"href":"https:\/\/noticiasbahia360.com.br\/index.php?rest_route=%2Fwp%2Fv2%2Fcomments&post=94950"}],"version-history":[{"count":0,"href":"https:\/\/noticiasbahia360.com.br\/index.php?rest_route=\/wp\/v2\/posts\/94950\/revisions"}],"wp:featuredmedia":[{"embeddable":true,"href":"https:\/\/noticiasbahia360.com.br\/index.php?rest_route=\/wp\/v2\/media\/94951"}],"wp:attachment":[{"href":"https:\/\/noticiasbahia360.com.br\/index.php?rest_route=%2Fwp%2Fv2%2Fmedia&parent=94950"}],"wp:term":[{"taxonomy":"category","embeddable":true,"href":"https:\/\/noticiasbahia360.com.br\/index.php?rest_route=%2Fwp%2Fv2%2Fcategories&post=94950"},{"taxonomy":"post_tag","embeddable":true,"href":"https:\/\/noticiasbahia360.com.br\/index.php?rest_route=%2Fwp%2Fv2%2Ftags&post=94950"}],"curies":[{"name":"wp","href":"https:\/\/api.w.org\/{rel}","templated":true}]}}