{"id":94952,"date":"2025-07-28T18:15:21","date_gmt":"2025-07-28T21:15:21","guid":{"rendered":"https:\/\/noticiasbahia360.com.br\/?p=94952"},"modified":"2025-07-28T18:15:21","modified_gmt":"2025-07-28T21:15:21","slug":"evento-declama-preta-celebra-arte-e-protagonismo-de-mulheres-negras-em-feira-de-santana","status":"publish","type":"post","link":"https:\/\/noticiasbahia360.com.br\/?p=94952","title":{"rendered":"Evento \u201cDeclama Preta\u201d celebra arte e protagonismo de mulheres negras em Feira de Santana"},"content":{"rendered":"<div>\n<div>\n<figure><img decoding=\"async\" src=\"http:\/\/noticiasbahia360.com.br\/wp-content\/uploads\/2025\/07\/Declama-Preta.webp\" alt=\"Declama Preta evento com artistas mulheres negras\"><figcaption>Foto: Divulga\u00e7\u00e3o<\/figcaption><\/figure>\n<\/div>\n<p>Em comemora\u00e7\u00e3o ao Julho das Pretas, o evento \u201cDeclama Preta: Mulheres<br \/>Negras em Movimento\u201d acontecer\u00e1 no dia 30 de julho de 2025, no MAC \u2013 Museu de<br \/>Arte Contempor\u00e2nea de Feira de Santana, com uma programa\u00e7\u00e3o cultural<br \/>diversificada e gratuita, voltada para o reconhecimento, a valoriza\u00e7\u00e3o e a visibilidade<br \/>das produ\u00e7\u00f5es de mulheres negras.<\/p>\n<p>A iniciativa, idealizada e produzida por Lene Costa e Marcinha Costa, convida<br \/>o p\u00fablico a vivenciar experi\u00eancias art\u00edsticas e po\u00e9ticas por meio de apresenta\u00e7\u00f5es<br \/>musicais, dan\u00e7a, declama\u00e7\u00e3o de poesias, roda de conversa, exposi\u00e7\u00e3o e venda de<br \/>artesanatos, al\u00e9m de uma oficina liter\u00e1ria \u201cafroafetiva\u201d que abre a programa\u00e7\u00e3o a<br \/>partir das 14h ministrada pelas idealizadoras do projeto.<\/p>\n<p>A oficina promover\u00e1 a escrita a partir da viv\u00eancia e identidade de mulheres<br \/>negras. A metodologia ser\u00e1 baseada em din\u00e2micas de intera\u00e7\u00e3o com foco em elementos<br \/>\u201cafroafetivos\u201d, que valorizam a ancestralidade, o acolhimento e o fortalecimento dos<br \/>la\u00e7os identit\u00e1rios.<\/p>\n<p>\u00c0 noite, das 19h \u00e0s 22h, acontecem \u00e0s apresenta\u00e7\u00f5es culturais e a roda de<br \/>conversa, que contar\u00e1 com duas convidadas especiais:<\/p>\n<p>Hely Pedreira \u2013 Professora, Pedagoga e doutoranda em Cr\u00edtica Cultural.(UNEB)<br \/>Renailda Cazumb\u00e1 \u2013 Escritora, Professora doutora em Mem\u00f3ria: Linguagem e<br \/>Sociedade.(UESB)<\/p>\n<p>A roda de conversa prop\u00f5e uma reflex\u00e3o sobre o papel da mulher negra nos<br \/>espa\u00e7os de cria\u00e7\u00e3o, resist\u00eancia e lideran\u00e7a, fortalecendo a educa\u00e7\u00e3o antirracista.<br \/>O evento tem como proposta evidenciar a pot\u00eancia das mulheres negras na arte,<br \/>na literatura na cultura e educa\u00e7\u00e3o, promovendo um espa\u00e7o de escuta, troca,<br \/>reconhecimento e fortalecimento da identidade negra.<\/p>\n<p><strong>Servi\u00e7o:<\/strong><\/p>\n<p>Evento: Declama Preta \u2013 Mulheres Negras em Movimento<\/p>\n<p>Data: 30 de julho de 2025<\/p>\n<p>Local: Museu de Arte Contempor\u00e2nea (MAC) \u2013 Feira de Santana<\/p>\n<p>Hor\u00e1rios:<\/p>\n<ul class=\"wp-block-list\">\n<li>14h \u00e0s 16h \u2013 Oficina liter\u00e1ria<\/li>\n<li>19h \u00e0s 22h \u2013 Apresenta\u00e7\u00f5es culturais e roda de conversa<\/li>\n<\/ul>\n<p>Entrada gratuita.<\/p>\n<p><em>Siga o Acorda Cidade no<\/em><a href=\"https:\/\/news.google.com\/search?q=acorda%20cidade&amp;hl=pt-BR&amp;gl=BR&amp;ceid=BR%3Apt-419\"><strong><em>\u00a0Google Not\u00edcias<\/em><\/strong><\/a><em>\u00a0e receba os principais destaques do dia. Participe tamb\u00e9m dos nossos canais no\u00a0<\/em><a href=\"https:\/\/www.whatsapp.com\/channel\/0029Va6Rb4v3WHTNnsh8WI3N\"><strong><em>WhatsApp<\/em><\/strong><\/a><em>\u00a0e\u00a0<\/em><a href=\"https:\/\/www.youtube.com\/@acordacidadenoticias\/videos\"><strong>Youtube<\/strong><\/a><em>\u00a0e grupo de\u00a0<\/em><a href=\"https:\/\/t.me\/+sSz0khrgARA0ZmRh\"><strong><em>Telegram<\/em><\/strong><\/a><em>.<\/em><\/p>\n<\/div>\n","protected":false},"excerpt":{"rendered":"<div>\n<div>\n<figure><img decoding=\"async\" src=\"https:\/\/uploads.acordacidade.com.br\/2025\/07\/Declama-Preta.webp\" alt=\"Declama Preta evento com artistas mulheres negras\"><figcaption>Foto: Divulga\u00e7\u00e3o<\/figcaption><\/figure>\n<\/div>\n<p>O evento ter\u00e1 uma programa\u00e7\u00e3o cultural diversificada e gratuita, voltada para a valoriza\u00e7\u00e3o e a visibilidade das produ\u00e7\u00f5es de mulheres negras.<\/p><\/div>\n","protected":false},"author":1,"featured_media":94953,"comment_status":"closed","ping_status":"closed","sticky":false,"template":"","format":"gallery","meta":{"footnotes":""},"categories":[8,9,6,57,56,10],"tags":[],"class_list":["post-94952","post","type-post","status-publish","format-gallery","has-post-thumbnail","hentry","category-bahia","category-brasil","category-feira-de-santana","category-mundo","category-policia","category-politica","post_format-post-format-gallery"],"featured_image_urls":{"full":["https:\/\/noticiasbahia360.com.br\/wp-content\/uploads\/2025\/07\/Declama-Preta.webp",1200,668,false],"thumbnail":["https:\/\/noticiasbahia360.com.br\/wp-content\/uploads\/2025\/07\/Declama-Preta-150x150.webp",150,150,true],"medium":["https:\/\/noticiasbahia360.com.br\/wp-content\/uploads\/2025\/07\/Declama-Preta-300x167.webp",300,167,true],"medium_large":["https:\/\/noticiasbahia360.com.br\/wp-content\/uploads\/2025\/07\/Declama-Preta-768x428.webp",640,357,true],"large":["https:\/\/noticiasbahia360.com.br\/wp-content\/uploads\/2025\/07\/Declama-Preta-1024x570.webp",640,356,true],"1536x1536":["https:\/\/noticiasbahia360.com.br\/wp-content\/uploads\/2025\/07\/Declama-Preta.webp",1200,668,false],"2048x2048":["https:\/\/noticiasbahia360.com.br\/wp-content\/uploads\/2025\/07\/Declama-Preta.webp",1200,668,false],"chromenews-featured":["https:\/\/noticiasbahia360.com.br\/wp-content\/uploads\/2025\/07\/Declama-Preta-1024x570.webp",1024,570,true],"chromenews-large":["https:\/\/noticiasbahia360.com.br\/wp-content\/uploads\/2025\/07\/Declama-Preta-825x575.webp",825,575,true],"chromenews-medium":["https:\/\/noticiasbahia360.com.br\/wp-content\/uploads\/2025\/07\/Declama-Preta-590x410.webp",590,410,true]},"author_info":{"display_name":"noticiasbahia360.com.br","author_link":"https:\/\/noticiasbahia360.com.br\/?author=1"},"category_info":"<a href=\"https:\/\/noticiasbahia360.com.br\/?cat=8\" rel=\"category\">Bahia<\/a> <a href=\"https:\/\/noticiasbahia360.com.br\/?cat=9\" rel=\"category\">Brasil<\/a> <a href=\"https:\/\/noticiasbahia360.com.br\/?cat=6\" rel=\"category\">Feira de Santana<\/a> <a href=\"https:\/\/noticiasbahia360.com.br\/?cat=57\" rel=\"category\">Mundo<\/a> <a href=\"https:\/\/noticiasbahia360.com.br\/?cat=56\" rel=\"category\">Pol\u00edcia<\/a> <a href=\"https:\/\/noticiasbahia360.com.br\/?cat=10\" rel=\"category\">Pol\u00edtica<\/a>","tag_info":"Pol\u00edtica","comment_count":"0","_links":{"self":[{"href":"https:\/\/noticiasbahia360.com.br\/index.php?rest_route=\/wp\/v2\/posts\/94952","targetHints":{"allow":["GET"]}}],"collection":[{"href":"https:\/\/noticiasbahia360.com.br\/index.php?rest_route=\/wp\/v2\/posts"}],"about":[{"href":"https:\/\/noticiasbahia360.com.br\/index.php?rest_route=\/wp\/v2\/types\/post"}],"author":[{"embeddable":true,"href":"https:\/\/noticiasbahia360.com.br\/index.php?rest_route=\/wp\/v2\/users\/1"}],"replies":[{"embeddable":true,"href":"https:\/\/noticiasbahia360.com.br\/index.php?rest_route=%2Fwp%2Fv2%2Fcomments&post=94952"}],"version-history":[{"count":0,"href":"https:\/\/noticiasbahia360.com.br\/index.php?rest_route=\/wp\/v2\/posts\/94952\/revisions"}],"wp:featuredmedia":[{"embeddable":true,"href":"https:\/\/noticiasbahia360.com.br\/index.php?rest_route=\/wp\/v2\/media\/94953"}],"wp:attachment":[{"href":"https:\/\/noticiasbahia360.com.br\/index.php?rest_route=%2Fwp%2Fv2%2Fmedia&parent=94952"}],"wp:term":[{"taxonomy":"category","embeddable":true,"href":"https:\/\/noticiasbahia360.com.br\/index.php?rest_route=%2Fwp%2Fv2%2Fcategories&post=94952"},{"taxonomy":"post_tag","embeddable":true,"href":"https:\/\/noticiasbahia360.com.br\/index.php?rest_route=%2Fwp%2Fv2%2Ftags&post=94952"}],"curies":[{"name":"wp","href":"https:\/\/api.w.org\/{rel}","templated":true}]}}