{"id":94954,"date":"2025-07-28T18:30:42","date_gmt":"2025-07-28T21:30:42","guid":{"rendered":"https:\/\/noticiasbahia360.com.br\/?p=94954"},"modified":"2025-07-28T18:30:42","modified_gmt":"2025-07-28T21:30:42","slug":"secretaria-de-saude-promove-acao-de-prevencao-e-diagnostico-das-hepatites-virais","status":"publish","type":"post","link":"https:\/\/noticiasbahia360.com.br\/?p=94954","title":{"rendered":"Secretaria de Sa\u00fade promove a\u00e7\u00e3o de preven\u00e7\u00e3o e diagn\u00f3stico das hepatites virais"},"content":{"rendered":"<div>\n<div>\n<figure><img decoding=\"async\" src=\"http:\/\/noticiasbahia360.com.br\/wp-content\/uploads\/2025\/07\/acao-de-prevencao-e-diagnostico-das-hepatites-virais-secretaria-de-saude.jpg\" alt=\"a\u00e7\u00e3o de preven\u00e7\u00e3o e diagn\u00f3stico das hepatites virais secretaria de sa\u00fade\"><figcaption>Secretaria de Sa\u00fade | Foto: Ney Silva<\/figcaption><\/figure>\n<\/div>\n<p>Em a\u00e7\u00e3o ao Dia Mundial de Luta Contra as Hepatites Virais, a Secretaria de Sa\u00fade de Feira de Santana realizou testes r\u00e1pidos e vacina\u00e7\u00e3o contra as hepatites B e C, voltados aos funcion\u00e1rios e profissionais da sa\u00fade no per\u00edodo das 8h \u00e0s 17h, desta segunda-feira (28). O objetivo foi aproximar esses profissionais ao tema da hepatite. Entretanto, a secretaria tamb\u00e9m abriu espa\u00e7o \u00e0s pessoas que desejem participar do momento.<\/p>\n<p>O secret\u00e1rio de sa\u00fade, Dr. Rodrigo Matos, destacou que mais de 1.500 pessoas est\u00e3o sendo acompanhadas de forma multidisciplinar e integral dentro do Centro Especializado em Tratamento de Hepatites Virais. O acompanhamento visa promover a sa\u00fade, mostrando que as hepatites t\u00eam preven\u00e7\u00e3o, tratamento ou cura. \u201cVoc\u00ea tem orienta\u00e7\u00f5es relacionadas ao sexo seguro, voc\u00ea tem vacinas efetivas, em especial a vacina contra a hepatite B, que \u00e9 uma hepatite que cronifica\u201d, completa o secret\u00e1rio.<\/p>\n<figure class=\"wp-block-image size-large\"><img fetchpriority=\"high\" fetchpriority=\"high\" decoding=\"async\" width=\"1024\" height=\"768\" src=\"http:\/\/noticiasbahia360.com.br\/wp-content\/uploads\/2025\/07\/Rodrigo-Matos-280725-1024x768-1.jpg\" alt=\"\" class=\"wp-image-577600\" srcset=\"https:\/\/uploads.acordacidade.com.br\/2025\/07\/Rodrigo-Matos-280725-487x365.jpg 487w, http:\/\/noticiasbahia360.com.br\/wp-content\/uploads\/2025\/07\/Rodrigo-Matos-280725-1024x768-1.jpg 1024w, https:\/\/uploads.acordacidade.com.br\/2025\/07\/Rodrigo-Matos-280725-737x553.jpg 737w, https:\/\/uploads.acordacidade.com.br\/2025\/07\/Rodrigo-Matos-280725-150x113.jpg 150w, https:\/\/uploads.acordacidade.com.br\/2025\/07\/Rodrigo-Matos-280725.jpg 1200w\" sizes=\"(max-width: 1024px) 100vw, 1024px\"><figcaption class=\"wp-element-caption\">Rodrigo Matos | Foto: Ney Silva<\/figcaption><\/figure>\n<p>O atendimento especializado \u00e9 oferecido no Centro de Sa\u00fade Especializado (CSE). Segundo o secret\u00e1rio, em breve ser\u00e1 dada uma ordem de servi\u00e7o para a ampla reforma do local, oferecendo um espa\u00e7o mais adaptado para receber a popula\u00e7\u00e3o.<\/p>\n<p>A enfermeira Telma Nandira, que \u00e9 refer\u00eancia em hepatites virais, explicou quais s\u00e3o os seus cinco tipos: a hepatite A, B, C, D e E. A hepatite A e E s\u00e3o transmitidas pela \u00e1gua contaminada e por alimentos, portanto, est\u00e3o relacionadas ao saneamento b\u00e1sico. A hepatite A \u00e9 autolimitada, n\u00e3o cronifica. J\u00e1 aquelas transmitidas na rela\u00e7\u00e3o sexual, consideradas ISTs, s\u00e3o as hepatites B, C e D. \u00c9 importante ressaltar que, por conta da vacina\u00e7\u00e3o, n\u00e3o existem casos de hepatite A em crian\u00e7as na cidade de Feira de Santana.<\/p>\n<figure class=\"wp-block-image size-large\"><img decoding=\"async\" width=\"1024\" height=\"768\" src=\"http:\/\/noticiasbahia360.com.br\/wp-content\/uploads\/2025\/07\/Telma-Nandira-280725-1024x768-1.jpg\" alt=\"\" class=\"wp-image-577602\" srcset=\"https:\/\/uploads.acordacidade.com.br\/2025\/07\/Telma-Nandira-280725-487x365.jpg 487w, http:\/\/noticiasbahia360.com.br\/wp-content\/uploads\/2025\/07\/Telma-Nandira-280725-1024x768-1.jpg 1024w, https:\/\/uploads.acordacidade.com.br\/2025\/07\/Telma-Nandira-280725-737x553.jpg 737w, https:\/\/uploads.acordacidade.com.br\/2025\/07\/Telma-Nandira-280725-150x113.jpg 150w, https:\/\/uploads.acordacidade.com.br\/2025\/07\/Telma-Nandira-280725.jpg 1200w\" sizes=\"(max-width: 1024px) 100vw, 1024px\"><figcaption class=\"wp-element-caption\">Telma Nandira | Foto: Ney Silva<\/figcaption><\/figure>\n<p>As vacinas contra a hepatite B s\u00e3o aplicadas desde o nascimento at\u00e9 a fase adulta e est\u00e3o dispon\u00edveis em todas as unidades de sa\u00fade. J\u00e1 a hepatite C n\u00e3o tem vacina, mas tem preven\u00e7\u00e3o.<\/p>\n<h2 class=\"wp-block-heading\" id=\"h-prevencao-contra-a-hepatite-b-e-c\">Preven\u00e7\u00e3o contra a hepatite B e C:<\/h2>\n<ul class=\"wp-block-list\">\n<li>N\u00e3o compartilhar materiais cortantes<\/li>\n<li>N\u00e3o compartilhar materiais que tenham contato com o sangue<\/li>\n<li>Uso do preservativo nas rela\u00e7\u00f5es sexuais<\/li>\n<li>Vacina\u00e7\u00e3o contra a hepatite B<\/li>\n<\/ul>\n<p>Existe teste r\u00e1pido para a hepatite B e C. O diagn\u00f3stico das demais \u00e9 feito atrav\u00e9s da sorologia, no teste do dedinho. A partir do diagn\u00f3stico positivo da doen\u00e7a, o paciente deve ser encaminhado ao CSE para realizar exames complementares, al\u00e9m de ser matriculado e acompanhado no servi\u00e7o de sa\u00fade.<\/p>\n<p><em>Com informa\u00e7\u00f5es do rep\u00f3rter Ney Silva do Acorda Cidade<\/em><\/p>\n<p><em>Siga o Acorda Cidade no<\/em><a href=\"https:\/\/news.google.com\/search?q=acorda%20cidade&amp;hl=pt-BR&amp;gl=BR&amp;ceid=BR%3Apt-419\"><strong><em>\u00a0Google Not\u00edcias<\/em><\/strong><\/a><em>\u00a0e receba os principais destaques do dia. Participe tamb\u00e9m dos nossos canais no\u00a0<\/em><a href=\"https:\/\/www.whatsapp.com\/channel\/0029Va6Rb4v3WHTNnsh8WI3N\"><strong><em>WhatsApp<\/em><\/strong><\/a><em>\u00a0e\u00a0<\/em><a href=\"https:\/\/www.youtube.com\/@acordacidadenoticias\/videos\"><strong>Youtube<\/strong><\/a><em>\u00a0e grupo de\u00a0<\/em><a href=\"https:\/\/t.me\/+sSz0khrgARA0ZmRh\"><strong><em>Telegram<\/em><\/strong><\/a><em>.<\/em><\/p>\n<\/div>\n","protected":false},"excerpt":{"rendered":"<div>\n<div>\n<figure><img decoding=\"async\" src=\"https:\/\/uploads.acordacidade.com.br\/2025\/07\/acao-de-prevencao-e-diagnostico-das-hepatites-virais-secretaria-de-saude.jpg\" alt=\"a\u00e7\u00e3o de preven\u00e7\u00e3o e diagn\u00f3stico das hepatites virais secretaria de sa\u00fade\"><figcaption>Secretaria de Sa\u00fade | Foto: Ney Silva<\/figcaption><\/figure>\n<\/div>\n<p>A a\u00e7\u00e3o foi voltada aos funcion\u00e1rios e profissionais da sa\u00fade no per\u00edodo das 8h \u00e0s 17h, desta segunda-feira (28).<\/p><\/div>\n","protected":false},"author":1,"featured_media":94955,"comment_status":"closed","ping_status":"closed","sticky":false,"template":"","format":"gallery","meta":{"footnotes":""},"categories":[8,9,6,57,56,10],"tags":[],"class_list":["post-94954","post","type-post","status-publish","format-gallery","has-post-thumbnail","hentry","category-bahia","category-brasil","category-feira-de-santana","category-mundo","category-policia","category-politica","post_format-post-format-gallery"],"featured_image_urls":{"full":["https:\/\/noticiasbahia360.com.br\/wp-content\/uploads\/2025\/07\/acao-de-prevencao-e-diagnostico-das-hepatites-virais-secretaria-de-saude.jpg",1200,827,false],"thumbnail":["https:\/\/noticiasbahia360.com.br\/wp-content\/uploads\/2025\/07\/acao-de-prevencao-e-diagnostico-das-hepatites-virais-secretaria-de-saude-150x150.jpg",150,150,true],"medium":["https:\/\/noticiasbahia360.com.br\/wp-content\/uploads\/2025\/07\/acao-de-prevencao-e-diagnostico-das-hepatites-virais-secretaria-de-saude-300x207.jpg",300,207,true],"medium_large":["https:\/\/noticiasbahia360.com.br\/wp-content\/uploads\/2025\/07\/acao-de-prevencao-e-diagnostico-das-hepatites-virais-secretaria-de-saude-768x529.jpg",640,441,true],"large":["https:\/\/noticiasbahia360.com.br\/wp-content\/uploads\/2025\/07\/acao-de-prevencao-e-diagnostico-das-hepatites-virais-secretaria-de-saude-1024x706.jpg",640,441,true],"1536x1536":["https:\/\/noticiasbahia360.com.br\/wp-content\/uploads\/2025\/07\/acao-de-prevencao-e-diagnostico-das-hepatites-virais-secretaria-de-saude.jpg",1200,827,false],"2048x2048":["https:\/\/noticiasbahia360.com.br\/wp-content\/uploads\/2025\/07\/acao-de-prevencao-e-diagnostico-das-hepatites-virais-secretaria-de-saude.jpg",1200,827,false],"chromenews-featured":["https:\/\/noticiasbahia360.com.br\/wp-content\/uploads\/2025\/07\/acao-de-prevencao-e-diagnostico-das-hepatites-virais-secretaria-de-saude-1024x706.jpg",1024,706,true],"chromenews-large":["https:\/\/noticiasbahia360.com.br\/wp-content\/uploads\/2025\/07\/acao-de-prevencao-e-diagnostico-das-hepatites-virais-secretaria-de-saude-825x575.jpg",825,575,true],"chromenews-medium":["https:\/\/noticiasbahia360.com.br\/wp-content\/uploads\/2025\/07\/acao-de-prevencao-e-diagnostico-das-hepatites-virais-secretaria-de-saude-590x410.jpg",590,410,true]},"author_info":{"display_name":"noticiasbahia360.com.br","author_link":"https:\/\/noticiasbahia360.com.br\/?author=1"},"category_info":"<a href=\"https:\/\/noticiasbahia360.com.br\/?cat=8\" rel=\"category\">Bahia<\/a> <a href=\"https:\/\/noticiasbahia360.com.br\/?cat=9\" rel=\"category\">Brasil<\/a> <a href=\"https:\/\/noticiasbahia360.com.br\/?cat=6\" rel=\"category\">Feira de Santana<\/a> <a href=\"https:\/\/noticiasbahia360.com.br\/?cat=57\" rel=\"category\">Mundo<\/a> <a href=\"https:\/\/noticiasbahia360.com.br\/?cat=56\" rel=\"category\">Pol\u00edcia<\/a> <a href=\"https:\/\/noticiasbahia360.com.br\/?cat=10\" rel=\"category\">Pol\u00edtica<\/a>","tag_info":"Pol\u00edtica","comment_count":"0","_links":{"self":[{"href":"https:\/\/noticiasbahia360.com.br\/index.php?rest_route=\/wp\/v2\/posts\/94954","targetHints":{"allow":["GET"]}}],"collection":[{"href":"https:\/\/noticiasbahia360.com.br\/index.php?rest_route=\/wp\/v2\/posts"}],"about":[{"href":"https:\/\/noticiasbahia360.com.br\/index.php?rest_route=\/wp\/v2\/types\/post"}],"author":[{"embeddable":true,"href":"https:\/\/noticiasbahia360.com.br\/index.php?rest_route=\/wp\/v2\/users\/1"}],"replies":[{"embeddable":true,"href":"https:\/\/noticiasbahia360.com.br\/index.php?rest_route=%2Fwp%2Fv2%2Fcomments&post=94954"}],"version-history":[{"count":0,"href":"https:\/\/noticiasbahia360.com.br\/index.php?rest_route=\/wp\/v2\/posts\/94954\/revisions"}],"wp:featuredmedia":[{"embeddable":true,"href":"https:\/\/noticiasbahia360.com.br\/index.php?rest_route=\/wp\/v2\/media\/94955"}],"wp:attachment":[{"href":"https:\/\/noticiasbahia360.com.br\/index.php?rest_route=%2Fwp%2Fv2%2Fmedia&parent=94954"}],"wp:term":[{"taxonomy":"category","embeddable":true,"href":"https:\/\/noticiasbahia360.com.br\/index.php?rest_route=%2Fwp%2Fv2%2Fcategories&post=94954"},{"taxonomy":"post_tag","embeddable":true,"href":"https:\/\/noticiasbahia360.com.br\/index.php?rest_route=%2Fwp%2Fv2%2Ftags&post=94954"}],"curies":[{"name":"wp","href":"https:\/\/api.w.org\/{rel}","templated":true}]}}