{"id":94958,"date":"2025-07-28T18:35:16","date_gmt":"2025-07-28T21:35:16","guid":{"rendered":"https:\/\/noticiasbahia360.com.br\/?p=94958"},"modified":"2025-07-28T18:35:16","modified_gmt":"2025-07-28T21:35:16","slug":"nova-geracao-de-lideres-projetos-em-feira-de-santana-levam-jovens-a-contribuir-com-camara-municipal","status":"publish","type":"post","link":"https:\/\/noticiasbahia360.com.br\/?p=94958","title":{"rendered":"Nova gera\u00e7\u00e3o de l\u00edderes: projetos em Feira de Santana levam jovens a contribuir com  C\u00e2mara Municipal"},"content":{"rendered":"<div>\n<div>\n<figure><img decoding=\"async\" src=\"http:\/\/noticiasbahia360.com.br\/wp-content\/uploads\/2025\/07\/Jovem-vereador-no-Assis-1-1.webp\" alt=\"Projeto Jovem vereador no Assis\"><figcaption>Foto: Divulga\u00e7\u00e3o <\/figcaption><\/figure>\n<\/div>\n<p>Foi lan\u00e7ado em Feira de Santana os <strong>Projetos Jovem Vereador e Jovem Auditor.<\/strong> A iniciativa, apresentada no \u00faltimo dia 23 de julho, no Centro Integrado de Educa\u00e7\u00e3o Assis Chateaubriand (Cieac), faz parte do Programa Estudantes em Movimento, em parceria com o Conaci (Conselho Nacional de Controle Interno).<\/p>\n<p>Segundo a diretora Leislyani Costa Vieira, em entrevista ao Acorda Cidade, os projetos envolvem mais de 3.500 estudantes, com foco na forma\u00e7\u00e3o cidad\u00e3 da juventude feirense. O objetivo \u00e9 eleger 15 jovens vereadores e seis auditores, dando lugar, voz e vez para os jovens da regi\u00e3o. Entre eles, um ser\u00e1 escolhido para representar o grupo na C\u00e2mara Municipal.<\/p>\n<figure class=\"wp-block-image size-large\"><img fetchpriority=\"high\" fetchpriority=\"high\" decoding=\"async\" width=\"1153\" height=\"768\" src=\"http:\/\/noticiasbahia360.com.br\/wp-content\/uploads\/2025\/07\/Jovem-vereador-no-Assis-1-1153x768-1.webp\" alt=\"Projeto Jovem vereador no Assis\" class=\"wp-image-577655\" srcset=\"https:\/\/uploads.acordacidade.com.br\/2025\/07\/Jovem-vereador-no-Assis-1-548x365.webp 548w, http:\/\/noticiasbahia360.com.br\/wp-content\/uploads\/2025\/07\/Jovem-vereador-no-Assis-1-1153x768-1.webp 1153w, https:\/\/uploads.acordacidade.com.br\/2025\/07\/Jovem-vereador-no-Assis-1-831x553.webp 831w, https:\/\/uploads.acordacidade.com.br\/2025\/07\/Jovem-vereador-no-Assis-1-150x100.webp 150w, https:\/\/uploads.acordacidade.com.br\/2025\/07\/Jovem-vereador-no-Assis-1.webp 1200w\" sizes=\"(max-width: 1153px) 100vw, 1153px\"><figcaption class=\"wp-element-caption\">Foto: Divulga\u00e7\u00e3o <\/figcaption><\/figure>\n<p>Inspirado em outras iniciativas voltadas \u00e0 juventude e \u00e0 cidadania, como projetos de ouvidoria e simula\u00e7\u00f5es parlamentares, o programa surgiu para revisitar as demandas locais, como os problemas com transporte p\u00fablico, ilumina\u00e7\u00e3o prec\u00e1ria e a viol\u00eancia, apontadas pela pr\u00f3pria juventude de Feira.<\/p>\n<p>\u201cO Jovem Vereador vai dialogar com o munic\u00edpio, com as pol\u00edticas do munic\u00edpio, com a comunidade. A gente sabe que a gente vai ter limites, mas dentro desse limite a gente se mostrar presente, tendo voz e vez junto aos nossos representantes.\u201d<\/p>\n<p>Um dos problemas frequentes enfrentados pelos estudantes \u00e9 o alagamento no entorno do Col\u00e9gio Assis. H\u00e1 anos, toda a comunidade escolar tem sua rotina interrompida pela falta de infraestrutura adequada. Esse ser\u00e1 um dos temas que a juventude vai discutir e aprofundar, buscando solu\u00e7\u00f5es reais, engajando-se e engajando outras pessoas para alcan\u00e7ar resultados concretos.\u00a0<\/p>\n<figure class=\"wp-block-image size-full\"><img decoding=\"async\" width=\"1200\" height=\"675\" src=\"http:\/\/noticiasbahia360.com.br\/wp-content\/uploads\/2025\/07\/Diretora-do-Assis-ft-ed-santos-acorda-cidade.webp\" alt=\"Projeto Jovem Vereador \" class=\"wp-image-577640\" srcset=\"https:\/\/uploads.acordacidade.com.br\/2025\/07\/Diretora-do-Assis-ft-ed-santos-acorda-cidade-648x365.webp 648w, https:\/\/uploads.acordacidade.com.br\/2025\/07\/Diretora-do-Assis-ft-ed-santos-acorda-cidade-150x84.webp 150w, http:\/\/noticiasbahia360.com.br\/wp-content\/uploads\/2025\/07\/Diretora-do-Assis-ft-ed-santos-acorda-cidade.webp 1200w\" sizes=\"(max-width: 1200px) 100vw, 1200px\"><figcaption class=\"wp-element-caption\">Diretora Leislyani Costa | Foto: Ed Santos\/Acorda Cidade<\/figcaption><\/figure>\n<p>\u201cO que \u00e9 estar em movimento? \u00c9, \u00e0s vezes, a gente tomar atitude, a\u00e7\u00e3o, \u00e9 sair do papel, sair do discurso e ir para a atitude. E como a gente faz? A gente tem que ir mesmo, estar junto aos nossos parlamentares. O vereador n\u00e3o \u00e9 algo distante, ele \u00e9 nosso representante. Ent\u00e3o, a gente tem que estar l\u00e1 com eles.\u201d<\/p>\n<p>A diretora tamb\u00e9m destacou a import\u00e2ncia de ter jovens conscientes em espa\u00e7os de discuss\u00e3o pol\u00edtica, como a C\u00e2mara de Vereadores.<\/p>\n<p>Al\u00e9m do Jovem Vereador eleito, os outros 14 representantes tamb\u00e9m participar\u00e3o das discuss\u00f5es na \u201cCasa do Povo\u201d. Os organizadores j\u00e1 est\u00e3o em contato com parlamentares de Feira de Santana para facilitar essa aproxima\u00e7\u00e3o entre juventude e Legislativo.<\/p>\n<figure class=\"wp-block-image size-large\"><img decoding=\"async\" width=\"1104\" height=\"768\" src=\"http:\/\/noticiasbahia360.com.br\/wp-content\/uploads\/2025\/07\/Jovem-vereador-no-Assis-2-1104x768-1.webp\" alt=\"Projeto Jovem vereador no Assis\" class=\"wp-image-577654\" srcset=\"https:\/\/uploads.acordacidade.com.br\/2025\/07\/Jovem-vereador-no-Assis-2-525x365.webp 525w, http:\/\/noticiasbahia360.com.br\/wp-content\/uploads\/2025\/07\/Jovem-vereador-no-Assis-2-1104x768-1.webp 1104w, https:\/\/uploads.acordacidade.com.br\/2025\/07\/Jovem-vereador-no-Assis-2-795x553.webp 795w, https:\/\/uploads.acordacidade.com.br\/2025\/07\/Jovem-vereador-no-Assis-2-150x104.webp 150w, https:\/\/uploads.acordacidade.com.br\/2025\/07\/Jovem-vereador-no-Assis-2.webp 1200w\" sizes=\"(max-width: 1104px) 100vw, 1104px\"><figcaption class=\"wp-element-caption\">Foto: Divulga\u00e7\u00e3o <\/figcaption><\/figure>\n<p>\u201cIndependente do segmento ou do partido, ou da tend\u00eancia que a gente est\u00e1, na verdade, o que a gente est\u00e1 falando de pol\u00edticas voltadas para a juventude, para a melhoria e qualidade da nossa cidade.\u201d<\/p>\n<p>Entre as atividades previstas est\u00e3o simula\u00e7\u00f5es de sess\u00f5es legislativas, rodas de discuss\u00e3o, visitas t\u00e9cnicas ao Legislativo e a participa\u00e7\u00e3o direta nas sess\u00f5es da C\u00e2mara.<\/p>\n<p>\u201cA gente idealizou esse momento com uma simula\u00e7\u00e3o, que n\u00e3o vai ser uma simula\u00e7\u00e3o, a gente pode levar algumas coisas para discuss\u00e3o e que eles possam estar dialogando com o Legislativo.\u201d<\/p>\n<p>Leislyani tamb\u00e9m ressaltou que, durante o lan\u00e7amento do projeto, participaram jovens de diversas faixas et\u00e1rias, do ensino fundamental ao m\u00e9dio, ligados a gr\u00eamios estudantis, representa\u00e7\u00f5es de classe e lideran\u00e7as juvenis, trazendo vis\u00f5es de diferentes \u00e2ngulos.<\/p>\n<p>\u201cS\u00e3o muitos questionamentos, muitos anseios e uma vontade de fazer diferente. Eles t\u00eam v\u00e1rias queixas, sobretudo no que diz respeito ao transporte urbano, que reduziu a frota antes da pandemia e essa frota, por exemplo, eu tenho alguns bairros daqui que ainda est\u00e3o com dificuldade. \u00c0s vezes, o menino que estuda \u00e0 tarde tem que sair de casa para chegar no hor\u00e1rio aqui na escola, 10h30 da manh\u00e3. Ent\u00e3o, \u00e9 horr\u00edvel para ele\u201d.\u00a0<\/p>\n<figure class=\"wp-block-image size-large\"><img decoding=\"async\" width=\"1153\" height=\"768\" src=\"http:\/\/noticiasbahia360.com.br\/wp-content\/uploads\/2025\/07\/Jovem-vereador-no-Assis-1153x768-1.webp\" alt=\"Projeto Jovem vereador no Assis\" class=\"wp-image-577656\" srcset=\"https:\/\/uploads.acordacidade.com.br\/2025\/07\/Jovem-vereador-no-Assis--548x365.webp 548w, http:\/\/noticiasbahia360.com.br\/wp-content\/uploads\/2025\/07\/Jovem-vereador-no-Assis-1153x768-1.webp 1153w, https:\/\/uploads.acordacidade.com.br\/2025\/07\/Jovem-vereador-no-Assis--831x553.webp 831w, https:\/\/uploads.acordacidade.com.br\/2025\/07\/Jovem-vereador-no-Assis--150x100.webp 150w, https:\/\/uploads.acordacidade.com.br\/2025\/07\/Jovem-vereador-no-Assis-.webp 1200w\" sizes=\"(max-width: 1153px) 100vw, 1153px\"><figcaption class=\"wp-element-caption\">A cerim\u00f4nia contou com a presen\u00e7a de autoridades, lideran\u00e7as juvenis e representantes da educa\u00e7\u00e3o estadual. | Foto: Divulga\u00e7\u00e3o <\/figcaption><\/figure>\n<p>Ela tamb\u00e9m completou falando de outros pontos apresentados pelos alunos: \u201cOutra coisa \u00e9 a quest\u00e3o da pavimenta\u00e7\u00e3o. Como eles disseram, \u2018a gente vai botar \u00f4nibus, mas os \u00f4nibus v\u00e3o quebrar enquanto estiver daquele jeito. Agora mesmo est\u00e1 alagando, o lugar que a gente pega n\u00e3o tem como passar\u2019. E assim, s\u00e3o v\u00e1rios questionamentos que eles colocam, a ilumina\u00e7\u00e3o, falam da quest\u00e3o tamb\u00e9m cultural de Feira de Santana, que eles acham que ainda \u00e9 pouco, eles t\u00eam poucas op\u00e7\u00f5es dentro de Feira de Santana. E se a gente for ver, a gente tem muitas coisas da cultura, mas pouca coisa voltada para a juventude.\u201d<\/p>\n<p>Diante de tantos problemas, os estudantes est\u00e3o motivados com o projeto. Segundo a professora, criaram at\u00e9 um grito de \u201cgarra\u201d para trazer ainda mais for\u00e7a \u00e0 mobiliza\u00e7\u00e3o.\u00a0<\/p>\n<p>\u201c\u00c9 chamado de garra, mas \u00e9 o que a gente fala de grito de guerra, onde eles falam justamente dessa quest\u00e3o de resist\u00eancia, de protagonismo jovem, e que foram eles que criaram, eles que idealizaram. O Conaci trouxe para a gente, foi fundamental para dar vida \u00e0quilo que a gente j\u00e1 tinha vontade de realizar.\u201d<\/p>\n<figure class=\"wp-block-image size-large\"><img loading=\"lazy\" decoding=\"async\" width=\"1104\" height=\"768\" src=\"http:\/\/noticiasbahia360.com.br\/wp-content\/uploads\/2025\/07\/Jovem-vereador-no-Assis-3-1104x768-1.webp\" alt=\"Projeto Jovem vereador no Assis\" class=\"wp-image-577653\" srcset=\"https:\/\/uploads.acordacidade.com.br\/2025\/07\/Jovem-vereador-no-Assis-3-525x365.webp 525w, http:\/\/noticiasbahia360.com.br\/wp-content\/uploads\/2025\/07\/Jovem-vereador-no-Assis-3-1104x768-1.webp 1104w, https:\/\/uploads.acordacidade.com.br\/2025\/07\/Jovem-vereador-no-Assis-3-795x553.webp 795w, https:\/\/uploads.acordacidade.com.br\/2025\/07\/Jovem-vereador-no-Assis-3-150x104.webp 150w, https:\/\/uploads.acordacidade.com.br\/2025\/07\/Jovem-vereador-no-Assis-3.webp 1200w\" sizes=\"(max-width: 1104px) 100vw, 1104px\"><figcaption class=\"wp-element-caption\">Foto: Divulga\u00e7\u00e3o <\/figcaption><\/figure>\n<p>Longe de qualquer ideia de etarismo \u2014 preconceito baseado na idade \u2014, a diretora lembra que o Brasil \u00e9 uma das sociedades que mais envelhecem no mundo. Por isso, \u00e9 essencial que os jovens aprendam, escutem a \u201cvoz da experi\u00eancia\u201d e assumam o protagonismo da sua pr\u00f3pria hist\u00f3ria.<\/p>\n<p>\u201cO controle de natalidade hoje \u00e9 muito maior. Esses jovens precisam assumir esse protagonismo e que s\u00e3o fundamentais na nossa hist\u00f3ria. Se a gente buscar a hist\u00f3ria pol\u00edtica, da educa\u00e7\u00e3o tamb\u00e9m, dos movimentos estudantis, e a gente precisa despertar para esse movimento agora\u201d, acrescentou a diretora.\u00a0<\/p>\n<h2 class=\"wp-block-heading\" id=\"h-escola-legislativa-municipal\">Escola Legislativa Municipal<\/h2>\n<figure class=\"wp-block-image size-large\"><img loading=\"lazy\" decoding=\"async\" width=\"1024\" height=\"641\" src=\"http:\/\/noticiasbahia360.com.br\/wp-content\/uploads\/2025\/07\/huHduMdc-Camara-Municipal-1024x641-1.webp\" alt=\"C\u00e2mara Municipal - Detector de metais\" class=\"wp-image-511045\" srcset=\"https:\/\/uploads.acordacidade.com.br\/2025\/03\/huHduMdc-Camara-Municipal-1536x962.webp 1536w, https:\/\/uploads.acordacidade.com.br\/2025\/03\/huHduMdc-Camara-Municipal-150x94.webp 150w, https:\/\/uploads.acordacidade.com.br\/2025\/03\/huHduMdc-Camara-Municipal.webp 1920w\" sizes=\"(max-width: 1024px) 100vw, 1024px\"><figcaption class=\"wp-element-caption\">Ilustrativa | Foto: Divulga\u00e7\u00e3o\/CMFS<\/figcaption><\/figure>\n<p>Na \u00faltima semana, a C\u00e2mara de Feira firmou um Acordo de Coopera\u00e7\u00e3o T\u00e9cnica com a Assembleia Legislativa da Bahia (Alba), visando ampliar a oferta de forma\u00e7\u00e3o continuada para servidores, parlamentares e colaboradores da Casa Legislativa, al\u00e9m de promover a\u00e7\u00f5es voltadas \u00e0 educa\u00e7\u00e3o cidad\u00e3, qualifica\u00e7\u00e3o pol\u00edtica e fortalecimento institucional.<\/p>\n<p>A Escola Legislativa Municipal ter\u00e1 como pilares a forma\u00e7\u00e3o pol\u00edtica, capacita\u00e7\u00e3o de servidores e a promo\u00e7\u00e3o de atividades para a comunidade externa, contribuindo para uma atua\u00e7\u00e3o legislativa mais qualificada, pr\u00f3xima da popula\u00e7\u00e3o e focada na transforma\u00e7\u00e3o social.<\/p>\n<p><em>Com informa\u00e7\u00f5es do rep\u00f3rter Ed Santos do Acorda Cidade<\/em><\/p>\n<p><em>Siga o Acorda Cidade no<\/em><a href=\"https:\/\/news.google.com\/search?q=acorda%20cidade&amp;hl=pt-BR&amp;gl=BR&amp;ceid=BR%3Apt-419\"><strong><em>\u00a0Google Not\u00edcias<\/em><\/strong><\/a><em>\u00a0e receba os principais destaques do dia. Participe tamb\u00e9m dos nossos canais no\u00a0<\/em><a href=\"https:\/\/www.whatsapp.com\/channel\/0029Va6Rb4v3WHTNnsh8WI3N\"><strong><em>WhatsApp<\/em><\/strong><\/a><em>\u00a0e\u00a0<\/em><a href=\"https:\/\/www.youtube.com\/@acordacidadenoticias\/videos\"><strong>YouTube<\/strong><\/a><em>\u00a0e grupo de\u00a0<\/em><a href=\"https:\/\/t.me\/+sSz0khrgARA0ZmRh\"><strong><em>Telegram<\/em><\/strong><\/a><em>.<\/em><\/p>\n<\/div>\n","protected":false},"excerpt":{"rendered":"<div>\n<div>\n<figure><img decoding=\"async\" src=\"https:\/\/uploads.acordacidade.com.br\/2025\/07\/Jovem-vereador-no-Assis-1-1.webp\" alt=\"Projeto Jovem vereador no Assis\"><figcaption>Foto: Divulga\u00e7\u00e3o <\/figcaption><\/figure>\n<\/div>\n<p>Al\u00e9m do Jovem Vereador eleito, os outros 14 representantes tamb\u00e9m participar\u00e3o das discuss\u00f5es na \u201cCasa do Povo\u201d.<\/p><\/div>\n","protected":false},"author":1,"featured_media":94959,"comment_status":"closed","ping_status":"closed","sticky":false,"template":"","format":"gallery","meta":{"footnotes":""},"categories":[8,9,6,57,56,10],"tags":[],"class_list":["post-94958","post","type-post","status-publish","format-gallery","has-post-thumbnail","hentry","category-bahia","category-brasil","category-feira-de-santana","category-mundo","category-policia","category-politica","post_format-post-format-gallery"],"featured_image_urls":{"full":["https:\/\/noticiasbahia360.com.br\/wp-content\/uploads\/2025\/07\/Jovem-vereador-no-Assis-1-1.webp",1200,784,false],"thumbnail":["https:\/\/noticiasbahia360.com.br\/wp-content\/uploads\/2025\/07\/Jovem-vereador-no-Assis-1-1-150x150.webp",150,150,true],"medium":["https:\/\/noticiasbahia360.com.br\/wp-content\/uploads\/2025\/07\/Jovem-vereador-no-Assis-1-1-300x196.webp",300,196,true],"medium_large":["https:\/\/noticiasbahia360.com.br\/wp-content\/uploads\/2025\/07\/Jovem-vereador-no-Assis-1-1-768x502.webp",640,418,true],"large":["https:\/\/noticiasbahia360.com.br\/wp-content\/uploads\/2025\/07\/Jovem-vereador-no-Assis-1-1-1024x669.webp",640,418,true],"1536x1536":["https:\/\/noticiasbahia360.com.br\/wp-content\/uploads\/2025\/07\/Jovem-vereador-no-Assis-1-1.webp",1200,784,false],"2048x2048":["https:\/\/noticiasbahia360.com.br\/wp-content\/uploads\/2025\/07\/Jovem-vereador-no-Assis-1-1.webp",1200,784,false],"chromenews-featured":["https:\/\/noticiasbahia360.com.br\/wp-content\/uploads\/2025\/07\/Jovem-vereador-no-Assis-1-1-1024x669.webp",1024,669,true],"chromenews-large":["https:\/\/noticiasbahia360.com.br\/wp-content\/uploads\/2025\/07\/Jovem-vereador-no-Assis-1-1-825x575.webp",825,575,true],"chromenews-medium":["https:\/\/noticiasbahia360.com.br\/wp-content\/uploads\/2025\/07\/Jovem-vereador-no-Assis-1-1-590x410.webp",590,410,true]},"author_info":{"display_name":"noticiasbahia360.com.br","author_link":"https:\/\/noticiasbahia360.com.br\/?author=1"},"category_info":"<a href=\"https:\/\/noticiasbahia360.com.br\/?cat=8\" rel=\"category\">Bahia<\/a> <a href=\"https:\/\/noticiasbahia360.com.br\/?cat=9\" rel=\"category\">Brasil<\/a> <a href=\"https:\/\/noticiasbahia360.com.br\/?cat=6\" rel=\"category\">Feira de Santana<\/a> <a href=\"https:\/\/noticiasbahia360.com.br\/?cat=57\" rel=\"category\">Mundo<\/a> <a href=\"https:\/\/noticiasbahia360.com.br\/?cat=56\" rel=\"category\">Pol\u00edcia<\/a> <a href=\"https:\/\/noticiasbahia360.com.br\/?cat=10\" rel=\"category\">Pol\u00edtica<\/a>","tag_info":"Pol\u00edtica","comment_count":"0","_links":{"self":[{"href":"https:\/\/noticiasbahia360.com.br\/index.php?rest_route=\/wp\/v2\/posts\/94958","targetHints":{"allow":["GET"]}}],"collection":[{"href":"https:\/\/noticiasbahia360.com.br\/index.php?rest_route=\/wp\/v2\/posts"}],"about":[{"href":"https:\/\/noticiasbahia360.com.br\/index.php?rest_route=\/wp\/v2\/types\/post"}],"author":[{"embeddable":true,"href":"https:\/\/noticiasbahia360.com.br\/index.php?rest_route=\/wp\/v2\/users\/1"}],"replies":[{"embeddable":true,"href":"https:\/\/noticiasbahia360.com.br\/index.php?rest_route=%2Fwp%2Fv2%2Fcomments&post=94958"}],"version-history":[{"count":0,"href":"https:\/\/noticiasbahia360.com.br\/index.php?rest_route=\/wp\/v2\/posts\/94958\/revisions"}],"wp:featuredmedia":[{"embeddable":true,"href":"https:\/\/noticiasbahia360.com.br\/index.php?rest_route=\/wp\/v2\/media\/94959"}],"wp:attachment":[{"href":"https:\/\/noticiasbahia360.com.br\/index.php?rest_route=%2Fwp%2Fv2%2Fmedia&parent=94958"}],"wp:term":[{"taxonomy":"category","embeddable":true,"href":"https:\/\/noticiasbahia360.com.br\/index.php?rest_route=%2Fwp%2Fv2%2Fcategories&post=94958"},{"taxonomy":"post_tag","embeddable":true,"href":"https:\/\/noticiasbahia360.com.br\/index.php?rest_route=%2Fwp%2Fv2%2Ftags&post=94958"}],"curies":[{"name":"wp","href":"https:\/\/api.w.org\/{rel}","templated":true}]}}