{"id":94966,"date":"2025-07-28T20:21:51","date_gmt":"2025-07-28T23:21:51","guid":{"rendered":"https:\/\/noticiasbahia360.com.br\/?p=94966"},"modified":"2025-07-28T20:21:51","modified_gmt":"2025-07-28T23:21:51","slug":"ao-menos-250-feirantes-da-marechal-aguardam-novas-barracas-padronizadas","status":"publish","type":"post","link":"https:\/\/noticiasbahia360.com.br\/?p=94966","title":{"rendered":"Ao menos 250 feirantes da Marechal aguardam novas barracas padronizadas"},"content":{"rendered":"<div>\n<div>\n<figure><img decoding=\"async\" src=\"http:\/\/noticiasbahia360.com.br\/wp-content\/uploads\/2025\/07\/7Vp2RASw-barracas-feirantes-da-Marechal-ft-ney-silva-acorda-cidade2.webp\" alt=\"barracas - feirantes da Marechal\"><figcaption>Foto: Ney Silva\/Acorda Cidade<\/figcaption><\/figure>\n<\/div>\n<p>Como o Acorda Cidade j\u00e1 mostrou, <a href=\"https:\/\/www.acordacidade.com.br\/feira-de-santana\/feirantes-aprovam-modelo-das-novas-barracas-da-marechal-apresentada-pela-prefeitura\/\" target=\"_blank\" rel=\"noreferrer noopener\">os feirantes da Marechal Deodoro, em Feira de Santana, aprovaram por unanimidade o novo modelo de barracas padronizadas apresentado pela Prefeitura.<\/a> A iniciativa, que visa melhorar a estrutura e organiza\u00e7\u00e3o da feira, foi bem recebida pelos trabalhadores, que participaram diretamente das discuss\u00f5es durante o processo de planejamento.<\/p>\n<p>Na \u00faltima semana, representantes da Associa\u00e7\u00e3o dos Trabalhadores da Marechal visitaram a Seagri e aprovaram o novo modelo das barracas. \u201cAprovaram por unanimidade, parabenizaram pela barraca. \u00c9 assim que a gente quer construir aquele espa\u00e7o: servindo, construindo junto, ouvindo, e fazendo com que aquele espa\u00e7o cumpra seu papel, que \u00e9 servir ao povo e ser um ponto forte de Feira de Santana\u201d, disse o secret\u00e1rio de Agricultura e Recursos H\u00eddricos, Silvaney Ara\u00fajo ao Acorda Cidade.<\/p>\n<h2 class=\"wp-block-heading\" id=\"h-estrutura-das-novas-barracas\">Estrutura das novas barracas<\/h2>\n<p>Segundo o secret\u00e1rio, as barracas foram pensadas especialmente para atender \u00e0s necessidades da Marechal. O novo modelo foi desenvolvido com medidas espec\u00edficas: ter\u00e1 1,5 metro de profundidade por 2 metros de largura, totalizando 3 metros por unidade.<\/p>\n<figure class=\"wp-block-image size-full\"><img fetchpriority=\"high\" fetchpriority=\"high\" decoding=\"async\" width=\"1200\" height=\"732\" src=\"http:\/\/noticiasbahia360.com.br\/wp-content\/uploads\/2025\/07\/secretario-de-Agricultura-e-Recursos-Hidricos-Silvaney-Araujo.webp\" alt=\"secret\u00e1rio de Agricultura e Recursos H\u00eddricos, Silvaney Ara\u00fajo -\" class=\"wp-image-577717\" srcset=\"https:\/\/uploads.acordacidade.com.br\/2025\/07\/secretario-de-Agricultura-e-Recursos-Hidricos-Silvaney-Araujo-598x365.webp 598w, https:\/\/uploads.acordacidade.com.br\/2025\/07\/secretario-de-Agricultura-e-Recursos-Hidricos-Silvaney-Araujo-907x553.webp 907w, https:\/\/uploads.acordacidade.com.br\/2025\/07\/secretario-de-Agricultura-e-Recursos-Hidricos-Silvaney-Araujo-150x92.webp 150w, http:\/\/noticiasbahia360.com.br\/wp-content\/uploads\/2025\/07\/secretario-de-Agricultura-e-Recursos-Hidricos-Silvaney-Araujo.webp 1200w\" sizes=\"(max-width: 1200px) 100vw, 1200px\"><figcaption class=\"wp-element-caption\">Secret\u00e1rio de Agricultura e Recursos H\u00eddricos, Silvaney Ara\u00fajo | Foto: Paulo Jos\u00e9\/Acorda Cidade<\/figcaption><\/figure>\n<p>\u201c\u00c9 uma barraca tr\u00eas vezes maior do que a padronizada. A cobertura tem 50 cent\u00edmetros de cada lado, protegendo do sol e da chuva, tanto o comerciante quanto o consumidor\u201d, explicou Silvaney.<\/p>\n<p>A cobertura ser\u00e1 feita de lona, mas h\u00e1 possibilidade de incluir uma saia de zinco para armazenamento. \u201cEles est\u00e3o pedindo uma saia de zinco para guardar as coisas. Estamos estudando para tamb\u00e9m confeccionar, mas n\u00e3o est\u00e1 nada certo. O prefeito, acho que em breve, vai dizer sim ou n\u00e3o, mas eu tenho f\u00e9 em Deus, se for poss\u00edvel, a gente vai fazer isso tamb\u00e9m\u201d, disse o secret\u00e1rio ao Acorda Cidade.<\/p>\n<h2 class=\"wp-block-heading\" id=\"h-distribuicao-e-proximos-passos\">Distribui\u00e7\u00e3o e pr\u00f3ximos passos<\/h2>\n<p><strong>Atualmente, j\u00e1 existe um pr\u00e9-cadastro com cerca de 250 comerciantes somente da Marechal Deodoro.<\/strong> \u201cQuando a gente for entregar, pode surgir a necessidade de mais vagas. Mas tenho certeza de que todos que est\u00e3o ali v\u00e3o ser contemplados com a barraca\u201d, garantiu.<\/p>\n<p>Al\u00e9m da Marechal, feirantes da Pra\u00e7a Bernardino Bahia tamb\u00e9m ser\u00e3o beneficiados com as novas estruturas. \u201cOs barraqueiros da Bernardino tamb\u00e9m v\u00e3o ser contemplados, como o prefeito prometeu. Terminando a Marechal, a gente j\u00e1 d\u00e1 a ordem de servi\u00e7o para a Bernadino\u201d, informou Silvaney.<\/p>\n<p><a href=\"https:\/\/www.acordacidade.com.br\/feira-de-santana\/prefeitura-de-feira-de-santana-apresenta-novo-modelo-de-barracas-para-feirantes-da-marechal\/\" target=\"_blank\" rel=\"noreferrer noopener\">No \u00faltimo m\u00eas de maio, o prefeito anunciou a realiza\u00e7\u00e3o da licita\u00e7\u00e3o p\u00fablica para aquisi\u00e7\u00e3o das novas barracas.<\/a><\/p>\n<p><em>Com informa\u00e7\u00f5es do rep\u00f3rter Paulo Jos\u00e9 do Acorda Cidade<\/em><\/p>\n<p><strong>Leia tamb\u00e9m: <\/strong><\/p>\n<p><a href=\"https:\/\/www.acordacidade.com.br\/feira-de-santana\/feirantes-aprovam-modelo-das-novas-barracas-da-marechal-apresentada-pela-prefeitura\/\" target=\"_blank\" rel=\"noreferrer noopener\">Feirantes aprovam modelo das novas barracas da Marechal apresentado pela prefeitura<\/a><\/p>\n<p><a href=\"https:\/\/www.acordacidade.com.br\/feira-de-santana\/prefeitura-de-feira-de-santana-apresenta-novo-modelo-de-barracas-para-feirantes-da-marechal\/\" target=\"_blank\" rel=\"noreferrer noopener\">Prefeitura de Feira de Santana apresenta novo modelo de barracas para feirantes da Marechal<\/a><\/p>\n<p><em>Siga o Acorda Cidade no<\/em><a href=\"https:\/\/news.google.com\/search?q=acorda%20cidade&amp;hl=pt-BR&amp;gl=BR&amp;ceid=BR%3Apt-419\"><strong><em>\u00a0Google Not\u00edcias<\/em><\/strong><\/a><em>\u00a0e receba os principais destaques do dia. Participe tamb\u00e9m dos nossos canais no\u00a0<\/em><a href=\"https:\/\/www.whatsapp.com\/channel\/0029Va6Rb4v3WHTNnsh8WI3N\"><strong><em>WhatsApp<\/em><\/strong><\/a><em>\u00a0e\u00a0<\/em><a href=\"https:\/\/www.youtube.com\/@acordacidadenoticias\/videos\"><strong>Youtube<\/strong><\/a><em>\u00a0e grupo de\u00a0<\/em><a href=\"https:\/\/t.me\/+sSz0khrgARA0ZmRh\"><strong><em>Telegram<\/em><\/strong><\/a><em>.<\/em><\/p>\n<\/div>\n","protected":false},"excerpt":{"rendered":"<div>\n<div>\n<figure><img decoding=\"async\" src=\"https:\/\/uploads.acordacidade.com.br\/2025\/06\/7Vp2RASw-barracas-feirantes-da-Marechal-ft-ney-silva-acorda-cidade2.webp\" alt=\"barracas - feirantes da Marechal\"><figcaption>Foto: Ney Silva\/Acorda Cidade<\/figcaption><\/figure>\n<\/div>\n<p>Na \u00faltima semana, representantes da Associa\u00e7\u00e3o dos Trabalhadores da Marechal visitaram a Seagri e aprovaram o novo modelo das barracas.<\/p><\/div>\n","protected":false},"author":1,"featured_media":94967,"comment_status":"closed","ping_status":"closed","sticky":false,"template":"","format":"gallery","meta":{"footnotes":""},"categories":[8,9,6,57,56,10],"tags":[],"class_list":["post-94966","post","type-post","status-publish","format-gallery","has-post-thumbnail","hentry","category-bahia","category-brasil","category-feira-de-santana","category-mundo","category-policia","category-politica","post_format-post-format-gallery"],"featured_image_urls":{"full":["https:\/\/noticiasbahia360.com.br\/wp-content\/uploads\/2025\/07\/7Vp2RASw-barracas-feirantes-da-Marechal-ft-ney-silva-acorda-cidade2.webp",1200,837,false],"thumbnail":["https:\/\/noticiasbahia360.com.br\/wp-content\/uploads\/2025\/07\/7Vp2RASw-barracas-feirantes-da-Marechal-ft-ney-silva-acorda-cidade2-150x150.webp",150,150,true],"medium":["https:\/\/noticiasbahia360.com.br\/wp-content\/uploads\/2025\/07\/7Vp2RASw-barracas-feirantes-da-Marechal-ft-ney-silva-acorda-cidade2-300x209.webp",300,209,true],"medium_large":["https:\/\/noticiasbahia360.com.br\/wp-content\/uploads\/2025\/07\/7Vp2RASw-barracas-feirantes-da-Marechal-ft-ney-silva-acorda-cidade2-768x536.webp",640,447,true],"large":["https:\/\/noticiasbahia360.com.br\/wp-content\/uploads\/2025\/07\/7Vp2RASw-barracas-feirantes-da-Marechal-ft-ney-silva-acorda-cidade2-1024x714.webp",640,446,true],"1536x1536":["https:\/\/noticiasbahia360.com.br\/wp-content\/uploads\/2025\/07\/7Vp2RASw-barracas-feirantes-da-Marechal-ft-ney-silva-acorda-cidade2.webp",1200,837,false],"2048x2048":["https:\/\/noticiasbahia360.com.br\/wp-content\/uploads\/2025\/07\/7Vp2RASw-barracas-feirantes-da-Marechal-ft-ney-silva-acorda-cidade2.webp",1200,837,false],"chromenews-featured":["https:\/\/noticiasbahia360.com.br\/wp-content\/uploads\/2025\/07\/7Vp2RASw-barracas-feirantes-da-Marechal-ft-ney-silva-acorda-cidade2-1024x714.webp",1024,714,true],"chromenews-large":["https:\/\/noticiasbahia360.com.br\/wp-content\/uploads\/2025\/07\/7Vp2RASw-barracas-feirantes-da-Marechal-ft-ney-silva-acorda-cidade2-825x575.webp",825,575,true],"chromenews-medium":["https:\/\/noticiasbahia360.com.br\/wp-content\/uploads\/2025\/07\/7Vp2RASw-barracas-feirantes-da-Marechal-ft-ney-silva-acorda-cidade2-590x410.webp",590,410,true]},"author_info":{"display_name":"noticiasbahia360.com.br","author_link":"https:\/\/noticiasbahia360.com.br\/?author=1"},"category_info":"<a href=\"https:\/\/noticiasbahia360.com.br\/?cat=8\" rel=\"category\">Bahia<\/a> <a href=\"https:\/\/noticiasbahia360.com.br\/?cat=9\" rel=\"category\">Brasil<\/a> <a href=\"https:\/\/noticiasbahia360.com.br\/?cat=6\" rel=\"category\">Feira de Santana<\/a> <a href=\"https:\/\/noticiasbahia360.com.br\/?cat=57\" rel=\"category\">Mundo<\/a> <a href=\"https:\/\/noticiasbahia360.com.br\/?cat=56\" rel=\"category\">Pol\u00edcia<\/a> <a href=\"https:\/\/noticiasbahia360.com.br\/?cat=10\" rel=\"category\">Pol\u00edtica<\/a>","tag_info":"Pol\u00edtica","comment_count":"0","_links":{"self":[{"href":"https:\/\/noticiasbahia360.com.br\/index.php?rest_route=\/wp\/v2\/posts\/94966","targetHints":{"allow":["GET"]}}],"collection":[{"href":"https:\/\/noticiasbahia360.com.br\/index.php?rest_route=\/wp\/v2\/posts"}],"about":[{"href":"https:\/\/noticiasbahia360.com.br\/index.php?rest_route=\/wp\/v2\/types\/post"}],"author":[{"embeddable":true,"href":"https:\/\/noticiasbahia360.com.br\/index.php?rest_route=\/wp\/v2\/users\/1"}],"replies":[{"embeddable":true,"href":"https:\/\/noticiasbahia360.com.br\/index.php?rest_route=%2Fwp%2Fv2%2Fcomments&post=94966"}],"version-history":[{"count":0,"href":"https:\/\/noticiasbahia360.com.br\/index.php?rest_route=\/wp\/v2\/posts\/94966\/revisions"}],"wp:featuredmedia":[{"embeddable":true,"href":"https:\/\/noticiasbahia360.com.br\/index.php?rest_route=\/wp\/v2\/media\/94967"}],"wp:attachment":[{"href":"https:\/\/noticiasbahia360.com.br\/index.php?rest_route=%2Fwp%2Fv2%2Fmedia&parent=94966"}],"wp:term":[{"taxonomy":"category","embeddable":true,"href":"https:\/\/noticiasbahia360.com.br\/index.php?rest_route=%2Fwp%2Fv2%2Fcategories&post=94966"},{"taxonomy":"post_tag","embeddable":true,"href":"https:\/\/noticiasbahia360.com.br\/index.php?rest_route=%2Fwp%2Fv2%2Ftags&post=94966"}],"curies":[{"name":"wp","href":"https:\/\/api.w.org\/{rel}","templated":true}]}}