{"id":94971,"date":"2025-07-28T20:22:03","date_gmt":"2025-07-28T23:22:03","guid":{"rendered":"https:\/\/noticiasbahia360.com.br\/?p=94971"},"modified":"2025-07-28T20:22:03","modified_gmt":"2025-07-28T23:22:03","slug":"jacare-e-resgatado-e-encontrado-em-metro-de-salvador","status":"publish","type":"post","link":"https:\/\/noticiasbahia360.com.br\/?p=94971","title":{"rendered":"Jacar\u00e9 \u00e9 resgatado \u00e9 encontrado em metr\u00f4 de Salvador"},"content":{"rendered":"<div>\n<div>\n<figure><img decoding=\"async\" src=\"http:\/\/noticiasbahia360.com.br\/wp-content\/uploads\/2025\/07\/Jacare-metro-fotoDCS.jpeg\" alt=\"Jacar\u00e9\"><figcaption>Foto: DCS<\/figcaption><\/figure>\n<\/div>\n<p>Uma equipe da Companhia Independente de Pol\u00edcia de Prote\u00e7\u00e3o Ambiental (Coppa) resgatou um filhote de jacar\u00e9, na manh\u00e3 desta segunda-feira (28), em Piraj\u00e1.<\/p>\n<p>Os policiais militares foram acionados para averiguar a informa\u00e7\u00e3o de que o animal havia sido encontrado nas depend\u00eancias da esta\u00e7\u00e3o de metr\u00f4. Ao chegarem, os agentes constataram o fato e, com um cuidadoso manejo que visava \u00e0 preserva\u00e7\u00e3o da integridade f\u00edsica do r\u00e9ptil, conseguiram imobilizar e resgatar o jacar\u00e9.<\/p>\n<p>\u201cO animal foi encaminhado ao Centro de Triagem de Animais Silvestres (Cetas), conforme preconiza a legisla\u00e7\u00e3o ambiental, onde permaneceu para cuidados\u201d, destacou a major \u00c9rica Patr\u00edcia.<\/p>\n<p><em>Siga o Acorda Cidade no<\/em><a href=\"https:\/\/news.google.com\/search?q=acorda%20cidade&amp;hl=pt-BR&amp;gl=BR&amp;ceid=BR%3Apt-419\"><strong><em>\u00a0Google Not\u00edcias<\/em><\/strong><\/a><em>\u00a0e receba os principais destaques do dia. Participe tamb\u00e9m dos nossos canais no\u00a0<\/em><a href=\"https:\/\/www.whatsapp.com\/channel\/0029Va6Rb4v3WHTNnsh8WI3N\"><strong><em>WhatsApp<\/em><\/strong><\/a><em>\u00a0e\u00a0<\/em><a href=\"https:\/\/www.youtube.com\/@acordacidadenoticias\/videos\"><strong>Youtube<\/strong><\/a><em>\u00a0e grupo de\u00a0<\/em><a href=\"https:\/\/t.me\/+sSz0khrgARA0ZmRh\"><strong><em>Telegram<\/em><\/strong><\/a><em>.<\/em><\/p>\n<\/div>\n","protected":false},"excerpt":{"rendered":"<div>\n<div>\n<figure><img decoding=\"async\" src=\"https:\/\/uploads.acordacidade.com.br\/2025\/07\/Jacare-metro-fotoDCS.jpeg\" alt=\"Jacar\u00e9\"><figcaption>Foto: DCS<\/figcaption><\/figure>\n<\/div>\n<p>Uma equipe da Companhia Independente de Pol\u00edcia de Prote\u00e7\u00e3o Ambiental (Coppa) resgatou um filhote de jacar\u00e9, na manh\u00e3 desta segunda-feira (28), em Piraj\u00e1. Os policiais militares foram acionados para averiguar a informa\u00e7\u00e3o de que o animal havia sido encontrado nas depend\u00eancias da esta\u00e7\u00e3o de metr\u00f4. Ao chegarem, os agentes constataram o fato e, com um [\u2026]<\/p><\/div>\n","protected":false},"author":1,"featured_media":94972,"comment_status":"closed","ping_status":"closed","sticky":false,"template":"","format":"gallery","meta":{"footnotes":""},"categories":[8,9,6,57,56,10],"tags":[],"class_list":["post-94971","post","type-post","status-publish","format-gallery","has-post-thumbnail","hentry","category-bahia","category-brasil","category-feira-de-santana","category-mundo","category-policia","category-politica","post_format-post-format-gallery"],"featured_image_urls":{"full":["https:\/\/noticiasbahia360.com.br\/wp-content\/uploads\/2025\/07\/Jacare-metro-fotoDCS.jpeg",1280,960,false],"thumbnail":["https:\/\/noticiasbahia360.com.br\/wp-content\/uploads\/2025\/07\/Jacare-metro-fotoDCS-150x150.jpeg",150,150,true],"medium":["https:\/\/noticiasbahia360.com.br\/wp-content\/uploads\/2025\/07\/Jacare-metro-fotoDCS-300x225.jpeg",300,225,true],"medium_large":["https:\/\/noticiasbahia360.com.br\/wp-content\/uploads\/2025\/07\/Jacare-metro-fotoDCS-768x576.jpeg",640,480,true],"large":["https:\/\/noticiasbahia360.com.br\/wp-content\/uploads\/2025\/07\/Jacare-metro-fotoDCS-1024x768.jpeg",640,480,true],"1536x1536":["https:\/\/noticiasbahia360.com.br\/wp-content\/uploads\/2025\/07\/Jacare-metro-fotoDCS.jpeg",1280,960,false],"2048x2048":["https:\/\/noticiasbahia360.com.br\/wp-content\/uploads\/2025\/07\/Jacare-metro-fotoDCS.jpeg",1280,960,false],"chromenews-featured":["https:\/\/noticiasbahia360.com.br\/wp-content\/uploads\/2025\/07\/Jacare-metro-fotoDCS-1024x768.jpeg",1024,768,true],"chromenews-large":["https:\/\/noticiasbahia360.com.br\/wp-content\/uploads\/2025\/07\/Jacare-metro-fotoDCS-825x575.jpeg",825,575,true],"chromenews-medium":["https:\/\/noticiasbahia360.com.br\/wp-content\/uploads\/2025\/07\/Jacare-metro-fotoDCS-590x410.jpeg",590,410,true]},"author_info":{"display_name":"noticiasbahia360.com.br","author_link":"https:\/\/noticiasbahia360.com.br\/?author=1"},"category_info":"<a href=\"https:\/\/noticiasbahia360.com.br\/?cat=8\" rel=\"category\">Bahia<\/a> <a href=\"https:\/\/noticiasbahia360.com.br\/?cat=9\" rel=\"category\">Brasil<\/a> <a href=\"https:\/\/noticiasbahia360.com.br\/?cat=6\" rel=\"category\">Feira de Santana<\/a> <a href=\"https:\/\/noticiasbahia360.com.br\/?cat=57\" rel=\"category\">Mundo<\/a> <a href=\"https:\/\/noticiasbahia360.com.br\/?cat=56\" rel=\"category\">Pol\u00edcia<\/a> <a href=\"https:\/\/noticiasbahia360.com.br\/?cat=10\" rel=\"category\">Pol\u00edtica<\/a>","tag_info":"Pol\u00edtica","comment_count":"0","_links":{"self":[{"href":"https:\/\/noticiasbahia360.com.br\/index.php?rest_route=\/wp\/v2\/posts\/94971","targetHints":{"allow":["GET"]}}],"collection":[{"href":"https:\/\/noticiasbahia360.com.br\/index.php?rest_route=\/wp\/v2\/posts"}],"about":[{"href":"https:\/\/noticiasbahia360.com.br\/index.php?rest_route=\/wp\/v2\/types\/post"}],"author":[{"embeddable":true,"href":"https:\/\/noticiasbahia360.com.br\/index.php?rest_route=\/wp\/v2\/users\/1"}],"replies":[{"embeddable":true,"href":"https:\/\/noticiasbahia360.com.br\/index.php?rest_route=%2Fwp%2Fv2%2Fcomments&post=94971"}],"version-history":[{"count":0,"href":"https:\/\/noticiasbahia360.com.br\/index.php?rest_route=\/wp\/v2\/posts\/94971\/revisions"}],"wp:featuredmedia":[{"embeddable":true,"href":"https:\/\/noticiasbahia360.com.br\/index.php?rest_route=\/wp\/v2\/media\/94972"}],"wp:attachment":[{"href":"https:\/\/noticiasbahia360.com.br\/index.php?rest_route=%2Fwp%2Fv2%2Fmedia&parent=94971"}],"wp:term":[{"taxonomy":"category","embeddable":true,"href":"https:\/\/noticiasbahia360.com.br\/index.php?rest_route=%2Fwp%2Fv2%2Fcategories&post=94971"},{"taxonomy":"post_tag","embeddable":true,"href":"https:\/\/noticiasbahia360.com.br\/index.php?rest_route=%2Fwp%2Fv2%2Ftags&post=94971"}],"curies":[{"name":"wp","href":"https:\/\/api.w.org\/{rel}","templated":true}]}}