{"id":94973,"date":"2025-07-28T20:46:15","date_gmt":"2025-07-28T23:46:15","guid":{"rendered":"https:\/\/noticiasbahia360.com.br\/?p=94973"},"modified":"2025-07-28T20:46:15","modified_gmt":"2025-07-28T23:46:15","slug":"falso-sequestro-e-desvendado-em-salvador-casal-preso-por-extorsao-cobrou-r-20-mil-de-familiares","status":"publish","type":"post","link":"https:\/\/noticiasbahia360.com.br\/?p=94973","title":{"rendered":"Falso sequestro \u00e9 desvendado em Salvador; casal preso por extors\u00e3o cobrou R$ 20 mil de familiares"},"content":{"rendered":"<div>\n<div>\n<figure><img decoding=\"async\" src=\"http:\/\/noticiasbahia360.com.br\/wp-content\/uploads\/2025\/07\/foto-poliia-civil-casal-preso-por-falso-sequestro.jpg\" alt=\"Pol\u00edcia descobre falso sequestro\"><figcaption>Foto: Ilustrativa\/Pol\u00edcia Civil<\/figcaption><\/figure>\n<\/div>\n<p>Um casal foi autuado em flagrante pelos crimes de extors\u00e3o e falsifica\u00e7\u00e3o de documentos, ap\u00f3s tentar extorquir familiares por meio de uma falsa comunica\u00e7\u00e3o de sequestro, neste domingo (27), em Salvador. Na noite anterior, a Delegacia Especializada Antissequestro (DAS) tomou conhecimento do caso, ap\u00f3s a fam\u00edlia da suspeita denunciar uma extors\u00e3o mediante sequestro, na qual os supostos autores exigiam o pagamento de R$ 20 mil como resgate.<\/p>\n<p>Durante as apura\u00e7\u00f5es, uma equipe de negocia\u00e7\u00e3o da DAS iniciou dilig\u00eancias investigativas com o apoio da Coordena\u00e7\u00e3o de Intelig\u00eancia e de uma equipe de formaliza\u00e7\u00e3o do Departamento Especializado de Investiga\u00e7\u00e3o Criminal (Deic). Foi ent\u00e3o constatado que o caso se tratava, na verdade, de um autosequestro.<\/p>\n<p>As investiga\u00e7\u00f5es revelaram que a mulher, juntamente com um homem, estava hospedada em um hotel localizado no centro de Salvador. No local, os suspeitos foram encontrados em posse de materiais utilizados no crime, al\u00e9m de uma carteira de identidade falsa.<\/p>\n<p>Ambos foram conduzidos \u00e0 unidade policial, onde foi lavrado o auto de pris\u00e3o em flagrante pelos crimes descritos. Eles passaram por exames de corpo de delito e seguem custodiados, \u00e0 disposi\u00e7\u00e3o do Poder Judici\u00e1rio.<\/p>\n<p><em>Siga o Acorda Cidade no<\/em><a href=\"https:\/\/news.google.com\/search?q=acorda%20cidade&amp;hl=pt-BR&amp;gl=BR&amp;ceid=BR%3Apt-419\"><strong><em> Google Not\u00edcias<\/em><\/strong><\/a><em> e receba os principais destaques do dia. Participe tamb\u00e9m dos nossos canais no <\/em><a href=\"https:\/\/www.whatsapp.com\/channel\/0029Va6Rb4v3WHTNnsh8WI3N\"><strong><em>WhatsApp<\/em><\/strong><\/a><em> e <\/em><a href=\"https:\/\/www.youtube.com\/@acordacidadenoticias\/videos\"><strong>YouTube<\/strong><\/a><em> e grupo de <\/em><a href=\"https:\/\/t.me\/+sSz0khrgARA0ZmRh\"><strong><em>Telegram<\/em><\/strong><\/a><em>.<\/em><\/p>\n<\/div>\n","protected":false},"excerpt":{"rendered":"<div>\n<div>\n<figure><img decoding=\"async\" src=\"https:\/\/uploads.acordacidade.com.br\/2025\/07\/foto-poliia-civil-casal-preso-por-falso-sequestro.jpg\" alt=\"Pol\u00edcia descobre falso sequestro\"><figcaption>Foto: Ilustrativa\/Pol\u00edcia Civil<\/figcaption><\/figure>\n<\/div>\n<p>Um casal foi autuado em flagrante pelos crimes de extors\u00e3o e falsifica\u00e7\u00e3o de documentos, ap\u00f3s tentar extorquir familiares por meio de uma falsa comunica\u00e7\u00e3o de sequestro, neste domingo (27), em Salvador. Na noite anterior, a Delegacia Especializada Antissequestro (DAS) tomou conhecimento do caso, ap\u00f3s a fam\u00edlia da suspeita denunciar uma extors\u00e3o mediante sequestro, na qual [\u2026]<\/p><\/div>\n","protected":false},"author":1,"featured_media":94974,"comment_status":"closed","ping_status":"closed","sticky":false,"template":"","format":"gallery","meta":{"footnotes":""},"categories":[8,9,6,57,56,10],"tags":[],"class_list":["post-94973","post","type-post","status-publish","format-gallery","has-post-thumbnail","hentry","category-bahia","category-brasil","category-feira-de-santana","category-mundo","category-policia","category-politica","post_format-post-format-gallery"],"featured_image_urls":{"full":["https:\/\/noticiasbahia360.com.br\/wp-content\/uploads\/2025\/07\/foto-poliia-civil-casal-preso-por-falso-sequestro.jpg",1300,975,false],"thumbnail":["https:\/\/noticiasbahia360.com.br\/wp-content\/uploads\/2025\/07\/foto-poliia-civil-casal-preso-por-falso-sequestro-150x150.jpg",150,150,true],"medium":["https:\/\/noticiasbahia360.com.br\/wp-content\/uploads\/2025\/07\/foto-poliia-civil-casal-preso-por-falso-sequestro-300x225.jpg",300,225,true],"medium_large":["https:\/\/noticiasbahia360.com.br\/wp-content\/uploads\/2025\/07\/foto-poliia-civil-casal-preso-por-falso-sequestro-768x576.jpg",640,480,true],"large":["https:\/\/noticiasbahia360.com.br\/wp-content\/uploads\/2025\/07\/foto-poliia-civil-casal-preso-por-falso-sequestro-1024x768.jpg",640,480,true],"1536x1536":["https:\/\/noticiasbahia360.com.br\/wp-content\/uploads\/2025\/07\/foto-poliia-civil-casal-preso-por-falso-sequestro.jpg",1300,975,false],"2048x2048":["https:\/\/noticiasbahia360.com.br\/wp-content\/uploads\/2025\/07\/foto-poliia-civil-casal-preso-por-falso-sequestro.jpg",1300,975,false],"chromenews-featured":["https:\/\/noticiasbahia360.com.br\/wp-content\/uploads\/2025\/07\/foto-poliia-civil-casal-preso-por-falso-sequestro-1024x768.jpg",1024,768,true],"chromenews-large":["https:\/\/noticiasbahia360.com.br\/wp-content\/uploads\/2025\/07\/foto-poliia-civil-casal-preso-por-falso-sequestro-825x575.jpg",825,575,true],"chromenews-medium":["https:\/\/noticiasbahia360.com.br\/wp-content\/uploads\/2025\/07\/foto-poliia-civil-casal-preso-por-falso-sequestro-590x410.jpg",590,410,true]},"author_info":{"display_name":"noticiasbahia360.com.br","author_link":"https:\/\/noticiasbahia360.com.br\/?author=1"},"category_info":"<a href=\"https:\/\/noticiasbahia360.com.br\/?cat=8\" rel=\"category\">Bahia<\/a> <a href=\"https:\/\/noticiasbahia360.com.br\/?cat=9\" rel=\"category\">Brasil<\/a> <a href=\"https:\/\/noticiasbahia360.com.br\/?cat=6\" rel=\"category\">Feira de Santana<\/a> <a href=\"https:\/\/noticiasbahia360.com.br\/?cat=57\" rel=\"category\">Mundo<\/a> <a href=\"https:\/\/noticiasbahia360.com.br\/?cat=56\" rel=\"category\">Pol\u00edcia<\/a> <a href=\"https:\/\/noticiasbahia360.com.br\/?cat=10\" rel=\"category\">Pol\u00edtica<\/a>","tag_info":"Pol\u00edtica","comment_count":"0","_links":{"self":[{"href":"https:\/\/noticiasbahia360.com.br\/index.php?rest_route=\/wp\/v2\/posts\/94973","targetHints":{"allow":["GET"]}}],"collection":[{"href":"https:\/\/noticiasbahia360.com.br\/index.php?rest_route=\/wp\/v2\/posts"}],"about":[{"href":"https:\/\/noticiasbahia360.com.br\/index.php?rest_route=\/wp\/v2\/types\/post"}],"author":[{"embeddable":true,"href":"https:\/\/noticiasbahia360.com.br\/index.php?rest_route=\/wp\/v2\/users\/1"}],"replies":[{"embeddable":true,"href":"https:\/\/noticiasbahia360.com.br\/index.php?rest_route=%2Fwp%2Fv2%2Fcomments&post=94973"}],"version-history":[{"count":0,"href":"https:\/\/noticiasbahia360.com.br\/index.php?rest_route=\/wp\/v2\/posts\/94973\/revisions"}],"wp:featuredmedia":[{"embeddable":true,"href":"https:\/\/noticiasbahia360.com.br\/index.php?rest_route=\/wp\/v2\/media\/94974"}],"wp:attachment":[{"href":"https:\/\/noticiasbahia360.com.br\/index.php?rest_route=%2Fwp%2Fv2%2Fmedia&parent=94973"}],"wp:term":[{"taxonomy":"category","embeddable":true,"href":"https:\/\/noticiasbahia360.com.br\/index.php?rest_route=%2Fwp%2Fv2%2Fcategories&post=94973"},{"taxonomy":"post_tag","embeddable":true,"href":"https:\/\/noticiasbahia360.com.br\/index.php?rest_route=%2Fwp%2Fv2%2Ftags&post=94973"}],"curies":[{"name":"wp","href":"https:\/\/api.w.org\/{rel}","templated":true}]}}